{"id":9869,"date":"2024-01-01T23:30:00","date_gmt":"2024-01-01T22:30:00","guid":{"rendered":"https:\/\/pracowniczademokracja.org\/?p=9869"},"modified":"2024-01-10T23:39:32","modified_gmt":"2024-01-10T22:39:32","slug":"walka-z-drozyzna-strajki-i-protesty-w-polsce-15","status":"publish","type":"post","link":"https:\/\/pracowniczademokracja.org\/?p=9869","title":{"rendered":"Walka z dro\u017cyzn\u0105 \u2013 strajki i protesty w Polsce"},"content":{"rendered":"\n<p style=\"font-size:16.1px\"><strong>Kaufland \u2013 ca\u0142a Polska<\/strong><br><strong>Strajk ostrzegawczy<\/strong><\/p>\n\n\n\n<div class=\"wp-block-image\"><figure class=\"aligncenter size-large is-resized\"><img loading=\"lazy\" decoding=\"async\" src=\"https:\/\/pracowniczademokracja.org\/wp-content\/uploads\/2024\/01\/bilgoraj.kaufland.30.12.2023.jpg\" alt=\"Strajk w Kauflandzie (Bi\u0142goraj)\" class=\"wp-image-9870\" width=\"475\" height=\"272\" srcset=\"https:\/\/pracowniczademokracja.org\/wp-content\/uploads\/2024\/01\/bilgoraj.kaufland.30.12.2023.jpg 750w, https:\/\/pracowniczademokracja.org\/wp-content\/uploads\/2024\/01\/bilgoraj.kaufland.30.12.2023-300x172.jpg 300w, https:\/\/pracowniczademokracja.org\/wp-content\/uploads\/2024\/01\/bilgoraj.kaufland.30.12.2023-150x86.jpg 150w\" sizes=\"auto, (max-width: 475px) 100vw, 475px\" \/><\/figure><\/div>\n\n\n\n<p><strong>W wielu sklepach sieci Kaufland w Polsce 30 grudnia odby\u0142y si\u0119 strajki ostrzegawcze.<\/strong><\/p>\n\n\n\n<p><strong>Mimo pr\u00f3b zastraszania przez kierownik\u00f3w i ok\u0142amywania przez zarz\u0105d, \u017ce strajk jest nielegalny, przez dwie godziny pracownice i pracownicy zaprzestali wykonywania swoich zada\u0144 i gromadzili si\u0119 w grupach na terenie plac\u00f3wek handlowych lub przed nimi.<\/strong><\/p>\n\n\n\n<p>W r\u0119kach wielu strajkuj\u0105cych by\u0142y odr\u0119cznie przygotowane kartki z r\u00f3\u017cnymi has\u0142ami, na przyk\u0142ad: \u201eDrodzy klienci przepraszamy za utrudnienia, mamy p\u0142ace do podwy\u017cszenia\u201d. Tak by\u0142o we Wroc\u0142awiu, Skierniewicach, Pszczynie, I\u0142awie, \u017baganiu, Warszawie i innych miastach.<\/p>\n\n\n\n<p>W Bi\u0142goraju mened\u017cerka nie pozwoli\u0142a strajkuj\u0105cym pracownicom wyj\u015b\u0107 przed sklep i zabrania\u0142a strajkowa\u0107, jednak protest si\u0119 odby\u0142. W Warszawie w markecie na Bia\u0142o\u0142\u0119ce prac\u0119 przerwa\u0142o 100 proc. za\u0142ogi.<\/p>\n\n\n\n<p>By sklepy dzia\u0142a\u0142y, w kasach musieli usi\u0105\u015b\u0107 mened\u017cerowie i osobi\u015bcie obs\u0142ugiwa\u0107 klient\u00f3w. Doskona\u0142y dow\u00f3d na to, \u017ce pracownice i pracownicy s\u0105 niezb\u0119dni, \u017ceby sklepy mog\u0142y funkcjonowa\u0107, zatem nale\u017cy im dobrze za t\u0119 prac\u0119 p\u0142aci\u0107.<\/p>\n\n\n\n<p>Do protestu wezwa\u0142a Mi\u0119dzyzak\u0142adowa Organizacja OPZZ Konfederacja Pracy, kt\u00f3ra pozostaje z pracodawc\u0105 w sporze zbiorowym, obecnie w fazie mediacji. Zwi\u0105zkowcy domagaj\u0105 si\u0119 wzrostu wynagrodze\u0144 o 1200 z\u0142, zmniejszenia obci\u0105\u017cenia prac\u0105 (czyli zwi\u0119kszenia zatrudnienia), odpisu na Zak\u0142adowy Fundusz \u015awiadcze\u0144 Socjalnych w wysoko\u015bci ustawowej iwyp\u0142acenia rekompensat dla kobiet dyskryminowanych p\u0142acowo po urlopach macierzy\u0144skich.<\/p>\n\n\n\n<p>Zwi\u0105zkowcy ju\u017c zapowiedzieli, \u017ce je\u015bli pracodawca nie b\u0119dzie chcia\u0142 doj\u015b\u0107 do porozumienia, zwi\u0105zek zorganizuje referendum strajkowe w ca\u0142ej sieci Kaufland. Wtedy mo\u017ce doj\u015b\u0107 do bezterminowego strajku generalnego.<\/p>\n\n\n\n<hr class=\"wp-block-separator\"\/>\n\n\n\n<p style=\"font-size:16.1px\"><strong>Pomoc spo\u0142eczna \u2013 Bielsko-Bia\u0142a<\/strong><br><strong>Oflagowanie budynk\u00f3w<\/strong><\/p>\n\n\n\n<p><strong>W Domu Pomocy Spo\u0142ecznej dzia\u0142aj\u0105cym w Bielski Bia\u0142ej i w dw\u00f3ch innych plac\u00f3wkach prowadzonych przez miasto 19 grudnia rozpocz\u0105\u0142 si\u0119 protest polegaj\u0105cy na oflagowaniu budynk\u00f3w. Protest prowadzi NSZZ \u201eSolidarno\u015b\u0107\u201d. Zwi\u0105zek domaga si\u0119 podwy\u017cek p\u0142ac dla pracownik\u00f3w w kwocie 1500 z\u0142, p\u0142atnych od listopada 2023 r.<\/strong><\/p>\n\n\n\n<p>W\u0142adze miasta zapowiadaj\u0105 podwy\u017cki, jednak nie w takiej wysoko\u015bci, jakiej chc\u0105 zwi\u0105zkowcy, w dodatku p\u0142atne dopiero od 1 stycznia 2024. St\u0105d decyzja o akcji protestacyjnej. Ponadto w jednej z plac\u00f3wek zwi\u0105zkowcy przygotowuj\u0105 te\u017c referendum strajkowe.<\/p>\n\n\n\n<hr class=\"wp-block-separator\"\/>\n\n\n\n<p style=\"font-size:16.1px\"><strong>Pracownicy samorz\u0105dowi \u2013 Rybnik<\/strong><br><strong>Zako\u0144czenie sporu zbiorowego, b\u0119d\u0105 podwy\u017cki<\/strong><\/p>\n\n\n\n<p><strong>NSZZ \u201eSolidarno\u015b\u0107\u201d Pracownik\u00f3w S\u0142u\u017cb Publicznych Miasta Rybnika i Powiatu Rybnickiego wywalczy\u0142 podwy\u017cki wynagrodze\u0144 dla oko\u0142o dw\u00f3ch tysi\u0119cy pracownik\u00f3w samorz\u0105dowych, instytucji kultury i s\u0142u\u017cb publicznych. Ich zarobki maja wzrosn\u0105\u0107 o 700 z\u0142 brutto od stycznia 2024.<\/strong><\/p>\n\n\n\n<p>Walka trwa\u0142a wiele miesi\u0119cy. Od wrze\u015bnia zwi\u0105zek pozostawa\u0142 w sporze zbiorowym z w\u0142adzami miasta.<\/p>\n\n\n\n<hr class=\"wp-block-separator\"\/>\n\n\n\n<p style=\"font-size:16.1px\"><strong>PKP Cargo \u2013 Warszawa<\/strong><br><strong>Sp\u00f3r zbiorowy w sprawie podwy\u017cek<\/strong><\/p>\n\n\n\n<p><strong>Organizacje Zwi\u0105zkowe dzia\u0142aj\u0105ce w PKP Cargo rozpocz\u0119\u0142y sp\u00f3r zbiorowy z pracodawc\u0105.<\/strong><\/p>\n\n\n\n<p>Zwi\u0105zki za\u017c\u0105da\u0142y wprowadzenia podwy\u017cek p\u0142ac od 1 pa\u017adziernika 2023 r. Postulat ten nie zosta\u0142 jednak spe\u0142niony przez zarz\u0105d sp\u00f3\u0142ki, dlatego zapad\u0142a decyzja o przej\u015bciu do kolejnego etapu walki, czyli sporu zbiorowego.<\/p>\n\n\n\n<p>Bior\u0105 w nim udzia\u0142 organizacje zrzeszaj\u0105ce maszynist\u00f3w, rewident\u00f3w taboru, pracownik\u00f3w warsztatowych, dy\u017curnych ruchu PKP, dyspozytor\u00f3w i pracownik\u00f3w administracji, a tak\u017ce Mi\u0119dzyzak\u0142adowa Komisja Zwi\u0105zkowa Zwi\u0105zku Zawodowego \u201eKontra\u201d.<\/p>\n\n\n\n<hr class=\"wp-block-separator\"\/>\n\n\n\n<p style=\"font-size:16.1px\"><strong>G\u0142\u00f3wny Inspektorat Transportu Drogowego \u2013 Warszawa<\/strong><br><strong>Strajk w\u0142oski<\/strong><\/p>\n\n\n\n<p><strong>OZ NSZZ Solidarno\u015b\u0107 w G\u0142\u00f3wnym Inspektoracie Transportu Drogowego zapowiedzia\u0142a 13 grudnia rozpocz\u0119cie strajku w\u0142oskiego. Zwi\u0105zek domaga si\u0119 podwy\u017cek dla pracownik\u00f3w w wysoko\u015bci 1500 z\u0142otych, wprowadzenia tysi\u0105cz\u0142otowego dodatku inspekcyjnego i podniesienia warto\u015bci bon\u00f3w \u017cywieniowych.<\/strong><\/p>\n\n\n\n<p>Strajk w\u0142oski oznacza wyj\u0105tkowo skrupulatne wykonywanie obowi\u0105zk\u00f3w s\u0142u\u017cbowych, po\u0142\u0105czone z wykorzystywaniem wszystkich regulaminowych przerw.<\/p>\n\n\n\n<hr class=\"wp-block-separator\"\/>\n\n\n\n<p style=\"font-size:16.1px\"><strong>W\u0119glokoks \u2013 Katowice<\/strong><br><strong>Protest w obronie miejsc pracy<\/strong><\/p>\n\n\n\n<p><strong>Trzydziestu zwi\u0105zkowc\u00f3w z Huty Pok\u00f3j zablokowa\u0142o 6 grudnia siedzib\u0119 W\u0119glokoksu mieszcz\u0105c\u0105 si\u0119 w Katowicach.<\/strong><\/p>\n\n\n\n<p>By\u0142 to protest przeciwko z\u0142emu zarz\u0105dzaniu sp\u00f3\u0142k\u0105, brakowi inwestycji w ni\u0105, czego konsekwencj\u0105 mo\u017ce by\u0107 utrata mo\u017cliwo\u015bci jej dalszego funkcjonowania. Blokuj\u0105cy \u017c\u0105dali od zarz\u0105du podj\u0119cia natychmiastowych decyzji niezb\u0119dnych do tego, by zak\u0142ad m\u00f3g\u0142 dzia\u0142a\u0107, a jego za\u0142oga pracowa\u0107 i otrzymywa\u0107 godziwe wynagrodzenie.<\/p>\n\n\n\n<hr class=\"wp-block-separator\"\/>\n\n\n\n<p style=\"font-size:16.1px\"><strong>Muzeum Ziemi PAN \u2013 Warszawa<\/strong><br><strong>Nie \u2013 likwidacji muzeum<\/strong><\/p>\n\n\n\n<p><strong>W Warszawie, 7 grudnia, w czasie Zgromadzenia Og\u00f3lnego PAN, odby\u0142a si\u0119 pikieta protestacyjna pracownik\u00f3w Muzeum Ziemi PAN, sprzeciwiaj\u0105cych si\u0119 planom w\u0142adz Polskiej Akademii Nauk chc\u0105cych zlikwidowa\u0107 t\u0119 plac\u00f3wk\u0119 muzealn\u0105 pod pozorem jej restrukturyzacji.<\/strong><\/p>\n\n\n\n<p>Latem 2023 roku PAN rozpocz\u0119\u0142a dzia\u0142ania w celu likwidacji Muzeum Ziemi. Mia\u0142o ono zako\u0144czy\u0107 swoj\u0105 dzia\u0142alno\u015b\u0107 z ko\u0144cem 2023 roku.<\/p>\n\n\n\n<p>I cho\u0107 nie by\u0142o formalnej opinii MEiN w sprawie tej likwidacji, w listopadzie 2023 roku, prezes PAN podj\u0105\u0142 decyzj\u0119 o restrukturyzacji jednostki i o zwolnieniu 65 proc. za\u0142ogi<\/p>\n\n\n\n<p>w pierwszym p\u00f3\u0142roczu 2024 oraz zawieszeniu dzia\u0142alno\u015bci Muzeum Ziemi w 2024 roku. Zakaza\u0142 m.in. realizacji wystaw i dzia\u0142alno\u015bci edukacyjnej.<\/p>\n\n\n\n<p>W\u0142adze PAN planuj\u0105 sprzeda\u017c siedziby muzeum. S\u0105 to dwie zabytkowe wille z przyleg\u0142ym terenem ekspozycyjnym na terenach parkowych w samym centrum Warszawy. To miejsce z bogat\u0105 histori\u0105, dost\u0119pne dla turyst\u00f3w, spacerowicz\u00f3w i zwyk\u0142ych przechodni\u00f3w. Oddanie ich w prywatne r\u0119ce jest kolejnym zaw\u0142aszczaniem przez prywatyzacj\u0119 wsp\u00f3lnych teren\u00f3w miejskich.<\/p>\n\n\n\n<hr class=\"wp-block-separator\"\/>\n\n\n\n<p style=\"font-size:16.1px\"><strong>ArcelorMittal Tubular Products \u2013 Krak\u00f3w<\/strong><br><strong>Zwi\u0105zkowcy zapowiadaj\u0105 protesty w obronie miejsc pracy<\/strong><\/p>\n\n\n\n<p><strong>Zwi\u0105zkowcy z NSZZ \u201eSolidarno\u015b\u0107\u201d og\u0142aszaj\u0105 pogotowie strajkowe i zapowiadaj\u0105 inne akcje w zwi\u0105zku z planami zarz\u0105du firmy wygaszenia linii produkcyjnych i przeniesienia produkcji do Karwiny w Czechach.<\/strong><\/p>\n\n\n\n<p>Produkcja w Krakowie ma si\u0119 zako\u0144czy\u0107 wraz z pierwszym kwarta\u0142em 2024 roku. Przez to prac\u0119 straci\u0107 ma 130 os\u00f3b.<\/p>\n\n\n\n<hr class=\"wp-block-separator\"\/>\n\n\n\n<p style=\"font-size:16.1px\"><strong>Rafako \u2013 Racib\u00f3rz<\/strong><br><strong>Obrona miejsc pracy<\/strong><\/p>\n\n\n\n<p><strong>Niezale\u017cny Samorz\u0105dny Zwi\u0105zek Zawodowy Pracownik\u00f3w Rafako S.A. zorganizowa\u0142 na terenie zak\u0142adu 15 grudnia wiec w obronie firmy, kt\u00f3rej grozi upad\u0142o\u015b\u0107 z powodu zad\u0142u\u017cenia. <\/strong>Pracownicy \u017c\u0105daj\u0105 podj\u0119cia dzia\u0142a\u0144, kt\u00f3re spowoduj\u0105, \u017ce nie pozostan\u0105 bez pracy.<\/p>\n\n\n\n<hr class=\"wp-block-separator\"\/>\n\n\n\n<p style=\"font-size:16.1px\"><strong>Huta Sendzimira \u2013 Krak\u00f3w Nowa Huta<\/strong><br><strong>Pracownicy boj\u0105 si\u0119 zwolnie\u0144 i protestuj\u0105<\/strong><\/p>\n\n\n\n<p><strong>Na 14 grudnia zwi\u0105zki dzia\u0142aj\u0105ce w ArcelorMittal Poland zwo\u0142a\u0142y marsz protestu. To odpowied\u017a na decyzj\u0119 szefostwa o ograniczeniu produkcji w zwi\u0105zku z remontem baterii koksowniczych.<\/strong><\/p>\n\n\n\n<p>Pracownicy obawiaj\u0105 si\u0119, \u017ce jest to tylko wst\u0119p do ca\u0142kowitego zamkni\u0119cia zak\u0142adu i zwolnienia za\u0142ogi.<\/p>\n\n\n\n<p>Na marszu domagano si\u0119 szybkiego zako\u0144czenia remontu i przywr\u00f3cenia normalnej produkcji w hucie.<\/p>\n\n\n\n<hr class=\"wp-block-separator\"\/>\n\n\n\n<p style=\"font-size:16.1px\"><strong>KGHM \u2013 Lubin<\/strong><br><strong>Pikieta przed bram\u0105 centrali sp\u00f3\u0142ki<\/strong><\/p>\n\n\n\n<p><strong>Oko\u0142o 150 zwi\u0105zkowc\u00f3w, g\u0142\u00f3wnie z NSZZ \u201eSolidarno\u015b\u0107\u201d ZG Rudna i Mi\u0119dzyzak\u0142adowego Zwi\u0105zku Zawodowego Pracownik\u00f3w Do\u0142owych przy ZG Rudna, pikietowa\u0142o 13 grudnia przed bram\u0105 centrali sp\u00f3\u0142ki KGHM w Lubinie.<\/strong><\/p>\n\n\n\n<p>Pracownicy domagali si\u0119 mi\u0119dzy innymi zmian w uk\u0142adzie zbiorowym pracy, zmiany sposobu naliczania zysk\u00f3w, nieprzymuszania do pracy w soboty i niedziele,<\/p>\n\n\n\n<p>\u017b\u0105dano tak\u017ce zwi\u0119kszenia funduszy na inwestycje w zakresie poprawy warunk\u00f3w klimatycznych pod ziemi\u0105.<\/p>\n\n\n\n<p class=\"has-text-align-right\"><strong>Joanna Puszwacka<\/strong><\/p>\n","protected":false},"excerpt":{"rendered":"<p>Kaufland \u2013 ca\u0142a PolskaStrajk ostrzegawczy W wielu sklepach sieci Kaufland w Polsce 30 grudnia odby\u0142y si\u0119 strajki ostrzegawcze. Mimo pr\u00f3b zastraszania przez kierownik\u00f3w i ok\u0142amywania przez zarz\u0105d, \u017ce strajk jest nielegalny, przez dwie godziny pracownice i pracownicy zaprzestali wykonywania swoich zada\u0144 i gromadzili si\u0119 w grupach na terenie plac\u00f3wek handlowych lub przed nimi. W r\u0119kach [&hellip;]<\/p>\n","protected":false},"author":1,"featured_media":9870,"comment_status":"closed","ping_status":"closed","sticky":false,"template":"","format":"standard","meta":{"footnotes":""},"categories":[282,284],"tags":[97],"class_list":["post-9869","post","type-post","status-publish","format-standard","has-post-thumbnail","hentry","category-gazeta-styczen-2024","category-gazeta-styczen-2024-2cd","tag-featured"],"yoast_head":"<!-- This site is optimized with the Yoast SEO plugin v26.7 - https:\/\/yoast.com\/wordpress\/plugins\/seo\/ -->\n<title>Walka z dro\u017cyzn\u0105 \u2013 strajki i protesty w Polsce - Pracownicza Demokracja<\/title>\n<meta name=\"robots\" content=\"index, follow, max-snippet:-1, max-image-preview:large, max-video-preview:-1\" \/>\n<link rel=\"canonical\" href=\"https:\/\/pracowniczademokracja.org\/?p=9869\" \/>\n<meta property=\"og:locale\" content=\"pl_PL\" \/>\n<meta property=\"og:type\" content=\"article\" \/>\n<meta property=\"og:title\" content=\"Walka z dro\u017cyzn\u0105 \u2013 strajki i protesty w Polsce - Pracownicza Demokracja\" \/>\n<meta property=\"og:description\" content=\"Kaufland \u2013 ca\u0142a PolskaStrajk ostrzegawczy W wielu sklepach sieci Kaufland w Polsce 30 grudnia odby\u0142y si\u0119 strajki ostrzegawcze. Mimo pr\u00f3b zastraszania przez kierownik\u00f3w i ok\u0142amywania przez zarz\u0105d, \u017ce strajk jest nielegalny, przez dwie godziny pracownice i pracownicy zaprzestali wykonywania swoich zada\u0144 i gromadzili si\u0119 w grupach na terenie plac\u00f3wek handlowych lub przed nimi. W r\u0119kach [&hellip;]\" \/>\n<meta property=\"og:url\" content=\"https:\/\/pracowniczademokracja.org\/?p=9869\" \/>\n<meta property=\"og:site_name\" content=\"Pracownicza Demokracja\" \/>\n<meta property=\"article:published_time\" content=\"2024-01-01T22:30:00+00:00\" \/>\n<meta property=\"article:modified_time\" content=\"2024-01-10T22:39:32+00:00\" \/>\n<meta property=\"og:image\" content=\"https:\/\/pracowniczademokracja.org\/wp-content\/uploads\/2024\/01\/bilgoraj.kaufland.30.12.2023.jpg\" \/>\n\t<meta property=\"og:image:width\" content=\"750\" \/>\n\t<meta property=\"og:image:height\" content=\"430\" \/>\n\t<meta property=\"og:image:type\" content=\"image\/jpeg\" \/>\n<meta name=\"author\" content=\".\" \/>\n<meta name=\"twitter:card\" content=\"summary_large_image\" \/>\n<meta name=\"twitter:label1\" content=\"Napisane przez\" \/>\n\t<meta name=\"twitter:data1\" content=\".\" \/>\n\t<meta name=\"twitter:label2\" content=\"Szacowany czas czytania\" \/>\n\t<meta name=\"twitter:data2\" content=\"6 minut\" \/>\n<script type=\"application\/ld+json\" class=\"yoast-schema-graph\">{\"@context\":\"https:\/\/schema.org\",\"@graph\":[{\"@type\":\"Article\",\"@id\":\"https:\/\/pracowniczademokracja.org\/?p=9869#article\",\"isPartOf\":{\"@id\":\"https:\/\/pracowniczademokracja.org\/?p=9869\"},\"author\":{\"name\":\".\",\"@id\":\"https:\/\/pracowniczademokracja.org\/#\/schema\/person\/111010f0277257eac5a64dace1cd1ad8\"},\"headline\":\"Walka z dro\u017cyzn\u0105 \u2013 strajki i protesty w Polsce\",\"datePublished\":\"2024-01-01T22:30:00+00:00\",\"dateModified\":\"2024-01-10T22:39:32+00:00\",\"mainEntityOfPage\":{\"@id\":\"https:\/\/pracowniczademokracja.org\/?p=9869\"},\"wordCount\":1190,\"image\":{\"@id\":\"https:\/\/pracowniczademokracja.org\/?p=9869#primaryimage\"},\"thumbnailUrl\":\"https:\/\/pracowniczademokracja.org\/wp-content\/uploads\/2024\/01\/bilgoraj.kaufland.30.12.2023.jpg\",\"keywords\":[\"Featured\"],\"articleSection\":[\"Gazeta - stycze\u0144 2024\",\"Gazeta - stycze\u0144 2024 - 2cd.\"],\"inLanguage\":\"pl-PL\"},{\"@type\":\"WebPage\",\"@id\":\"https:\/\/pracowniczademokracja.org\/?p=9869\",\"url\":\"https:\/\/pracowniczademokracja.org\/?p=9869\",\"name\":\"Walka z dro\u017cyzn\u0105 \u2013 strajki i protesty w Polsce - Pracownicza Demokracja\",\"isPartOf\":{\"@id\":\"https:\/\/pracowniczademokracja.org\/#website\"},\"primaryImageOfPage\":{\"@id\":\"https:\/\/pracowniczademokracja.org\/?p=9869#primaryimage\"},\"image\":{\"@id\":\"https:\/\/pracowniczademokracja.org\/?p=9869#primaryimage\"},\"thumbnailUrl\":\"https:\/\/pracowniczademokracja.org\/wp-content\/uploads\/2024\/01\/bilgoraj.kaufland.30.12.2023.jpg\",\"datePublished\":\"2024-01-01T22:30:00+00:00\",\"dateModified\":\"2024-01-10T22:39:32+00:00\",\"author\":{\"@id\":\"https:\/\/pracowniczademokracja.org\/#\/schema\/person\/111010f0277257eac5a64dace1cd1ad8\"},\"breadcrumb\":{\"@id\":\"https:\/\/pracowniczademokracja.org\/?p=9869#breadcrumb\"},\"inLanguage\":\"pl-PL\",\"potentialAction\":[{\"@type\":\"ReadAction\",\"target\":[\"https:\/\/pracowniczademokracja.org\/?p=9869\"]}]},{\"@type\":\"ImageObject\",\"inLanguage\":\"pl-PL\",\"@id\":\"https:\/\/pracowniczademokracja.org\/?p=9869#primaryimage\",\"url\":\"https:\/\/pracowniczademokracja.org\/wp-content\/uploads\/2024\/01\/bilgoraj.kaufland.30.12.2023.jpg\",\"contentUrl\":\"https:\/\/pracowniczademokracja.org\/wp-content\/uploads\/2024\/01\/bilgoraj.kaufland.30.12.2023.jpg\",\"width\":750,\"height\":430},{\"@type\":\"BreadcrumbList\",\"@id\":\"https:\/\/pracowniczademokracja.org\/?p=9869#breadcrumb\",\"itemListElement\":[{\"@type\":\"ListItem\",\"position\":1,\"name\":\"Strona g\u0142\u00f3wna\",\"item\":\"https:\/\/pracowniczademokracja.org\/\"},{\"@type\":\"ListItem\",\"position\":2,\"name\":\"Walka z dro\u017cyzn\u0105 \u2013 strajki i protesty w Polsce\"}]},{\"@type\":\"WebSite\",\"@id\":\"https:\/\/pracowniczademokracja.org\/#website\",\"url\":\"https:\/\/pracowniczademokracja.org\/\",\"name\":\"Pracownicza Demokracja\",\"description\":\"\",\"potentialAction\":[{\"@type\":\"SearchAction\",\"target\":{\"@type\":\"EntryPoint\",\"urlTemplate\":\"https:\/\/pracowniczademokracja.org\/?s={search_term_string}\"},\"query-input\":{\"@type\":\"PropertyValueSpecification\",\"valueRequired\":true,\"valueName\":\"search_term_string\"}}],\"inLanguage\":\"pl-PL\"},{\"@type\":\"Person\",\"@id\":\"https:\/\/pracowniczademokracja.org\/#\/schema\/person\/111010f0277257eac5a64dace1cd1ad8\",\"name\":\".\",\"url\":\"https:\/\/pracowniczademokracja.org\/?author=1\"}]}<\/script>\n<!-- \/ Yoast SEO plugin. -->","yoast_head_json":{"title":"Walka z dro\u017cyzn\u0105 \u2013 strajki i protesty w Polsce - Pracownicza Demokracja","robots":{"index":"index","follow":"follow","max-snippet":"max-snippet:-1","max-image-preview":"max-image-preview:large","max-video-preview":"max-video-preview:-1"},"canonical":"https:\/\/pracowniczademokracja.org\/?p=9869","og_locale":"pl_PL","og_type":"article","og_title":"Walka z dro\u017cyzn\u0105 \u2013 strajki i protesty w Polsce - Pracownicza Demokracja","og_description":"Kaufland \u2013 ca\u0142a PolskaStrajk ostrzegawczy W wielu sklepach sieci Kaufland w Polsce 30 grudnia odby\u0142y si\u0119 strajki ostrzegawcze. Mimo pr\u00f3b zastraszania przez kierownik\u00f3w i ok\u0142amywania przez zarz\u0105d, \u017ce strajk jest nielegalny, przez dwie godziny pracownice i pracownicy zaprzestali wykonywania swoich zada\u0144 i gromadzili si\u0119 w grupach na terenie plac\u00f3wek handlowych lub przed nimi. W r\u0119kach [&hellip;]","og_url":"https:\/\/pracowniczademokracja.org\/?p=9869","og_site_name":"Pracownicza Demokracja","article_published_time":"2024-01-01T22:30:00+00:00","article_modified_time":"2024-01-10T22:39:32+00:00","og_image":[{"width":750,"height":430,"url":"https:\/\/pracowniczademokracja.org\/wp-content\/uploads\/2024\/01\/bilgoraj.kaufland.30.12.2023.jpg","type":"image\/jpeg"}],"author":".","twitter_card":"summary_large_image","twitter_misc":{"Napisane przez":".","Szacowany czas czytania":"6 minut"},"schema":{"@context":"https:\/\/schema.org","@graph":[{"@type":"Article","@id":"https:\/\/pracowniczademokracja.org\/?p=9869#article","isPartOf":{"@id":"https:\/\/pracowniczademokracja.org\/?p=9869"},"author":{"name":".","@id":"https:\/\/pracowniczademokracja.org\/#\/schema\/person\/111010f0277257eac5a64dace1cd1ad8"},"headline":"Walka z dro\u017cyzn\u0105 \u2013 strajki i protesty w Polsce","datePublished":"2024-01-01T22:30:00+00:00","dateModified":"2024-01-10T22:39:32+00:00","mainEntityOfPage":{"@id":"https:\/\/pracowniczademokracja.org\/?p=9869"},"wordCount":1190,"image":{"@id":"https:\/\/pracowniczademokracja.org\/?p=9869#primaryimage"},"thumbnailUrl":"https:\/\/pracowniczademokracja.org\/wp-content\/uploads\/2024\/01\/bilgoraj.kaufland.30.12.2023.jpg","keywords":["Featured"],"articleSection":["Gazeta - stycze\u0144 2024","Gazeta - stycze\u0144 2024 - 2cd."],"inLanguage":"pl-PL"},{"@type":"WebPage","@id":"https:\/\/pracowniczademokracja.org\/?p=9869","url":"https:\/\/pracowniczademokracja.org\/?p=9869","name":"Walka z dro\u017cyzn\u0105 \u2013 strajki i protesty w Polsce - Pracownicza Demokracja","isPartOf":{"@id":"https:\/\/pracowniczademokracja.org\/#website"},"primaryImageOfPage":{"@id":"https:\/\/pracowniczademokracja.org\/?p=9869#primaryimage"},"image":{"@id":"https:\/\/pracowniczademokracja.org\/?p=9869#primaryimage"},"thumbnailUrl":"https:\/\/pracowniczademokracja.org\/wp-content\/uploads\/2024\/01\/bilgoraj.kaufland.30.12.2023.jpg","datePublished":"2024-01-01T22:30:00+00:00","dateModified":"2024-01-10T22:39:32+00:00","author":{"@id":"https:\/\/pracowniczademokracja.org\/#\/schema\/person\/111010f0277257eac5a64dace1cd1ad8"},"breadcrumb":{"@id":"https:\/\/pracowniczademokracja.org\/?p=9869#breadcrumb"},"inLanguage":"pl-PL","potentialAction":[{"@type":"ReadAction","target":["https:\/\/pracowniczademokracja.org\/?p=9869"]}]},{"@type":"ImageObject","inLanguage":"pl-PL","@id":"https:\/\/pracowniczademokracja.org\/?p=9869#primaryimage","url":"https:\/\/pracowniczademokracja.org\/wp-content\/uploads\/2024\/01\/bilgoraj.kaufland.30.12.2023.jpg","contentUrl":"https:\/\/pracowniczademokracja.org\/wp-content\/uploads\/2024\/01\/bilgoraj.kaufland.30.12.2023.jpg","width":750,"height":430},{"@type":"BreadcrumbList","@id":"https:\/\/pracowniczademokracja.org\/?p=9869#breadcrumb","itemListElement":[{"@type":"ListItem","position":1,"name":"Strona g\u0142\u00f3wna","item":"https:\/\/pracowniczademokracja.org\/"},{"@type":"ListItem","position":2,"name":"Walka z dro\u017cyzn\u0105 \u2013 strajki i protesty w Polsce"}]},{"@type":"WebSite","@id":"https:\/\/pracowniczademokracja.org\/#website","url":"https:\/\/pracowniczademokracja.org\/","name":"Pracownicza Demokracja","description":"","potentialAction":[{"@type":"SearchAction","target":{"@type":"EntryPoint","urlTemplate":"https:\/\/pracowniczademokracja.org\/?s={search_term_string}"},"query-input":{"@type":"PropertyValueSpecification","valueRequired":true,"valueName":"search_term_string"}}],"inLanguage":"pl-PL"},{"@type":"Person","@id":"https:\/\/pracowniczademokracja.org\/#\/schema\/person\/111010f0277257eac5a64dace1cd1ad8","name":".","url":"https:\/\/pracowniczademokracja.org\/?author=1"}]}},"_links":{"self":[{"href":"https:\/\/pracowniczademokracja.org\/index.php?rest_route=\/wp\/v2\/posts\/9869","targetHints":{"allow":["GET"]}}],"collection":[{"href":"https:\/\/pracowniczademokracja.org\/index.php?rest_route=\/wp\/v2\/posts"}],"about":[{"href":"https:\/\/pracowniczademokracja.org\/index.php?rest_route=\/wp\/v2\/types\/post"}],"author":[{"embeddable":true,"href":"https:\/\/pracowniczademokracja.org\/index.php?rest_route=\/wp\/v2\/users\/1"}],"replies":[{"embeddable":true,"href":"https:\/\/pracowniczademokracja.org\/index.php?rest_route=%2Fwp%2Fv2%2Fcomments&post=9869"}],"version-history":[{"count":1,"href":"https:\/\/pracowniczademokracja.org\/index.php?rest_route=\/wp\/v2\/posts\/9869\/revisions"}],"predecessor-version":[{"id":9871,"href":"https:\/\/pracowniczademokracja.org\/index.php?rest_route=\/wp\/v2\/posts\/9869\/revisions\/9871"}],"wp:featuredmedia":[{"embeddable":true,"href":"https:\/\/pracowniczademokracja.org\/index.php?rest_route=\/wp\/v2\/media\/9870"}],"wp:attachment":[{"href":"https:\/\/pracowniczademokracja.org\/index.php?rest_route=%2Fwp%2Fv2%2Fmedia&parent=9869"}],"wp:term":[{"taxonomy":"category","embeddable":true,"href":"https:\/\/pracowniczademokracja.org\/index.php?rest_route=%2Fwp%2Fv2%2Fcategories&post=9869"},{"taxonomy":"post_tag","embeddable":true,"href":"https:\/\/pracowniczademokracja.org\/index.php?rest_route=%2Fwp%2Fv2%2Ftags&post=9869"}],"curies":[{"name":"wp","href":"https:\/\/api.w.org\/{rel}","templated":true}]}}