{"id":9574,"date":"2023-09-01T23:40:00","date_gmt":"2023-09-01T21:40:00","guid":{"rendered":"https:\/\/pracowniczademokracja.org\/?p=9574"},"modified":"2023-10-12T23:46:49","modified_gmt":"2023-10-12T21:46:49","slug":"o-demokratyczny-niger-pod-przywodztwem-pracowniczym","status":"publish","type":"post","link":"https:\/\/pracowniczademokracja.org\/?p=9574","title":{"rendered":"O demokratyczny Niger, pod przyw\u00f3dztwem pracowniczym"},"content":{"rendered":"\n<div class=\"wp-block-image\"><figure class=\"aligncenter size-large is-resized\"><img loading=\"lazy\" decoding=\"async\" src=\"https:\/\/pracowniczademokracja.org\/wp-content\/uploads\/2023\/09\/niger-pucz.wiec_.niedziela.6.sierpnia.2023-1024x576.jpg\" alt=\"06.08.23 Niamey, Niger.\" class=\"wp-image-9575\" width=\"475\" height=\"266\" srcset=\"https:\/\/pracowniczademokracja.org\/wp-content\/uploads\/2023\/09\/niger-pucz.wiec_.niedziela.6.sierpnia.2023-1024x576.jpg 1024w, https:\/\/pracowniczademokracja.org\/wp-content\/uploads\/2023\/09\/niger-pucz.wiec_.niedziela.6.sierpnia.2023-300x169.jpg 300w, https:\/\/pracowniczademokracja.org\/wp-content\/uploads\/2023\/09\/niger-pucz.wiec_.niedziela.6.sierpnia.2023-150x84.jpg 150w, https:\/\/pracowniczademokracja.org\/wp-content\/uploads\/2023\/09\/niger-pucz.wiec_.niedziela.6.sierpnia.2023-768x432.jpg 768w, https:\/\/pracowniczademokracja.org\/wp-content\/uploads\/2023\/09\/niger-pucz.wiec_.niedziela.6.sierpnia.2023.jpg 1365w\" sizes=\"auto, (max-width: 475px) 100vw, 475px\" \/><figcaption>06.08.23 Niamey, Niger<\/figcaption><\/figure><\/div>\n\n\n\n<p><strong>O\u015bwiadczenie SWL w sprawie zamachu stanu w Nigrze i reakcji ECOWAS<\/strong><\/p>\n\n\n\n<p>Socjalistyczna Liga Pracownicza [SWL \u2013 Socialist Workers League] jest g\u0142\u0119boko zaniepokojona obecn\u0105 sytuacj\u0105 w Republice Nigru. Jeste\u015bmy niezachwiani w naszym zaanga\u017cowaniu na rzecz pokoju i praw ludzi pracy w Nigrze do samostanowienia. Musimy jednak wyra\u017anie zaznaczy\u0107, \u017ce mieszka\u0144cy Nigru musz\u0105 sami wyzwoli\u0107 si\u0119 spod ucisku i imperializmu. \u017badna cz\u0119\u015b\u0107 klasy rz\u0105dz\u0105cej, czy to wojskowa, czy cywilna, nie mo\u017ce tego zrobi\u0107 za nich.<\/p>\n\n\n\n<p>Ponadto, bior\u0105c pod uwag\u0119 histori\u0119 genera\u0142a Abdourahaname Tchiani jako wieloletniego szefa stra\u017cy prezydenckiej w Nigrze, widzimy niewielk\u0105 r\u00f3\u017cnic\u0119 jako\u015bciow\u0105 mi\u0119dzy nim a prezydentem Mohammedem Bazoumem, kt\u00f3rego obali\u0142 26 lipca 2023 roku.<\/p>\n\n\n\n<p>Warto r\u00f3wnie\u017c zauwa\u017cy\u0107, \u017ce b\u0119dzie to czwarty wybrany rz\u0105d obalony przez \u017co\u0142nierzy w Afryce w czasie ostatnich trzech lat, co czyni Niger sz\u00f3stym krajem w Afryce Subsaharyjskiej znajduj\u0105cym si\u0119 obecnie pod rz\u0105dami junty wojskowej. Bior\u0105c pod uwag\u0119 histori\u0119 rz\u0105d\u00f3w wojskowych na kontynencie, nie oczekujemy, by cokolwiek dobrego wynik\u0142o z tej fali zamach\u00f3w stanu. Bez wzgl\u0119du na przeplataj\u0105ce si\u0119 sprzeczno\u015bci w rozwijaj\u0105cej si\u0119 sytuacji, SWL pot\u0119pia wi\u0119c zamach stanu w Nigrze.<\/p>\n\n\n\n<p>SWL odnotowuje interwencj\u0119 podj\u0119t\u0105 przez Wsp\u00f3lnot\u0119 Gospodarcz\u0105 Pa\u0144stw Afryki Zachodniej (ECOWAS), kierowan\u0105 obecnie przez prezydenta Nigerii Bol\u0119 Ahmeda Tinubu, kt\u00f3rego wyb\u00f3r na prezydenta Nigerii pozostaje bezprawny. Obejmuje ona sankcje, odci\u0119cie dostaw energii elektrycznej do Nigru i gro\u017ab\u0119 u\u017cycia si\u0142y, co mo\u017ce wywo\u0142a\u0107 wojn\u0119 regionaln\u0105, poniewa\u017c rz\u0105dy Burkina Faso, Gwinei i Mali obieca\u0142y wesprze\u0107 Niger w przypadku atak\u00f3w si\u0142 ECOWAS.<\/p>\n\n\n\n<p>\u015arodki te pog\u0142\u0119bi\u0105 trudno\u015bci, z jakimi boryka si\u0119 ludno\u015b\u0107 Nigru, kt\u00f3ra ju\u017c jest pogr\u0105\u017cona w ub\u00f3stwie z powodu skorumpowanego wzbogacania si\u0119 bogactwem kraju przez jego klas\u0119 rz\u0105dz\u0105c\u0105 i wyzysku kraju przez si\u0142y imperialistyczne, zw\u0142aszcza Francj\u0119, by\u0142ego kolonizatora, i Stany Zjednoczone. \u015arodki te nie odnios\u0105 si\u0119 r\u00f3wnie\u017c do pierwotnych przyczyn pora\u017cki rz\u0105du Bazouma, kt\u00f3ra utorowa\u0142a drog\u0119 do przej\u0119cia w\u0142adzy przez wojsko.<\/p>\n\n\n\n<p>Istnieje podstawowy b\u0142\u0105d w za\u0142o\u017ceniu, \u017ce wojskowy zamach stanu jest g\u0142\u00f3wn\u0105 przyczyn\u0105 niepowodzenia demokracji w kraju. W rzeczywisto\u015bci jest odwrotnie: pora\u017cka rz\u0105du cywilnego utorowa\u0142a drog\u0119 do przej\u0119cia w\u0142adzy przez wojsko. Rz\u0105d cywilny nie spe\u0142ni\u0142 swoich obietnic dotycz\u0105cych demokratyzacji polityki, rozwi\u0105zania problemu braku bezpiecze\u0144stwa i poprawy sytuacji ekonomicznej biednych Nigerczyk\u00f3w. To w\u0142a\u015bnie doprowadzi\u0142o do niezadowolenia i znalaz\u0142o odzwierciedlenie w powszechnym poparciu dla zamachu stanu. Sankcje gospodarcze lub interwencje wojskowe mog\u0105 nie mie\u0107 znacz\u0105cego wp\u0142ywu na przyw\u00f3dc\u00f3w zamachu stanu. Ale zaszkodz\u0105 biednym pracuj\u0105cym ludziom w Nigrze.<\/p>\n\n\n\n<p>Interwencja Tinubu\/ECOWAS nie ma niestety na celu obrony demokracji. Jest bardziej dostosowana do obrony interes\u00f3w Francji\/zachodnich mocarstw imperialistycznych. Kierowany przez Tinubu rz\u0105d w Nigerii zademonstrowa\u0142 ju\u017c swoje niewolnicze przyj\u0119cie neoliberalnej agendy zachodniego imperializmu poprzez seri\u0119 skierowanych przeciwko biednym dzia\u0142a\u0144 politycznych inspirowanych przez Mi\u0119dzynarodowy Fundusz Walutowy (MFW), takich jak gwa\u0142towne podwy\u017cki cen paliw i dewaluacja naira. Polityka ta narazi\u0142a ludzi pracy w Nigerii na bezprecedensowe trudno\u015bci w ci\u0105gu dw\u00f3ch miesi\u0119cy, kt\u00f3re sp\u0119dzi\u0142 na stanowisku. Rz\u0105d, kt\u00f3ry pracuje dla nielicznych, podczas gdy miliony obywateli kraju s\u0105 skazane na potworne ub\u00f3stwo i trudno\u015bci, nie mo\u017ce by\u0107 uznany za demokratyczny.<\/p>\n\n\n\n<p>Nie mo\u017cna nie podkre\u015bli\u0107 imperialistycznej roli Francji w jej by\u0142ych koloniach w Afryce. Trzyma\u0142a te neokolonialne pa\u0144stwa w wyzysku, wydobywaj\u0105c ich zasoby naturalne i ograniczaj\u0105c ich przestrze\u0144 polityki fiskalnej w najbardziej w\u015bciek\u0142y spos\u00f3b. Dlatego te\u017c z zadowoleniem przyjmujemy zerwanie przez zamachowc\u00f3w kolonialnych porozumie\u0144 z Francj\u0105. Bior\u0105c jednak pod uwag\u0119 fakt, \u017ce kluczowi gracze w juncie byli w rz\u0105dach, kt\u00f3re podtrzymywa\u0142y te porozumienia przez dziesi\u0119ciolecia, uzasadnione jest postrzeganie tego kroku we w\u0142a\u015bciwym kierunku jako populistycznego wysi\u0142ku maj\u0105cego na celu zbudowanie masowej bazy poparcia, a nie cz\u0119\u015bci trwa\u0142ego programu antyimperialistycznego.<\/p>\n\n\n\n<p>Przyw\u00f3dcy zamachu stanu, podobnie jak obalony rz\u0105d, s\u0105 przedstawicielami rz\u0105dz\u0105cej klasy wyzyskiwaczy i ciemi\u0119\u017cc\u00f3w w Nigrze. Prawdziwa si\u0142a zapewniaj\u0105ca post\u0119p spo\u0142eczny i radykaln\u0105 demokracj\u0119 oddoln\u0105 le\u017cy przede wszystkim w r\u0119kach klasy pracowniczej Nigru. Jest zbyt wcze\u015bnie, by okre\u015bli\u0107, jak rozwinie si\u0119 sytuacja w Nigrze. Kluczowe jest jednak, by proces ten by\u0142 nap\u0119dzany przez mieszka\u0144c\u00f3w Nigru, a nie przez obce mocarstwa, takie jak Francja czy Rosja.<\/p>\n\n\n\n<p>SWL wzywa Nigeryjski Kongres Pracy (NLC) i Kongres Zwi\u0105zk\u00f3w Zawodowych (TUC) do pot\u0119pienia wszelkich pr\u00f3b wojny w Nigrze i do wsp\u00f3\u0142pracy z organizacjami pracowniczymi w Nigrze i w ca\u0142ym regionie w walce o demokracj\u0119, kt\u00f3ra stawia klas\u0119 pracownicz\u0105 ponad wszelkimi imperialistycznymi i kapitalistycznymi interesami.<\/p>\n\n\n\n<p>Nasz cel pozostaje niezmienny: demokratyczny Niger pod przyw\u00f3dztwem pracownik\u00f3w, w kt\u00f3rym droga naprz\u00f3d jest okre\u015blana przez si\u0142\u0119 ludzi pracy, przez samych ludzi pracy. Droga do tego wiedzie przez oddolne samoorganizowanie oraz walk\u0119 pracownik\u00f3w i m\u0142odzie\u017cy Nigru o rewolucyjn\u0105 demokracj\u0119 i socjalizm, a nie jak\u0105kolwiek puczystowsk\u0105 polityk\u0119 czy imperialistyczn\u0105 ingerencj\u0119.<\/p>\n\n\n\n<p><strong>Frances AKINJOLE<\/strong> <strong>(przewodnicz\u0105cy krajowy)<\/strong><\/p>\n\n\n\n<p><strong>i Mobolaji OTUYELU<\/strong> <strong>(sekretarz krajowa) z ramienia<\/strong> <strong>Komitetu Centralnego SW<\/strong>L)<\/p>\n\n\n\n<p><strong>7 sierpnia 2023 r.<\/strong><\/p>\n\n\n\n<p><em>(SWL jest siostrzan\u0105 organizacj\u0105<\/em> <em>Pracowniczej Demokracji w Nigerii.)<\/em><\/p>\n","protected":false},"excerpt":{"rendered":"<p>O\u015bwiadczenie SWL w sprawie zamachu stanu w Nigrze i reakcji ECOWAS Socjalistyczna Liga Pracownicza [SWL \u2013 Socialist Workers League] jest g\u0142\u0119boko zaniepokojona obecn\u0105 sytuacj\u0105 w Republice Nigru. Jeste\u015bmy niezachwiani w naszym zaanga\u017cowaniu na rzecz pokoju i praw ludzi pracy w Nigrze do samostanowienia. Musimy jednak wyra\u017anie zaznaczy\u0107, \u017ce mieszka\u0144cy Nigru musz\u0105 sami wyzwoli\u0107 si\u0119 spod [&hellip;]<\/p>\n","protected":false},"author":1,"featured_media":9575,"comment_status":"closed","ping_status":"closed","sticky":false,"template":"","format":"standard","meta":{"footnotes":""},"categories":[270,272],"tags":[97],"class_list":["post-9574","post","type-post","status-publish","format-standard","has-post-thumbnail","hentry","category-gazeta-wrzesien-2023","category-gazeta-wrzesien-2023-2cd","tag-featured"],"yoast_head":"<!-- This site is optimized with the Yoast SEO plugin v26.7 - https:\/\/yoast.com\/wordpress\/plugins\/seo\/ -->\n<title>O demokratyczny Niger, pod przyw\u00f3dztwem pracowniczym - Pracownicza Demokracja<\/title>\n<meta name=\"robots\" content=\"index, follow, max-snippet:-1, max-image-preview:large, max-video-preview:-1\" \/>\n<link rel=\"canonical\" href=\"https:\/\/pracowniczademokracja.org\/?p=9574\" \/>\n<meta property=\"og:locale\" content=\"pl_PL\" \/>\n<meta property=\"og:type\" content=\"article\" \/>\n<meta property=\"og:title\" content=\"O demokratyczny Niger, pod przyw\u00f3dztwem pracowniczym - Pracownicza Demokracja\" \/>\n<meta property=\"og:description\" content=\"O\u015bwiadczenie SWL w sprawie zamachu stanu w Nigrze i reakcji ECOWAS Socjalistyczna Liga Pracownicza [SWL \u2013 Socialist Workers League] jest g\u0142\u0119boko zaniepokojona obecn\u0105 sytuacj\u0105 w Republice Nigru. Jeste\u015bmy niezachwiani w naszym zaanga\u017cowaniu na rzecz pokoju i praw ludzi pracy w Nigrze do samostanowienia. Musimy jednak wyra\u017anie zaznaczy\u0107, \u017ce mieszka\u0144cy Nigru musz\u0105 sami wyzwoli\u0107 si\u0119 spod [&hellip;]\" \/>\n<meta property=\"og:url\" content=\"https:\/\/pracowniczademokracja.org\/?p=9574\" \/>\n<meta property=\"og:site_name\" content=\"Pracownicza Demokracja\" \/>\n<meta property=\"article:published_time\" content=\"2023-09-01T21:40:00+00:00\" \/>\n<meta property=\"article:modified_time\" content=\"2023-10-12T21:46:49+00:00\" \/>\n<meta property=\"og:image\" content=\"https:\/\/pracowniczademokracja.org\/wp-content\/uploads\/2023\/09\/niger-pucz.wiec_.niedziela.6.sierpnia.2023.jpg\" \/>\n\t<meta property=\"og:image:width\" content=\"1365\" \/>\n\t<meta property=\"og:image:height\" content=\"768\" \/>\n\t<meta property=\"og:image:type\" content=\"image\/jpeg\" \/>\n<meta name=\"author\" content=\".\" \/>\n<meta name=\"twitter:card\" content=\"summary_large_image\" \/>\n<meta name=\"twitter:label1\" content=\"Napisane przez\" \/>\n\t<meta name=\"twitter:data1\" content=\".\" \/>\n\t<meta name=\"twitter:label2\" content=\"Szacowany czas czytania\" \/>\n\t<meta name=\"twitter:data2\" content=\"5 minut\" \/>\n<script type=\"application\/ld+json\" class=\"yoast-schema-graph\">{\"@context\":\"https:\/\/schema.org\",\"@graph\":[{\"@type\":\"Article\",\"@id\":\"https:\/\/pracowniczademokracja.org\/?p=9574#article\",\"isPartOf\":{\"@id\":\"https:\/\/pracowniczademokracja.org\/?p=9574\"},\"author\":{\"name\":\".\",\"@id\":\"https:\/\/pracowniczademokracja.org\/#\/schema\/person\/111010f0277257eac5a64dace1cd1ad8\"},\"headline\":\"O demokratyczny Niger, pod przyw\u00f3dztwem pracowniczym\",\"datePublished\":\"2023-09-01T21:40:00+00:00\",\"dateModified\":\"2023-10-12T21:46:49+00:00\",\"mainEntityOfPage\":{\"@id\":\"https:\/\/pracowniczademokracja.org\/?p=9574\"},\"wordCount\":917,\"image\":{\"@id\":\"https:\/\/pracowniczademokracja.org\/?p=9574#primaryimage\"},\"thumbnailUrl\":\"https:\/\/pracowniczademokracja.org\/wp-content\/uploads\/2023\/09\/niger-pucz.wiec_.niedziela.6.sierpnia.2023.jpg\",\"keywords\":[\"Featured\"],\"articleSection\":[\"Gazeta - wrzesie\u0144 2023\",\"Gazeta - wrzesie\u0144 2023 - 2cd.\"],\"inLanguage\":\"pl-PL\"},{\"@type\":\"WebPage\",\"@id\":\"https:\/\/pracowniczademokracja.org\/?p=9574\",\"url\":\"https:\/\/pracowniczademokracja.org\/?p=9574\",\"name\":\"O demokratyczny Niger, pod przyw\u00f3dztwem pracowniczym - Pracownicza Demokracja\",\"isPartOf\":{\"@id\":\"https:\/\/pracowniczademokracja.org\/#website\"},\"primaryImageOfPage\":{\"@id\":\"https:\/\/pracowniczademokracja.org\/?p=9574#primaryimage\"},\"image\":{\"@id\":\"https:\/\/pracowniczademokracja.org\/?p=9574#primaryimage\"},\"thumbnailUrl\":\"https:\/\/pracowniczademokracja.org\/wp-content\/uploads\/2023\/09\/niger-pucz.wiec_.niedziela.6.sierpnia.2023.jpg\",\"datePublished\":\"2023-09-01T21:40:00+00:00\",\"dateModified\":\"2023-10-12T21:46:49+00:00\",\"author\":{\"@id\":\"https:\/\/pracowniczademokracja.org\/#\/schema\/person\/111010f0277257eac5a64dace1cd1ad8\"},\"breadcrumb\":{\"@id\":\"https:\/\/pracowniczademokracja.org\/?p=9574#breadcrumb\"},\"inLanguage\":\"pl-PL\",\"potentialAction\":[{\"@type\":\"ReadAction\",\"target\":[\"https:\/\/pracowniczademokracja.org\/?p=9574\"]}]},{\"@type\":\"ImageObject\",\"inLanguage\":\"pl-PL\",\"@id\":\"https:\/\/pracowniczademokracja.org\/?p=9574#primaryimage\",\"url\":\"https:\/\/pracowniczademokracja.org\/wp-content\/uploads\/2023\/09\/niger-pucz.wiec_.niedziela.6.sierpnia.2023.jpg\",\"contentUrl\":\"https:\/\/pracowniczademokracja.org\/wp-content\/uploads\/2023\/09\/niger-pucz.wiec_.niedziela.6.sierpnia.2023.jpg\",\"width\":1365,\"height\":768},{\"@type\":\"BreadcrumbList\",\"@id\":\"https:\/\/pracowniczademokracja.org\/?p=9574#breadcrumb\",\"itemListElement\":[{\"@type\":\"ListItem\",\"position\":1,\"name\":\"Strona g\u0142\u00f3wna\",\"item\":\"https:\/\/pracowniczademokracja.org\/\"},{\"@type\":\"ListItem\",\"position\":2,\"name\":\"O demokratyczny Niger, pod przyw\u00f3dztwem pracowniczym\"}]},{\"@type\":\"WebSite\",\"@id\":\"https:\/\/pracowniczademokracja.org\/#website\",\"url\":\"https:\/\/pracowniczademokracja.org\/\",\"name\":\"Pracownicza Demokracja\",\"description\":\"\",\"potentialAction\":[{\"@type\":\"SearchAction\",\"target\":{\"@type\":\"EntryPoint\",\"urlTemplate\":\"https:\/\/pracowniczademokracja.org\/?s={search_term_string}\"},\"query-input\":{\"@type\":\"PropertyValueSpecification\",\"valueRequired\":true,\"valueName\":\"search_term_string\"}}],\"inLanguage\":\"pl-PL\"},{\"@type\":\"Person\",\"@id\":\"https:\/\/pracowniczademokracja.org\/#\/schema\/person\/111010f0277257eac5a64dace1cd1ad8\",\"name\":\".\",\"url\":\"https:\/\/pracowniczademokracja.org\/?author=1\"}]}<\/script>\n<!-- \/ Yoast SEO plugin. -->","yoast_head_json":{"title":"O demokratyczny Niger, pod przyw\u00f3dztwem pracowniczym - Pracownicza Demokracja","robots":{"index":"index","follow":"follow","max-snippet":"max-snippet:-1","max-image-preview":"max-image-preview:large","max-video-preview":"max-video-preview:-1"},"canonical":"https:\/\/pracowniczademokracja.org\/?p=9574","og_locale":"pl_PL","og_type":"article","og_title":"O demokratyczny Niger, pod przyw\u00f3dztwem pracowniczym - Pracownicza Demokracja","og_description":"O\u015bwiadczenie SWL w sprawie zamachu stanu w Nigrze i reakcji ECOWAS Socjalistyczna Liga Pracownicza [SWL \u2013 Socialist Workers League] jest g\u0142\u0119boko zaniepokojona obecn\u0105 sytuacj\u0105 w Republice Nigru. Jeste\u015bmy niezachwiani w naszym zaanga\u017cowaniu na rzecz pokoju i praw ludzi pracy w Nigrze do samostanowienia. Musimy jednak wyra\u017anie zaznaczy\u0107, \u017ce mieszka\u0144cy Nigru musz\u0105 sami wyzwoli\u0107 si\u0119 spod [&hellip;]","og_url":"https:\/\/pracowniczademokracja.org\/?p=9574","og_site_name":"Pracownicza Demokracja","article_published_time":"2023-09-01T21:40:00+00:00","article_modified_time":"2023-10-12T21:46:49+00:00","og_image":[{"width":1365,"height":768,"url":"https:\/\/pracowniczademokracja.org\/wp-content\/uploads\/2023\/09\/niger-pucz.wiec_.niedziela.6.sierpnia.2023.jpg","type":"image\/jpeg"}],"author":".","twitter_card":"summary_large_image","twitter_misc":{"Napisane przez":".","Szacowany czas czytania":"5 minut"},"schema":{"@context":"https:\/\/schema.org","@graph":[{"@type":"Article","@id":"https:\/\/pracowniczademokracja.org\/?p=9574#article","isPartOf":{"@id":"https:\/\/pracowniczademokracja.org\/?p=9574"},"author":{"name":".","@id":"https:\/\/pracowniczademokracja.org\/#\/schema\/person\/111010f0277257eac5a64dace1cd1ad8"},"headline":"O demokratyczny Niger, pod przyw\u00f3dztwem pracowniczym","datePublished":"2023-09-01T21:40:00+00:00","dateModified":"2023-10-12T21:46:49+00:00","mainEntityOfPage":{"@id":"https:\/\/pracowniczademokracja.org\/?p=9574"},"wordCount":917,"image":{"@id":"https:\/\/pracowniczademokracja.org\/?p=9574#primaryimage"},"thumbnailUrl":"https:\/\/pracowniczademokracja.org\/wp-content\/uploads\/2023\/09\/niger-pucz.wiec_.niedziela.6.sierpnia.2023.jpg","keywords":["Featured"],"articleSection":["Gazeta - wrzesie\u0144 2023","Gazeta - wrzesie\u0144 2023 - 2cd."],"inLanguage":"pl-PL"},{"@type":"WebPage","@id":"https:\/\/pracowniczademokracja.org\/?p=9574","url":"https:\/\/pracowniczademokracja.org\/?p=9574","name":"O demokratyczny Niger, pod przyw\u00f3dztwem pracowniczym - Pracownicza Demokracja","isPartOf":{"@id":"https:\/\/pracowniczademokracja.org\/#website"},"primaryImageOfPage":{"@id":"https:\/\/pracowniczademokracja.org\/?p=9574#primaryimage"},"image":{"@id":"https:\/\/pracowniczademokracja.org\/?p=9574#primaryimage"},"thumbnailUrl":"https:\/\/pracowniczademokracja.org\/wp-content\/uploads\/2023\/09\/niger-pucz.wiec_.niedziela.6.sierpnia.2023.jpg","datePublished":"2023-09-01T21:40:00+00:00","dateModified":"2023-10-12T21:46:49+00:00","author":{"@id":"https:\/\/pracowniczademokracja.org\/#\/schema\/person\/111010f0277257eac5a64dace1cd1ad8"},"breadcrumb":{"@id":"https:\/\/pracowniczademokracja.org\/?p=9574#breadcrumb"},"inLanguage":"pl-PL","potentialAction":[{"@type":"ReadAction","target":["https:\/\/pracowniczademokracja.org\/?p=9574"]}]},{"@type":"ImageObject","inLanguage":"pl-PL","@id":"https:\/\/pracowniczademokracja.org\/?p=9574#primaryimage","url":"https:\/\/pracowniczademokracja.org\/wp-content\/uploads\/2023\/09\/niger-pucz.wiec_.niedziela.6.sierpnia.2023.jpg","contentUrl":"https:\/\/pracowniczademokracja.org\/wp-content\/uploads\/2023\/09\/niger-pucz.wiec_.niedziela.6.sierpnia.2023.jpg","width":1365,"height":768},{"@type":"BreadcrumbList","@id":"https:\/\/pracowniczademokracja.org\/?p=9574#breadcrumb","itemListElement":[{"@type":"ListItem","position":1,"name":"Strona g\u0142\u00f3wna","item":"https:\/\/pracowniczademokracja.org\/"},{"@type":"ListItem","position":2,"name":"O demokratyczny Niger, pod przyw\u00f3dztwem pracowniczym"}]},{"@type":"WebSite","@id":"https:\/\/pracowniczademokracja.org\/#website","url":"https:\/\/pracowniczademokracja.org\/","name":"Pracownicza Demokracja","description":"","potentialAction":[{"@type":"SearchAction","target":{"@type":"EntryPoint","urlTemplate":"https:\/\/pracowniczademokracja.org\/?s={search_term_string}"},"query-input":{"@type":"PropertyValueSpecification","valueRequired":true,"valueName":"search_term_string"}}],"inLanguage":"pl-PL"},{"@type":"Person","@id":"https:\/\/pracowniczademokracja.org\/#\/schema\/person\/111010f0277257eac5a64dace1cd1ad8","name":".","url":"https:\/\/pracowniczademokracja.org\/?author=1"}]}},"_links":{"self":[{"href":"https:\/\/pracowniczademokracja.org\/index.php?rest_route=\/wp\/v2\/posts\/9574","targetHints":{"allow":["GET"]}}],"collection":[{"href":"https:\/\/pracowniczademokracja.org\/index.php?rest_route=\/wp\/v2\/posts"}],"about":[{"href":"https:\/\/pracowniczademokracja.org\/index.php?rest_route=\/wp\/v2\/types\/post"}],"author":[{"embeddable":true,"href":"https:\/\/pracowniczademokracja.org\/index.php?rest_route=\/wp\/v2\/users\/1"}],"replies":[{"embeddable":true,"href":"https:\/\/pracowniczademokracja.org\/index.php?rest_route=%2Fwp%2Fv2%2Fcomments&post=9574"}],"version-history":[{"count":1,"href":"https:\/\/pracowniczademokracja.org\/index.php?rest_route=\/wp\/v2\/posts\/9574\/revisions"}],"predecessor-version":[{"id":9576,"href":"https:\/\/pracowniczademokracja.org\/index.php?rest_route=\/wp\/v2\/posts\/9574\/revisions\/9576"}],"wp:featuredmedia":[{"embeddable":true,"href":"https:\/\/pracowniczademokracja.org\/index.php?rest_route=\/wp\/v2\/media\/9575"}],"wp:attachment":[{"href":"https:\/\/pracowniczademokracja.org\/index.php?rest_route=%2Fwp%2Fv2%2Fmedia&parent=9574"}],"wp:term":[{"taxonomy":"category","embeddable":true,"href":"https:\/\/pracowniczademokracja.org\/index.php?rest_route=%2Fwp%2Fv2%2Fcategories&post=9574"},{"taxonomy":"post_tag","embeddable":true,"href":"https:\/\/pracowniczademokracja.org\/index.php?rest_route=%2Fwp%2Fv2%2Ftags&post=9574"}],"curies":[{"name":"wp","href":"https:\/\/api.w.org\/{rel}","templated":true}]}}