{"id":9566,"date":"2023-09-01T23:45:00","date_gmt":"2023-09-01T21:45:00","guid":{"rendered":"https:\/\/pracowniczademokracja.org\/?p=9566"},"modified":"2023-09-05T13:39:53","modified_gmt":"2023-09-05T11:39:53","slug":"panstwowe-morderstwa-na-granicach-polski-i-unii-europejskiej","status":"publish","type":"post","link":"https:\/\/pracowniczademokracja.org\/?p=9566","title":{"rendered":"Pa\u0144stwowe morderstwa na granicach Polski i Unii Europejskiej"},"content":{"rendered":"\n<div class=\"wp-block-image\"><figure class=\"aligncenter size-large is-resized\"><img loading=\"lazy\" decoding=\"async\" src=\"https:\/\/pracowniczademokracja.org\/wp-content\/uploads\/2023\/09\/antyrasistowska.demonstracja.18.03.2023.jpg\" alt=\"Pikieta. &quot;Wszyscy uchod\u017acy mile widziani&quot;\" class=\"wp-image-9569\" width=\"475\" height=\"356\" srcset=\"https:\/\/pracowniczademokracja.org\/wp-content\/uploads\/2023\/09\/antyrasistowska.demonstracja.18.03.2023.jpg 903w, https:\/\/pracowniczademokracja.org\/wp-content\/uploads\/2023\/09\/antyrasistowska.demonstracja.18.03.2023-300x225.jpg 300w, https:\/\/pracowniczademokracja.org\/wp-content\/uploads\/2023\/09\/antyrasistowska.demonstracja.18.03.2023-150x112.jpg 150w, https:\/\/pracowniczademokracja.org\/wp-content\/uploads\/2023\/09\/antyrasistowska.demonstracja.18.03.2023-768x576.jpg 768w\" sizes=\"auto, (max-width: 475px) 100vw, 475px\" \/><\/figure><\/div>\n\n\n\n<p><strong>W czasie kampanii wyborczej milczenie opozycji w sprawie brutalnego traktowania uchod\u017ac\u00f3w na pograniczu polsko-bia\u0142oruskim jest og\u0142uszaj\u0105ce <em>(patrz ramka obok)<\/em>. Rz\u0105d jest odpowiedzialny za \u015bmier\u0107 na tym obszarze.<\/strong><\/p>\n\n\n\n<p>Podobnie jak Unia Europejska i jej pa\u0144stwa cz\u0142onkowskie ze swoj\u0105 polityk\u0105 Twierdzy Europa s\u0105 odpowiedzialne za utoni\u0119cia w Morzu \u015ar\u00f3dziemnym i przypadk\u00f3w \u015bmierci na innych obszarach, takich jak granice UE w Hiszpanii i w Grecji. S\u0105 to przypadki morderstw pa\u0144stwowych i ha\u0144b\u0105 jest, \u017ce politycy opozycji s\u0105 zbyt tch\u00f3rzliwi, aby podkre\u015bli\u0107 t\u0119 kwesti\u0119. Niestety ta ha\u0144ba by\u0142a do przewidzenia.<\/p>\n\n\n\n<p>Zamiast przeciwstawiania si\u0119 skutkom plugawego rasizmu propagowanego od wielu lat przez rz\u0105d, mniej ryzykowne dla polityczek i polityk\u00f3w opozycji wydaje si\u0119 ignorowanie go, gdy wed\u0142ug ich przekonaniaw gr\u0119 wchodzi sukces wyborczy. Dotyczy to nawet najbardziej lewicowych pos\u0142anek i pos\u0142\u00f3w.<\/p>\n\n\n\n<p>Zamiast tego nale\u017ca\u0142oby z ca\u0142\u0105 moc\u0105 przeciwstawi\u0107 si\u0119 rasizmowi \u2013 a wtedy si\u0119 zobaczy, czy taka postawa jest popularna, czy nie. Tak czy inaczej tu najwa\u017cniejsza jest walka z rasizmem.<\/p>\n\n\n\n<p>Taka postawa jest mo\u017cliwa, ale tylko wtedy, gdyi si\u0119 odrzuci elektoralizm \u2013 czyli polityk\u0119 opart\u0105 na strategii, kt\u00f3ra stawia parlament, a nie dzia\u0142ania zwyk\u0142ych ludzi w centrum prowadzonej polityki. Polityka Pracowniczej Demokracji polega w\u0142a\u015bnie na niepodporz\u0105dkowaniu konsekwentnego antyrasizmu uleg\u0142ej taktyce wyborczej.<\/p>\n\n\n\n<p class=\"has-luminous-vivid-amber-background-color has-background\" style=\"font-size:16.1px\"><strong>Do\u015b\u0107 tego \u2013 wszyscy uchod\u017acy mile widziani!<\/strong><\/p>\n\n\n\n<p class=\"has-luminous-vivid-amber-background-color has-background\"><strong>Wczesnym popo\u0142udniem na skraju wsi Wycz\u00f3\u0142ki zauwa\u017cy\u0142em mundurowych trzymaj\u0105cych pod broni\u0105 sze\u015bciu przera\u017conych m\u0119\u017cczyzn, stoj\u0105cych boso w rz\u0119dzie. Gdy pr\u00f3bowa\u0142em dopyta\u0107, co si\u0119 dzieje, mundurowi zmusili m\u0119\u017cczyzn do wej\u015bcia do aut terenowych i odjechali \u2013 opowiada mieszkaniec Podlasia.<\/strong><br><br>Na miejscu zosta\u0142y ich buty, odci\u0119te szelki od plecak\u00f3w oraz okulary korekcyjne z roztrzaskanymi szk\u0142ami &#8211; rzeczy, do kt\u00f3rych porzucenia uchod\u017acy zostali zmuszeni przez s\u0142u\u017cby.<br><br>\u015awiadek zdarzenia m\u00f3wi, \u017ce w wyw\u00f3zce brali udzia\u0142 zar\u00f3wno funkcjonariusze Stra\u017cy Granicznej, jak i \u017co\u0142nierze Wojska Polskiego. Jeden z m\u0119\u017cczyzn wyra\u017anie kula\u0142, gdy mundurowi prowadzili go do samochod\u00f3w. Dzia\u0142o si\u0119 to mniej ni\u017c kilometr od granicy.<br><br>W ostatnim czasie coraz cz\u0119\u015bciej uchod\u017acy i uchod\u017aczynie opowiadaj\u0105 o narastaj\u0105cej przemocy ze strony polskich s\u0142u\u017cb. Chodzi m.in. o zabieranie but\u00f3w, jedzenia oraz wody, a tak\u017ce o celowe uszkadzanie plecak\u00f3w i systematyczne niszczenie telefon\u00f3w.<br><br>W trakcie interwencji humanitarnych na granicy dostarczamy ludziom w drodze to, co Stra\u017c Graniczna im odbiera: jedzenie, wod\u0119, ubrania oraz buty. Niesiemy tak\u017ce pomoc medyczn\u0105, opatrujemy stopy okopowe, rany po drucie \u017cyletkowym oraz st\u0142uczenia, a nawet z\u0142amania.<br><br>Ale coraz cz\u0119\u015bciej te osoby maj\u0105 poparzenia spowodowane gazem pieprzowym w \u017celu, kt\u00f3rego u\u017cywaj\u0105 polskie s\u0142u\u017cby.<br><br>Gaz powoduje nie tylko silny \u015bwi\u0105d oraz pieczenie sk\u00f3ry, ale tak\u017ce dusz\u0105cy kaszel i chwilowe o\u015blepienie, powoduj\u0105ce dezorientacj\u0119 oraz panik\u0119.<br><br>Trudno go usun\u0105\u0107 ze sk\u00f3ry i ubra\u0144, przez co uchod\u017acy i uchod\u017aczynie pozostaj\u0105 z poparzeniami przez wiele dni, w warunkach zagra\u017caj\u0105cych zdrowiu, a niekiedy \u017cyciu.<br><br><strong>Grupa Granica (facebookowy wpis) 14.08.2023<\/strong><\/p>\n","protected":false},"excerpt":{"rendered":"<p>W czasie kampanii wyborczej milczenie opozycji w sprawie brutalnego traktowania uchod\u017ac\u00f3w na pograniczu polsko-bia\u0142oruskim jest og\u0142uszaj\u0105ce (patrz ramka obok). Rz\u0105d jest odpowiedzialny za \u015bmier\u0107 na tym obszarze. Podobnie jak Unia Europejska i jej pa\u0144stwa cz\u0142onkowskie ze swoj\u0105 polityk\u0105 Twierdzy Europa s\u0105 odpowiedzialne za utoni\u0119cia w Morzu \u015ar\u00f3dziemnym i przypadk\u00f3w \u015bmierci na innych obszarach, takich jak [&hellip;]<\/p>\n","protected":false},"author":1,"featured_media":9569,"comment_status":"closed","ping_status":"closed","sticky":false,"template":"","format":"standard","meta":{"footnotes":""},"categories":[270,271],"tags":[97],"class_list":["post-9566","post","type-post","status-publish","format-standard","has-post-thumbnail","hentry","category-gazeta-wrzesien-2023","category-gazeta-wrzesien-2023-cd","tag-featured"],"yoast_head":"<!-- This site is optimized with the Yoast SEO plugin v26.7 - https:\/\/yoast.com\/wordpress\/plugins\/seo\/ -->\n<title>Pa\u0144stwowe morderstwa na granicach Polski i Unii Europejskiej - Pracownicza Demokracja<\/title>\n<meta name=\"robots\" content=\"index, follow, max-snippet:-1, max-image-preview:large, max-video-preview:-1\" \/>\n<link rel=\"canonical\" href=\"https:\/\/pracowniczademokracja.org\/?p=9566\" \/>\n<meta property=\"og:locale\" content=\"pl_PL\" \/>\n<meta property=\"og:type\" content=\"article\" \/>\n<meta property=\"og:title\" content=\"Pa\u0144stwowe morderstwa na granicach Polski i Unii Europejskiej - Pracownicza Demokracja\" \/>\n<meta property=\"og:description\" content=\"W czasie kampanii wyborczej milczenie opozycji w sprawie brutalnego traktowania uchod\u017ac\u00f3w na pograniczu polsko-bia\u0142oruskim jest og\u0142uszaj\u0105ce (patrz ramka obok). Rz\u0105d jest odpowiedzialny za \u015bmier\u0107 na tym obszarze. Podobnie jak Unia Europejska i jej pa\u0144stwa cz\u0142onkowskie ze swoj\u0105 polityk\u0105 Twierdzy Europa s\u0105 odpowiedzialne za utoni\u0119cia w Morzu \u015ar\u00f3dziemnym i przypadk\u00f3w \u015bmierci na innych obszarach, takich jak [&hellip;]\" \/>\n<meta property=\"og:url\" content=\"https:\/\/pracowniczademokracja.org\/?p=9566\" \/>\n<meta property=\"og:site_name\" content=\"Pracownicza Demokracja\" \/>\n<meta property=\"article:published_time\" content=\"2023-09-01T21:45:00+00:00\" \/>\n<meta property=\"article:modified_time\" content=\"2023-09-05T11:39:53+00:00\" \/>\n<meta property=\"og:image\" content=\"https:\/\/pracowniczademokracja.org\/wp-content\/uploads\/2023\/09\/antyrasistowska.demonstracja.18.03.2023.jpg\" \/>\n\t<meta property=\"og:image:width\" content=\"903\" \/>\n\t<meta property=\"og:image:height\" content=\"677\" \/>\n\t<meta property=\"og:image:type\" content=\"image\/jpeg\" \/>\n<meta name=\"author\" content=\".\" \/>\n<meta name=\"twitter:card\" content=\"summary_large_image\" \/>\n<meta name=\"twitter:label1\" content=\"Napisane przez\" \/>\n\t<meta name=\"twitter:data1\" content=\".\" \/>\n\t<meta name=\"twitter:label2\" content=\"Szacowany czas czytania\" \/>\n\t<meta name=\"twitter:data2\" content=\"3 minuty\" \/>\n<script type=\"application\/ld+json\" class=\"yoast-schema-graph\">{\"@context\":\"https:\/\/schema.org\",\"@graph\":[{\"@type\":\"Article\",\"@id\":\"https:\/\/pracowniczademokracja.org\/?p=9566#article\",\"isPartOf\":{\"@id\":\"https:\/\/pracowniczademokracja.org\/?p=9566\"},\"author\":{\"name\":\".\",\"@id\":\"https:\/\/pracowniczademokracja.org\/#\/schema\/person\/111010f0277257eac5a64dace1cd1ad8\"},\"headline\":\"Pa\u0144stwowe morderstwa na granicach Polski i Unii Europejskiej\",\"datePublished\":\"2023-09-01T21:45:00+00:00\",\"dateModified\":\"2023-09-05T11:39:53+00:00\",\"mainEntityOfPage\":{\"@id\":\"https:\/\/pracowniczademokracja.org\/?p=9566\"},\"wordCount\":538,\"image\":{\"@id\":\"https:\/\/pracowniczademokracja.org\/?p=9566#primaryimage\"},\"thumbnailUrl\":\"https:\/\/pracowniczademokracja.org\/wp-content\/uploads\/2023\/09\/antyrasistowska.demonstracja.18.03.2023.jpg\",\"keywords\":[\"Featured\"],\"articleSection\":[\"Gazeta - wrzesie\u0144 2023\",\"Gazeta - wrzesie\u0144 2023 - cd.\"],\"inLanguage\":\"pl-PL\"},{\"@type\":\"WebPage\",\"@id\":\"https:\/\/pracowniczademokracja.org\/?p=9566\",\"url\":\"https:\/\/pracowniczademokracja.org\/?p=9566\",\"name\":\"Pa\u0144stwowe morderstwa na granicach Polski i Unii Europejskiej - Pracownicza Demokracja\",\"isPartOf\":{\"@id\":\"https:\/\/pracowniczademokracja.org\/#website\"},\"primaryImageOfPage\":{\"@id\":\"https:\/\/pracowniczademokracja.org\/?p=9566#primaryimage\"},\"image\":{\"@id\":\"https:\/\/pracowniczademokracja.org\/?p=9566#primaryimage\"},\"thumbnailUrl\":\"https:\/\/pracowniczademokracja.org\/wp-content\/uploads\/2023\/09\/antyrasistowska.demonstracja.18.03.2023.jpg\",\"datePublished\":\"2023-09-01T21:45:00+00:00\",\"dateModified\":\"2023-09-05T11:39:53+00:00\",\"author\":{\"@id\":\"https:\/\/pracowniczademokracja.org\/#\/schema\/person\/111010f0277257eac5a64dace1cd1ad8\"},\"breadcrumb\":{\"@id\":\"https:\/\/pracowniczademokracja.org\/?p=9566#breadcrumb\"},\"inLanguage\":\"pl-PL\",\"potentialAction\":[{\"@type\":\"ReadAction\",\"target\":[\"https:\/\/pracowniczademokracja.org\/?p=9566\"]}]},{\"@type\":\"ImageObject\",\"inLanguage\":\"pl-PL\",\"@id\":\"https:\/\/pracowniczademokracja.org\/?p=9566#primaryimage\",\"url\":\"https:\/\/pracowniczademokracja.org\/wp-content\/uploads\/2023\/09\/antyrasistowska.demonstracja.18.03.2023.jpg\",\"contentUrl\":\"https:\/\/pracowniczademokracja.org\/wp-content\/uploads\/2023\/09\/antyrasistowska.demonstracja.18.03.2023.jpg\",\"width\":903,\"height\":677},{\"@type\":\"BreadcrumbList\",\"@id\":\"https:\/\/pracowniczademokracja.org\/?p=9566#breadcrumb\",\"itemListElement\":[{\"@type\":\"ListItem\",\"position\":1,\"name\":\"Strona g\u0142\u00f3wna\",\"item\":\"https:\/\/pracowniczademokracja.org\/\"},{\"@type\":\"ListItem\",\"position\":2,\"name\":\"Pa\u0144stwowe morderstwa na granicach Polski i Unii Europejskiej\"}]},{\"@type\":\"WebSite\",\"@id\":\"https:\/\/pracowniczademokracja.org\/#website\",\"url\":\"https:\/\/pracowniczademokracja.org\/\",\"name\":\"Pracownicza Demokracja\",\"description\":\"\",\"potentialAction\":[{\"@type\":\"SearchAction\",\"target\":{\"@type\":\"EntryPoint\",\"urlTemplate\":\"https:\/\/pracowniczademokracja.org\/?s={search_term_string}\"},\"query-input\":{\"@type\":\"PropertyValueSpecification\",\"valueRequired\":true,\"valueName\":\"search_term_string\"}}],\"inLanguage\":\"pl-PL\"},{\"@type\":\"Person\",\"@id\":\"https:\/\/pracowniczademokracja.org\/#\/schema\/person\/111010f0277257eac5a64dace1cd1ad8\",\"name\":\".\",\"url\":\"https:\/\/pracowniczademokracja.org\/?author=1\"}]}<\/script>\n<!-- \/ Yoast SEO plugin. -->","yoast_head_json":{"title":"Pa\u0144stwowe morderstwa na granicach Polski i Unii Europejskiej - Pracownicza Demokracja","robots":{"index":"index","follow":"follow","max-snippet":"max-snippet:-1","max-image-preview":"max-image-preview:large","max-video-preview":"max-video-preview:-1"},"canonical":"https:\/\/pracowniczademokracja.org\/?p=9566","og_locale":"pl_PL","og_type":"article","og_title":"Pa\u0144stwowe morderstwa na granicach Polski i Unii Europejskiej - Pracownicza Demokracja","og_description":"W czasie kampanii wyborczej milczenie opozycji w sprawie brutalnego traktowania uchod\u017ac\u00f3w na pograniczu polsko-bia\u0142oruskim jest og\u0142uszaj\u0105ce (patrz ramka obok). Rz\u0105d jest odpowiedzialny za \u015bmier\u0107 na tym obszarze. Podobnie jak Unia Europejska i jej pa\u0144stwa cz\u0142onkowskie ze swoj\u0105 polityk\u0105 Twierdzy Europa s\u0105 odpowiedzialne za utoni\u0119cia w Morzu \u015ar\u00f3dziemnym i przypadk\u00f3w \u015bmierci na innych obszarach, takich jak [&hellip;]","og_url":"https:\/\/pracowniczademokracja.org\/?p=9566","og_site_name":"Pracownicza Demokracja","article_published_time":"2023-09-01T21:45:00+00:00","article_modified_time":"2023-09-05T11:39:53+00:00","og_image":[{"width":903,"height":677,"url":"https:\/\/pracowniczademokracja.org\/wp-content\/uploads\/2023\/09\/antyrasistowska.demonstracja.18.03.2023.jpg","type":"image\/jpeg"}],"author":".","twitter_card":"summary_large_image","twitter_misc":{"Napisane przez":".","Szacowany czas czytania":"3 minuty"},"schema":{"@context":"https:\/\/schema.org","@graph":[{"@type":"Article","@id":"https:\/\/pracowniczademokracja.org\/?p=9566#article","isPartOf":{"@id":"https:\/\/pracowniczademokracja.org\/?p=9566"},"author":{"name":".","@id":"https:\/\/pracowniczademokracja.org\/#\/schema\/person\/111010f0277257eac5a64dace1cd1ad8"},"headline":"Pa\u0144stwowe morderstwa na granicach Polski i Unii Europejskiej","datePublished":"2023-09-01T21:45:00+00:00","dateModified":"2023-09-05T11:39:53+00:00","mainEntityOfPage":{"@id":"https:\/\/pracowniczademokracja.org\/?p=9566"},"wordCount":538,"image":{"@id":"https:\/\/pracowniczademokracja.org\/?p=9566#primaryimage"},"thumbnailUrl":"https:\/\/pracowniczademokracja.org\/wp-content\/uploads\/2023\/09\/antyrasistowska.demonstracja.18.03.2023.jpg","keywords":["Featured"],"articleSection":["Gazeta - wrzesie\u0144 2023","Gazeta - wrzesie\u0144 2023 - cd."],"inLanguage":"pl-PL"},{"@type":"WebPage","@id":"https:\/\/pracowniczademokracja.org\/?p=9566","url":"https:\/\/pracowniczademokracja.org\/?p=9566","name":"Pa\u0144stwowe morderstwa na granicach Polski i Unii Europejskiej - Pracownicza Demokracja","isPartOf":{"@id":"https:\/\/pracowniczademokracja.org\/#website"},"primaryImageOfPage":{"@id":"https:\/\/pracowniczademokracja.org\/?p=9566#primaryimage"},"image":{"@id":"https:\/\/pracowniczademokracja.org\/?p=9566#primaryimage"},"thumbnailUrl":"https:\/\/pracowniczademokracja.org\/wp-content\/uploads\/2023\/09\/antyrasistowska.demonstracja.18.03.2023.jpg","datePublished":"2023-09-01T21:45:00+00:00","dateModified":"2023-09-05T11:39:53+00:00","author":{"@id":"https:\/\/pracowniczademokracja.org\/#\/schema\/person\/111010f0277257eac5a64dace1cd1ad8"},"breadcrumb":{"@id":"https:\/\/pracowniczademokracja.org\/?p=9566#breadcrumb"},"inLanguage":"pl-PL","potentialAction":[{"@type":"ReadAction","target":["https:\/\/pracowniczademokracja.org\/?p=9566"]}]},{"@type":"ImageObject","inLanguage":"pl-PL","@id":"https:\/\/pracowniczademokracja.org\/?p=9566#primaryimage","url":"https:\/\/pracowniczademokracja.org\/wp-content\/uploads\/2023\/09\/antyrasistowska.demonstracja.18.03.2023.jpg","contentUrl":"https:\/\/pracowniczademokracja.org\/wp-content\/uploads\/2023\/09\/antyrasistowska.demonstracja.18.03.2023.jpg","width":903,"height":677},{"@type":"BreadcrumbList","@id":"https:\/\/pracowniczademokracja.org\/?p=9566#breadcrumb","itemListElement":[{"@type":"ListItem","position":1,"name":"Strona g\u0142\u00f3wna","item":"https:\/\/pracowniczademokracja.org\/"},{"@type":"ListItem","position":2,"name":"Pa\u0144stwowe morderstwa na granicach Polski i Unii Europejskiej"}]},{"@type":"WebSite","@id":"https:\/\/pracowniczademokracja.org\/#website","url":"https:\/\/pracowniczademokracja.org\/","name":"Pracownicza Demokracja","description":"","potentialAction":[{"@type":"SearchAction","target":{"@type":"EntryPoint","urlTemplate":"https:\/\/pracowniczademokracja.org\/?s={search_term_string}"},"query-input":{"@type":"PropertyValueSpecification","valueRequired":true,"valueName":"search_term_string"}}],"inLanguage":"pl-PL"},{"@type":"Person","@id":"https:\/\/pracowniczademokracja.org\/#\/schema\/person\/111010f0277257eac5a64dace1cd1ad8","name":".","url":"https:\/\/pracowniczademokracja.org\/?author=1"}]}},"_links":{"self":[{"href":"https:\/\/pracowniczademokracja.org\/index.php?rest_route=\/wp\/v2\/posts\/9566","targetHints":{"allow":["GET"]}}],"collection":[{"href":"https:\/\/pracowniczademokracja.org\/index.php?rest_route=\/wp\/v2\/posts"}],"about":[{"href":"https:\/\/pracowniczademokracja.org\/index.php?rest_route=\/wp\/v2\/types\/post"}],"author":[{"embeddable":true,"href":"https:\/\/pracowniczademokracja.org\/index.php?rest_route=\/wp\/v2\/users\/1"}],"replies":[{"embeddable":true,"href":"https:\/\/pracowniczademokracja.org\/index.php?rest_route=%2Fwp%2Fv2%2Fcomments&post=9566"}],"version-history":[{"count":2,"href":"https:\/\/pracowniczademokracja.org\/index.php?rest_route=\/wp\/v2\/posts\/9566\/revisions"}],"predecessor-version":[{"id":9570,"href":"https:\/\/pracowniczademokracja.org\/index.php?rest_route=\/wp\/v2\/posts\/9566\/revisions\/9570"}],"wp:featuredmedia":[{"embeddable":true,"href":"https:\/\/pracowniczademokracja.org\/index.php?rest_route=\/wp\/v2\/media\/9569"}],"wp:attachment":[{"href":"https:\/\/pracowniczademokracja.org\/index.php?rest_route=%2Fwp%2Fv2%2Fmedia&parent=9566"}],"wp:term":[{"taxonomy":"category","embeddable":true,"href":"https:\/\/pracowniczademokracja.org\/index.php?rest_route=%2Fwp%2Fv2%2Fcategories&post=9566"},{"taxonomy":"post_tag","embeddable":true,"href":"https:\/\/pracowniczademokracja.org\/index.php?rest_route=%2Fwp%2Fv2%2Ftags&post=9566"}],"curies":[{"name":"wp","href":"https:\/\/api.w.org\/{rel}","templated":true}]}}