{"id":9550,"date":"2023-09-01T23:53:00","date_gmt":"2023-09-01T21:53:00","guid":{"rendered":"https:\/\/pracowniczademokracja.org\/?p=9550"},"modified":"2023-09-04T22:56:08","modified_gmt":"2023-09-04T20:56:08","slug":"aborcja-walka-trwa-nigdy-przenigdy-nie-bedziesz-szla-sama","status":"publish","type":"post","link":"https:\/\/pracowniczademokracja.org\/?p=9550","title":{"rendered":"Aborcja \u2013 walka trwa. \u201eNigdy przenigdy nie b\u0119dziesz sz\u0142a sama!\u201d"},"content":{"rendered":"\n<div class=\"wp-block-image\"><figure class=\"aligncenter size-large is-resized\"><img loading=\"lazy\" decoding=\"async\" src=\"https:\/\/pracowniczademokracja.org\/wp-content\/uploads\/2023\/09\/aborcja.demo_.baner_.warszawa.14.06.2023.jpg\" alt=\"14.06.23 Warszawa\" class=\"wp-image-9551\" width=\"475\" height=\"296\" srcset=\"https:\/\/pracowniczademokracja.org\/wp-content\/uploads\/2023\/09\/aborcja.demo_.baner_.warszawa.14.06.2023.jpg 624w, https:\/\/pracowniczademokracja.org\/wp-content\/uploads\/2023\/09\/aborcja.demo_.baner_.warszawa.14.06.2023-300x188.jpg 300w, https:\/\/pracowniczademokracja.org\/wp-content\/uploads\/2023\/09\/aborcja.demo_.baner_.warszawa.14.06.2023-150x94.jpg 150w\" sizes=\"auto, (max-width: 475px) 100vw, 475px\" \/><figcaption>14.06.23 Warszawa<\/figcaption><\/figure><\/div>\n\n\n\n<p><strong>W pa\u017adzierniku min\u0105 trzy lata od wydania wyroku pisowskiego Trybuna\u0142u Konstytucyjnego wykluczaj\u0105cego mo\u017cliwo\u015b\u0107 aborcji z powodu wad p\u0142odu.<\/strong> <strong>Przeciwko drako\u0144skiemu zaostrzeniu przepis\u00f3w aborcyjnych protestowa\u0142y na ulicach ca\u0142ego kraju setki tysi\u0119cy ludzi. Tylko jednego dnia, 28 pa\u017adziernika 2020 roku, w kilkuset demonstracjach wzi\u0119\u0142o udzia\u0142 oko\u0142o p\u00f3\u0142 miliona os\u00f3b.<\/strong><\/p>\n\n\n\n<p>Trzy lata, kt\u00f3re dziel\u0105 nas od tamtych wydarze\u0144, naznaczone s\u0105 tragicznymi konsekwencjami tego pseudowyroku, w tym przypadkami \u015bmierci kobiet na oddzia\u0142ach po\u0142o\u017cniczych, na kt\u00f3rych lekarze zwlekali z przeprowadzeniem ratuj\u0105cych \u017cycie aborcji. Organizacje takie jak Strajk Kobiet, Aborcyjny Dream Team czy Aborcja bez Granic regularnie organizuj\u0105 kolejne protesty w ramach kampanii \u201eAni jednej wi\u0119cej!\u201d, ostatnie pod wymownym has\u0142em, kt\u00f3re nie pozostawia z\u0142udze\u0144 odno\u015bnie do horroru b\u0119d\u0105cego do\u015bwiadczeniem kobiet pod rz\u0105dami PiS: \u201ePrzesta\u0144cie nas zabija\u0107!\u201d.<\/p>\n\n\n\n<p>R\u00f3wnolegle buduj\u0105 sieci samopomocy dla kobiet, uruchamiaj\u0105 poradnictwo, telefony zaufania, i na r\u00f3\u017cne inne sposoby walcz\u0105 ze stygm\u0105, kt\u00f3r\u0105 obci\u0105\u017cone jest w Polsce przerywanie ci\u0105\u017cy. Tymczasem zwi\u0119kszaj\u0105ca si\u0119 widoczno\u015b\u0107 prowadzonych kampanii i przypadki skutecznych interwencji praw- nych, w tym takich kt\u00f3re polegaj\u0105 na egzekwowaniu prawa do aborcji w konkretnych przypadkach, dzia\u0142aj\u0105 jak p\u0142achta na byka na ultrakonserwatywne organizacje religijne i znajduj\u0105ce si\u0119 u w\u0142adzy populistyczno-rasistowskie formacje polityczne, czerpi\u0105ce korzy\u015bci ze wsp\u00f3\u0142dzielenia szerokiej antyaborcyjnej i antygenderowej platformy.<\/p>\n\n\n\n<p>W grudniu 2022 roku Fundacja \u201e\u017bycie i Rodzina\u201d wraz z Kaj\u0105 Godek z\u0142o\u017cy\u0142a obywatelski projekt ustawy zatytu\u0142owanej: \u201eAborcja to zab\u00f3jstwo\u201d, kt\u00f3ry przewidywa\u0142 stawianie zarzut\u00f3w prokuratorskich i kar\u0119 wi\u0119zienia do dw\u00f3ch lat za samo informowanie o mo\u017cliwo\u015bci przerwania ci\u0105\u017cy na terenie kraju i poza jego granicami. To, \u017ce projekt trafi\u0142 do sejmowej zamra\u017carki, zawdzi\u0119czamy skali protest\u00f3w z lat 2020 i 2021, kt\u00f3re prze\u0142o\u017cy\u0142y si\u0119 na odnotowany w\u00f3wczas w sonda\u017cach spadek poparcia dla Prawa i Sprawiedliwo\u015bci.<\/p>\n\n\n\n<p><strong>Justyna z Warszawy,<\/strong> <strong>Joanna z Krakowa<\/strong><\/p>\n\n\n\n<p>Wyrok na kobiety zapad\u0142, bo takie by\u0142o \u017cyczenie Jaros\u0142awa Kaczy\u0144skiego. Nie jest zaskoczeniem, \u017ce prowadz\u0105ce ze swej natury polityczny nas\u0142uch organy administracji pa\u0144stwowej wyci\u0105gn\u0119\u0142y stosowne wnioski dla swojej dzia\u0142alno\u015bci. W marcu 2023 Justyna Wydrzy\u0144ska z Aborcyjnego Dream Teamu, kt\u00f3ra wys\u0142a\u0142a kobiecie, ofierze przemocy domowej, swoje tabletki poronne, zosta\u0142a uznana przez s\u0105d winn\u0105 udzielenia pomocy w dokonaniu aborcji i skazana na osiem miesi\u0119cy ograniczenia wolno\u015bci przez wykonywanie nieodp\u0142atnej pracy przez 30 godzin w miesi\u0105cu, a s\u0119dzia, kt\u00f3ra orzeka\u0142a w jej sprawie, decyzj\u0105 ministra sprawiedliwo\u015bci Zbigniewa Ziobry b\u0142yskawicznie awansowa\u0142a.<\/p>\n\n\n\n<p>W ostatnim czasie opini\u0119 publiczn\u0105 wyj\u0105tkowo mocno poruszy\u0142 jednak inny przypadek prze\u015bladowania kobiety w kontek\u015bcie toczonych przez rz\u0105dz\u0105cych i \u015brodowiska anti-choice aborcyjnych wojen. Historia Joanny z Krakowa obna\u017cy\u0142a przemoc stosowan\u0105 wobec kobiet przez funkcjonariuszy policji i ich zwierzchnik\u00f3w, ale te\u017c przemoc lekarsk\u0105.<\/p>\n\n\n\n<p>Joanna w kwietniu 2023 roku zdecydowa\u0142a przerwa\u0107 ci\u0105\u017c\u0119, kt\u00f3ra zagra\u017ca\u0142a jej \u017cyciu. Przyj\u0119\u0142a tabletki poronne. Poniewa\u017c \u017ale si\u0119 poczu\u0142a, zadzwoni\u0142a do swojej lekarki po pomoc. Lekarka zadzwoni\u0142a pod numer alarmowy i zg\u0142osi\u0142a spraw\u0119 na policj\u0119. Na szpitalnym oddziale ratunkowym funkcjonariusze kazali Joannie rozebra\u0107 si\u0119 do naga, robi\u0107 przysiady i kaszle\u0107. Przeszukali jej baga\u017c i bezprawnie zabrali laptopa i telefon kom\u00f3rkowy. Kobieta opisuje to zdarzenie m.in. tak:<\/p>\n\n\n\n<p>\u201eRozebra\u0142am si\u0119. Nie zdj\u0119\u0142am majtek, poniewa\u017c wci\u0105\u017c jeszcze krwawi\u0142am i by\u0142o to dla mnie zbyt upokarzaj\u0105ce, poni\u017caj\u0105ce, i wtedy w\u0142a\u015bnie p\u0119k\u0142am, wtedy wykrzycza\u0142am im w twarz: czego wy ode mnie chcecie?!\u201d.<\/p>\n\n\n\n<p>Prawo w Polsce nie karze kobiet za ich w\u0142asne aborcje ani za zakup tabletek dla siebie. Nie stawia si\u0119 im w tych okoliczno\u015bciach zarzut\u00f3w. Policjantami, podejmuj\u0105cymi t\u0119 drastyczn\u0105 interwencj\u0119, kierowa\u0142a zatem antyaborcyjna obsesja, b\u0119d\u0105ca niczym innym jak pok\u0142osiem wyroku Trybuna\u0142u, kt\u00f3ry da\u0142 wyra\u017ane przyzwolenie na traktowanie kobiet w nieludzki spos\u00f3b. Inne przyk\u0142ady tej obsesji to lekarze donosz\u0105cy na swoje pacjentki, s\u0142u\u017cby, kt\u00f3re wypompowuj\u0105 szamba i przekopuj\u0105 ogr\u00f3dki w poszukiwaniu martwych p\u0142od\u00f3w, inwigilowanie organizacji kobiecych, wzywanie na przes\u0142uchania kobiet, kt\u00f3re mia\u0142y aborcj\u0119, oraz os\u00f3b z ich najbli\u017cszego otoczenia.<\/p>\n\n\n\n<p><strong>Wybory i Jana Shostak<\/strong><\/p>\n\n\n\n<p>Historia Joanny z Krakowa nie poruszy\u0142a ani serc, ani sumie\u0144 polityk\u00f3w obozu Zjednoczonej Prawicy. Stan\u0119li murem za policjantami. Z kolei lider Platformy Donald Tusk og\u0142osi\u0142 \u201eMarsz Miliona Serc\u201d, kt\u00f3ry ma si\u0119 odby\u0107 1 pa\u017adziernika, na ostatniej prostej przed wyborami parlamentarnymi.<\/p>\n\n\n\n<p>Jednak na \u017cadnym etapie kampanii wyborczej stosunek do aborcji nie sta\u0142 si\u0119 tematem, za pomoc\u0105 kt\u00f3rego politycy g\u0142\u00f3wnych partii staraliby si\u0119 zdoby\u0107 g\u0142osy wyborc\u00f3w. Chocia\u017c w zesz\u0142ym roku Tusk zapowiedzia\u0142, \u017ce po przej\u0119ciu w\u0142adzy doprowadzi do liberalizacji przepis\u00f3w aborcyjnych w taki spos\u00f3b, \u017ceby aborcja by\u0142a dopuszczalna do 12. tygodnia ci\u0105\u017cy, liberalny zwrot tej formacji w kwestii aborcji nie trafi\u0142 na kampanijne sztandary.<\/p>\n\n\n\n<p>Co wi\u0119cej, z list Koalicji Obywatelskiej, decyzj\u0105 najwi\u0119kszego koalicjanta, czyli Platformy Obywatelskiej, usuni\u0119to pod koniec sierpnia Jan\u0119 Shostak, polsko-bia\u0142orusk\u0105 aktywistk\u0119, kt\u00f3ra by\u0142a kandydatk\u0105 Zielonych. Przyczyn\u0105 usuni\u0119cia by\u0142 wywiad, jakiego Shostak udzieli\u0142a Onetowi. Opowiedzia\u0142a si\u0119 w nim za prawem do przerwania ci\u0105\u017cy bez wzgl\u0119du na czas jej trwania. Dopytywana w innym wywiadzie, co mia\u0142a na my\u015bli, odpowiedzia\u0142a: \u201eMia\u0142am na my\u015bli to, co powiedzia\u0142am. Chcia\u0142abym, \u017ceby ka\u017cda kobieta mia\u0142a wyb\u00f3r i decydowa\u0142a o sobie. Zdarzaj\u0105 si\u0119 bardzo ci\u0119\u017ckie i r\u00f3\u017cne sytuacje u kobiet. Niestety, wci\u0105\u017c nie mamy wyboru\u201d.<\/p>\n\n\n\n<p>Wsp\u00f3\u0142przewodnicz\u0105cy Lewicy Robert Biedro\u0144 zaproponowa\u0142 aktywistce start z list swojego ugrupowania. Sformu\u0142owa\u0142 przy tym postulat, o kt\u00f3rego realizacj\u0119 zabiegaj\u0105 od lat organizacje pro-choice, \u017ce aborcja powinna by\u0107 dost\u0119pna tak szybko, jak to mo\u017cliwe, i tak p\u00f3\u017ano, jak to potrzebne.<\/p>\n\n\n\n<p><strong>Perspektywy wyzwolenia kobiet<\/strong><\/p>\n\n\n\n<p>Bior\u0105c pod uwag\u0119 fataln\u0105 polityk\u0119 Lewicy w wielu kwestiach, jak migracja, NATO i wydatki zbrojeniowe oraz zgoda na wsp\u00f3\u0142rz\u0105dzenie z liberaln\u0105 Platform\u0105, konsekwentna bezkompromisowo\u015b\u0107 w temacie praw kobiet do decydowania o w\u0142asnych cia\u0142ach jest krokiem w dobrym kierunku i da\u0142aby tej formacji szans\u0119 na pozytywne wyr\u00f3\u017cnienie si\u0119 na konserwatywnym tle pozosta\u0142ych ugrupowa\u0144.<\/p>\n\n\n\n<p>Jednak nawet je\u015bli opozycja wygra wybory, zasadnicz\u0105 kwesti\u0105 pozostaje masowa mobilizacja ruch\u00f3w protestu. Do\u015bwiadczenie pokazuje, \u017ce rz\u0105dy wycofuj\u0105 si\u0119 z obietnic reform, wykorzystuj\u0105c rozmaite preteksty z gatunku tych o potrzebie zapewnienia stabilno\u015bci i konieczno\u015bci kompromis\u00f3w.<\/p>\n\n\n\n<p>Kluczow\u0105 rol\u0119 maj\u0105 te\u017c do odegrania zwi\u0105zki zawodowe. Strajki i protesty w miejscu pracy daj\u0105 najwi\u0119ksz\u0105 szans\u0119 na skuteczne podwa\u017cenie zakazu aborcji jako zjawiska o charakterze klasowym. Za przyk\u0142ad dla cz\u0142onk\u00f3w zwi\u0105zk\u00f3w zawodowych i ca\u0142ej klasy pracowniczej niech pos\u0142u\u017c\u0105 motornicze z \u0141odzi, kt\u00f3re zatrzyma\u0142y ruch 40 tramwaj\u00f3w w trakcie protest\u00f3w na jesieni 2020 roku oraz nauczycielki z Zabrza, kt\u00f3re uczestniczy\u0142y w \u201eczarnym prote\u015bcie\u201d w 2016 roku.<\/p>\n\n\n\n<p>Jednak dla polityki socjalizmu oddolnego celem pozostaje pe\u0142nia wyzwolenia kobiet, a o niej nie spos\u00f3b my\u015ble\u0107, nie \u0142\u0105cz\u0105c ze sob\u0105 kwestii systemowej opresji r\u00f3\u017cnych grup mniejszo\u015bciowych, w szczeg\u00f3lno\u015bci kwestii seksizmu i rasizmu, homofobii i transfobii. Aborcja jest zamachem na tradycyjn\u0105, heteronormatywn\u0105 rodzin\u0119, kt\u00f3rej obrony podejmuj\u0105 si\u0119 skrajnie prawicowe ugrupowania na ca\u0142ym \u015bwiecie.<\/p>\n\n\n\n<p>I coraz cz\u0119\u015bciej obron\u0119 t\u0119 \u0142\u0105cz\u0105 z islamofobi\u0105, przedstawiaj\u0105c muzu\u0142man\u00f3w jako zagro\u017cenie dla kobiet. To nowe wyzwanie dla ruch\u00f3w kobiecych, ale to w\u0142a\u015bnie te ruchy znalaz\u0142y si\u0119 w ostatnich latach na pierwszej linii frontu walki z ultrakonserwatywymi, skrajnie prawicowymi ugrupowaniami i ich mizogini- stycznymi liderami, m.in. w Polsce, Argentynie, W\u0142oszech, Hiszpanii i Stanach Zjednoczonych.<\/p>\n\n\n\n<p>Czarne marsze, ruch #metoo, protesty po uchyleniu Roe vs Wade, przeciwstawiaj\u0105c si\u0119 rasistowskiej prawicy, da\u0142y przeciwwag\u0119 dla kampanii strachu konstruowanej na bazie l\u0119k\u00f3w i niepokoj\u00f3w spo\u0142ecznych i ekonomicznych, zafundowanych spo\u0142ecze\u0144stwom przez neoliberalne re\u017cimy ostatnich dekad. Sku- tecznie przeciwstawimy si\u0119 mobilizuj\u0105cej si\u0119 prawicy, \u0142\u0105cz\u0105c si\u0142y. \u201eNigdy przenigdy nie b\u0119dziesz sz\u0142a sama!\u201d i \u201eWszyscy uchod\u017acy s\u0105 mile widziani!\u201d trzeba wykrzykiwa\u0107 jednym tchem.<\/p>\n\n\n\n<p class=\"has-text-align-right\"><strong>Agnieszka Kaleta<\/strong><\/p>\n","protected":false},"excerpt":{"rendered":"<p>W pa\u017adzierniku min\u0105 trzy lata od wydania wyroku pisowskiego Trybuna\u0142u Konstytucyjnego wykluczaj\u0105cego mo\u017cliwo\u015b\u0107 aborcji z powodu wad p\u0142odu. Przeciwko drako\u0144skiemu zaostrzeniu przepis\u00f3w aborcyjnych protestowa\u0142y na ulicach ca\u0142ego kraju setki tysi\u0119cy ludzi. Tylko jednego dnia, 28 pa\u017adziernika 2020 roku, w kilkuset demonstracjach wzi\u0119\u0142o udzia\u0142 oko\u0142o p\u00f3\u0142 miliona os\u00f3b. Trzy lata, kt\u00f3re dziel\u0105 nas od tamtych wydarze\u0144, [&hellip;]<\/p>\n","protected":false},"author":1,"featured_media":9551,"comment_status":"closed","ping_status":"closed","sticky":false,"template":"","format":"standard","meta":{"footnotes":""},"categories":[270],"tags":[97],"class_list":["post-9550","post","type-post","status-publish","format-standard","has-post-thumbnail","hentry","category-gazeta-wrzesien-2023","tag-featured"],"yoast_head":"<!-- This site is optimized with the Yoast SEO plugin v26.7 - https:\/\/yoast.com\/wordpress\/plugins\/seo\/ -->\n<title>Aborcja \u2013 walka trwa. \u201eNigdy przenigdy nie b\u0119dziesz sz\u0142a sama!\u201d - Pracownicza Demokracja<\/title>\n<meta name=\"robots\" content=\"index, follow, max-snippet:-1, max-image-preview:large, max-video-preview:-1\" \/>\n<link rel=\"canonical\" href=\"https:\/\/pracowniczademokracja.org\/?p=9550\" \/>\n<meta property=\"og:locale\" content=\"pl_PL\" \/>\n<meta property=\"og:type\" content=\"article\" \/>\n<meta property=\"og:title\" content=\"Aborcja \u2013 walka trwa. \u201eNigdy przenigdy nie b\u0119dziesz sz\u0142a sama!\u201d - Pracownicza Demokracja\" \/>\n<meta property=\"og:description\" content=\"W pa\u017adzierniku min\u0105 trzy lata od wydania wyroku pisowskiego Trybuna\u0142u Konstytucyjnego wykluczaj\u0105cego mo\u017cliwo\u015b\u0107 aborcji z powodu wad p\u0142odu. Przeciwko drako\u0144skiemu zaostrzeniu przepis\u00f3w aborcyjnych protestowa\u0142y na ulicach ca\u0142ego kraju setki tysi\u0119cy ludzi. Tylko jednego dnia, 28 pa\u017adziernika 2020 roku, w kilkuset demonstracjach wzi\u0119\u0142o udzia\u0142 oko\u0142o p\u00f3\u0142 miliona os\u00f3b. Trzy lata, kt\u00f3re dziel\u0105 nas od tamtych wydarze\u0144, [&hellip;]\" \/>\n<meta property=\"og:url\" content=\"https:\/\/pracowniczademokracja.org\/?p=9550\" \/>\n<meta property=\"og:site_name\" content=\"Pracownicza Demokracja\" \/>\n<meta property=\"article:published_time\" content=\"2023-09-01T21:53:00+00:00\" \/>\n<meta property=\"article:modified_time\" content=\"2023-09-04T20:56:08+00:00\" \/>\n<meta property=\"og:image\" content=\"https:\/\/pracowniczademokracja.org\/wp-content\/uploads\/2023\/09\/aborcja.demo_.baner_.warszawa.14.06.2023.jpg\" \/>\n\t<meta property=\"og:image:width\" content=\"624\" \/>\n\t<meta property=\"og:image:height\" content=\"390\" \/>\n\t<meta property=\"og:image:type\" content=\"image\/jpeg\" \/>\n<meta name=\"author\" content=\".\" \/>\n<meta name=\"twitter:card\" content=\"summary_large_image\" \/>\n<meta name=\"twitter:label1\" content=\"Napisane przez\" \/>\n\t<meta name=\"twitter:data1\" content=\".\" \/>\n\t<meta name=\"twitter:label2\" content=\"Szacowany czas czytania\" \/>\n\t<meta name=\"twitter:data2\" content=\"7 minut\" \/>\n<script type=\"application\/ld+json\" class=\"yoast-schema-graph\">{\"@context\":\"https:\/\/schema.org\",\"@graph\":[{\"@type\":\"Article\",\"@id\":\"https:\/\/pracowniczademokracja.org\/?p=9550#article\",\"isPartOf\":{\"@id\":\"https:\/\/pracowniczademokracja.org\/?p=9550\"},\"author\":{\"name\":\".\",\"@id\":\"https:\/\/pracowniczademokracja.org\/#\/schema\/person\/111010f0277257eac5a64dace1cd1ad8\"},\"headline\":\"Aborcja \u2013 walka trwa. \u201eNigdy przenigdy nie b\u0119dziesz sz\u0142a sama!\u201d\",\"datePublished\":\"2023-09-01T21:53:00+00:00\",\"dateModified\":\"2023-09-04T20:56:08+00:00\",\"mainEntityOfPage\":{\"@id\":\"https:\/\/pracowniczademokracja.org\/?p=9550\"},\"wordCount\":1410,\"image\":{\"@id\":\"https:\/\/pracowniczademokracja.org\/?p=9550#primaryimage\"},\"thumbnailUrl\":\"https:\/\/pracowniczademokracja.org\/wp-content\/uploads\/2023\/09\/aborcja.demo_.baner_.warszawa.14.06.2023.jpg\",\"keywords\":[\"Featured\"],\"articleSection\":[\"Gazeta - wrzesie\u0144 2023\"],\"inLanguage\":\"pl-PL\"},{\"@type\":\"WebPage\",\"@id\":\"https:\/\/pracowniczademokracja.org\/?p=9550\",\"url\":\"https:\/\/pracowniczademokracja.org\/?p=9550\",\"name\":\"Aborcja \u2013 walka trwa. \u201eNigdy przenigdy nie b\u0119dziesz sz\u0142a sama!\u201d - Pracownicza Demokracja\",\"isPartOf\":{\"@id\":\"https:\/\/pracowniczademokracja.org\/#website\"},\"primaryImageOfPage\":{\"@id\":\"https:\/\/pracowniczademokracja.org\/?p=9550#primaryimage\"},\"image\":{\"@id\":\"https:\/\/pracowniczademokracja.org\/?p=9550#primaryimage\"},\"thumbnailUrl\":\"https:\/\/pracowniczademokracja.org\/wp-content\/uploads\/2023\/09\/aborcja.demo_.baner_.warszawa.14.06.2023.jpg\",\"datePublished\":\"2023-09-01T21:53:00+00:00\",\"dateModified\":\"2023-09-04T20:56:08+00:00\",\"author\":{\"@id\":\"https:\/\/pracowniczademokracja.org\/#\/schema\/person\/111010f0277257eac5a64dace1cd1ad8\"},\"breadcrumb\":{\"@id\":\"https:\/\/pracowniczademokracja.org\/?p=9550#breadcrumb\"},\"inLanguage\":\"pl-PL\",\"potentialAction\":[{\"@type\":\"ReadAction\",\"target\":[\"https:\/\/pracowniczademokracja.org\/?p=9550\"]}]},{\"@type\":\"ImageObject\",\"inLanguage\":\"pl-PL\",\"@id\":\"https:\/\/pracowniczademokracja.org\/?p=9550#primaryimage\",\"url\":\"https:\/\/pracowniczademokracja.org\/wp-content\/uploads\/2023\/09\/aborcja.demo_.baner_.warszawa.14.06.2023.jpg\",\"contentUrl\":\"https:\/\/pracowniczademokracja.org\/wp-content\/uploads\/2023\/09\/aborcja.demo_.baner_.warszawa.14.06.2023.jpg\",\"width\":624,\"height\":390},{\"@type\":\"BreadcrumbList\",\"@id\":\"https:\/\/pracowniczademokracja.org\/?p=9550#breadcrumb\",\"itemListElement\":[{\"@type\":\"ListItem\",\"position\":1,\"name\":\"Strona g\u0142\u00f3wna\",\"item\":\"https:\/\/pracowniczademokracja.org\/\"},{\"@type\":\"ListItem\",\"position\":2,\"name\":\"Aborcja \u2013 walka trwa. \u201eNigdy przenigdy nie b\u0119dziesz sz\u0142a sama!\u201d\"}]},{\"@type\":\"WebSite\",\"@id\":\"https:\/\/pracowniczademokracja.org\/#website\",\"url\":\"https:\/\/pracowniczademokracja.org\/\",\"name\":\"Pracownicza Demokracja\",\"description\":\"\",\"potentialAction\":[{\"@type\":\"SearchAction\",\"target\":{\"@type\":\"EntryPoint\",\"urlTemplate\":\"https:\/\/pracowniczademokracja.org\/?s={search_term_string}\"},\"query-input\":{\"@type\":\"PropertyValueSpecification\",\"valueRequired\":true,\"valueName\":\"search_term_string\"}}],\"inLanguage\":\"pl-PL\"},{\"@type\":\"Person\",\"@id\":\"https:\/\/pracowniczademokracja.org\/#\/schema\/person\/111010f0277257eac5a64dace1cd1ad8\",\"name\":\".\",\"url\":\"https:\/\/pracowniczademokracja.org\/?author=1\"}]}<\/script>\n<!-- \/ Yoast SEO plugin. -->","yoast_head_json":{"title":"Aborcja \u2013 walka trwa. \u201eNigdy przenigdy nie b\u0119dziesz sz\u0142a sama!\u201d - Pracownicza Demokracja","robots":{"index":"index","follow":"follow","max-snippet":"max-snippet:-1","max-image-preview":"max-image-preview:large","max-video-preview":"max-video-preview:-1"},"canonical":"https:\/\/pracowniczademokracja.org\/?p=9550","og_locale":"pl_PL","og_type":"article","og_title":"Aborcja \u2013 walka trwa. \u201eNigdy przenigdy nie b\u0119dziesz sz\u0142a sama!\u201d - Pracownicza Demokracja","og_description":"W pa\u017adzierniku min\u0105 trzy lata od wydania wyroku pisowskiego Trybuna\u0142u Konstytucyjnego wykluczaj\u0105cego mo\u017cliwo\u015b\u0107 aborcji z powodu wad p\u0142odu. Przeciwko drako\u0144skiemu zaostrzeniu przepis\u00f3w aborcyjnych protestowa\u0142y na ulicach ca\u0142ego kraju setki tysi\u0119cy ludzi. Tylko jednego dnia, 28 pa\u017adziernika 2020 roku, w kilkuset demonstracjach wzi\u0119\u0142o udzia\u0142 oko\u0142o p\u00f3\u0142 miliona os\u00f3b. Trzy lata, kt\u00f3re dziel\u0105 nas od tamtych wydarze\u0144, [&hellip;]","og_url":"https:\/\/pracowniczademokracja.org\/?p=9550","og_site_name":"Pracownicza Demokracja","article_published_time":"2023-09-01T21:53:00+00:00","article_modified_time":"2023-09-04T20:56:08+00:00","og_image":[{"width":624,"height":390,"url":"https:\/\/pracowniczademokracja.org\/wp-content\/uploads\/2023\/09\/aborcja.demo_.baner_.warszawa.14.06.2023.jpg","type":"image\/jpeg"}],"author":".","twitter_card":"summary_large_image","twitter_misc":{"Napisane przez":".","Szacowany czas czytania":"7 minut"},"schema":{"@context":"https:\/\/schema.org","@graph":[{"@type":"Article","@id":"https:\/\/pracowniczademokracja.org\/?p=9550#article","isPartOf":{"@id":"https:\/\/pracowniczademokracja.org\/?p=9550"},"author":{"name":".","@id":"https:\/\/pracowniczademokracja.org\/#\/schema\/person\/111010f0277257eac5a64dace1cd1ad8"},"headline":"Aborcja \u2013 walka trwa. \u201eNigdy przenigdy nie b\u0119dziesz sz\u0142a sama!\u201d","datePublished":"2023-09-01T21:53:00+00:00","dateModified":"2023-09-04T20:56:08+00:00","mainEntityOfPage":{"@id":"https:\/\/pracowniczademokracja.org\/?p=9550"},"wordCount":1410,"image":{"@id":"https:\/\/pracowniczademokracja.org\/?p=9550#primaryimage"},"thumbnailUrl":"https:\/\/pracowniczademokracja.org\/wp-content\/uploads\/2023\/09\/aborcja.demo_.baner_.warszawa.14.06.2023.jpg","keywords":["Featured"],"articleSection":["Gazeta - wrzesie\u0144 2023"],"inLanguage":"pl-PL"},{"@type":"WebPage","@id":"https:\/\/pracowniczademokracja.org\/?p=9550","url":"https:\/\/pracowniczademokracja.org\/?p=9550","name":"Aborcja \u2013 walka trwa. \u201eNigdy przenigdy nie b\u0119dziesz sz\u0142a sama!\u201d - Pracownicza Demokracja","isPartOf":{"@id":"https:\/\/pracowniczademokracja.org\/#website"},"primaryImageOfPage":{"@id":"https:\/\/pracowniczademokracja.org\/?p=9550#primaryimage"},"image":{"@id":"https:\/\/pracowniczademokracja.org\/?p=9550#primaryimage"},"thumbnailUrl":"https:\/\/pracowniczademokracja.org\/wp-content\/uploads\/2023\/09\/aborcja.demo_.baner_.warszawa.14.06.2023.jpg","datePublished":"2023-09-01T21:53:00+00:00","dateModified":"2023-09-04T20:56:08+00:00","author":{"@id":"https:\/\/pracowniczademokracja.org\/#\/schema\/person\/111010f0277257eac5a64dace1cd1ad8"},"breadcrumb":{"@id":"https:\/\/pracowniczademokracja.org\/?p=9550#breadcrumb"},"inLanguage":"pl-PL","potentialAction":[{"@type":"ReadAction","target":["https:\/\/pracowniczademokracja.org\/?p=9550"]}]},{"@type":"ImageObject","inLanguage":"pl-PL","@id":"https:\/\/pracowniczademokracja.org\/?p=9550#primaryimage","url":"https:\/\/pracowniczademokracja.org\/wp-content\/uploads\/2023\/09\/aborcja.demo_.baner_.warszawa.14.06.2023.jpg","contentUrl":"https:\/\/pracowniczademokracja.org\/wp-content\/uploads\/2023\/09\/aborcja.demo_.baner_.warszawa.14.06.2023.jpg","width":624,"height":390},{"@type":"BreadcrumbList","@id":"https:\/\/pracowniczademokracja.org\/?p=9550#breadcrumb","itemListElement":[{"@type":"ListItem","position":1,"name":"Strona g\u0142\u00f3wna","item":"https:\/\/pracowniczademokracja.org\/"},{"@type":"ListItem","position":2,"name":"Aborcja \u2013 walka trwa. \u201eNigdy przenigdy nie b\u0119dziesz sz\u0142a sama!\u201d"}]},{"@type":"WebSite","@id":"https:\/\/pracowniczademokracja.org\/#website","url":"https:\/\/pracowniczademokracja.org\/","name":"Pracownicza Demokracja","description":"","potentialAction":[{"@type":"SearchAction","target":{"@type":"EntryPoint","urlTemplate":"https:\/\/pracowniczademokracja.org\/?s={search_term_string}"},"query-input":{"@type":"PropertyValueSpecification","valueRequired":true,"valueName":"search_term_string"}}],"inLanguage":"pl-PL"},{"@type":"Person","@id":"https:\/\/pracowniczademokracja.org\/#\/schema\/person\/111010f0277257eac5a64dace1cd1ad8","name":".","url":"https:\/\/pracowniczademokracja.org\/?author=1"}]}},"_links":{"self":[{"href":"https:\/\/pracowniczademokracja.org\/index.php?rest_route=\/wp\/v2\/posts\/9550","targetHints":{"allow":["GET"]}}],"collection":[{"href":"https:\/\/pracowniczademokracja.org\/index.php?rest_route=\/wp\/v2\/posts"}],"about":[{"href":"https:\/\/pracowniczademokracja.org\/index.php?rest_route=\/wp\/v2\/types\/post"}],"author":[{"embeddable":true,"href":"https:\/\/pracowniczademokracja.org\/index.php?rest_route=\/wp\/v2\/users\/1"}],"replies":[{"embeddable":true,"href":"https:\/\/pracowniczademokracja.org\/index.php?rest_route=%2Fwp%2Fv2%2Fcomments&post=9550"}],"version-history":[{"count":1,"href":"https:\/\/pracowniczademokracja.org\/index.php?rest_route=\/wp\/v2\/posts\/9550\/revisions"}],"predecessor-version":[{"id":9552,"href":"https:\/\/pracowniczademokracja.org\/index.php?rest_route=\/wp\/v2\/posts\/9550\/revisions\/9552"}],"wp:featuredmedia":[{"embeddable":true,"href":"https:\/\/pracowniczademokracja.org\/index.php?rest_route=\/wp\/v2\/media\/9551"}],"wp:attachment":[{"href":"https:\/\/pracowniczademokracja.org\/index.php?rest_route=%2Fwp%2Fv2%2Fmedia&parent=9550"}],"wp:term":[{"taxonomy":"category","embeddable":true,"href":"https:\/\/pracowniczademokracja.org\/index.php?rest_route=%2Fwp%2Fv2%2Fcategories&post=9550"},{"taxonomy":"post_tag","embeddable":true,"href":"https:\/\/pracowniczademokracja.org\/index.php?rest_route=%2Fwp%2Fv2%2Ftags&post=9550"}],"curies":[{"name":"wp","href":"https:\/\/api.w.org\/{rel}","templated":true}]}}