{"id":9547,"date":"2023-09-01T23:55:00","date_gmt":"2023-09-01T21:55:00","guid":{"rendered":"https:\/\/pracowniczademokracja.org\/?p=9547"},"modified":"2023-09-04T22:47:32","modified_gmt":"2023-09-04T20:47:32","slug":"uwolnic-borysa-kagarlickiego","status":"publish","type":"post","link":"https:\/\/pracowniczademokracja.org\/?p=9547","title":{"rendered":"Uwolni\u0107 Borysa Kagarlickiego!"},"content":{"rendered":"\n<div class=\"wp-block-image\"><figure class=\"aligncenter size-large is-resized\"><img loading=\"lazy\" decoding=\"async\" src=\"https:\/\/pracowniczademokracja.org\/wp-content\/uploads\/2023\/09\/borys.kagarlicki.26.07.2023.jpg\" alt=\"26.07.23. Borys Kagarlicki w S\u0105dzie Miejskim w Syktywkarze.\" class=\"wp-image-9548\" width=\"475\" height=\"267\" srcset=\"https:\/\/pracowniczademokracja.org\/wp-content\/uploads\/2023\/09\/borys.kagarlicki.26.07.2023.jpg 622w, https:\/\/pracowniczademokracja.org\/wp-content\/uploads\/2023\/09\/borys.kagarlicki.26.07.2023-300x169.jpg 300w, https:\/\/pracowniczademokracja.org\/wp-content\/uploads\/2023\/09\/borys.kagarlicki.26.07.2023-150x84.jpg 150w\" sizes=\"auto, (max-width: 475px) 100vw, 475px\" \/><figcaption>26.07.23. Borys Kagarlicki w S\u0105dzie Miejskim w Syktywkarze.<\/figcaption><\/figure><\/div>\n\n\n\n<p><strong>Uwolni\u0107 Borysa<\/strong> <strong>Kagarlickiego!<\/strong><\/p>\n\n\n\n<p><strong>Warto podpisa\u0107 petycj\u0119.<\/strong><\/p>\n\n\n\n<p>Oto link: <a href=\"https:\/\/chng.it\/X7tTcqGs7z\" target=\"_blank\" rel=\"noreferrer noopener\">https:\/\/chng.it\/X7tTcqGs7z<\/a><\/p>\n\n\n\n<p>T\u0142umaczenie tekstu angielskiego:<\/p>\n\n\n\n<p><strong>UWOLNI\u0106<\/strong> <strong>BORYSA KAGARLICKIEGO!<\/strong><\/p>\n\n\n\n<p>Piszemy w prote\u015bcie przeciwko zatrzymaniu wybitnego rosyjskiego antykapitalistycznego intelektualisty i dzia\u0142acza anty- wojennego Borysa Kagarlickiego pod zarzutem \u201eusprawiedliwiania terroryzmu\u201d. Jego proces odb\u0119dzie si\u0119 w odleg\u0142ym p\u00f3\u0142nocnym mie\u015bcie Syktywkar, aby uniemo\u017cliwi\u0107 skuteczny protest polityczny. Dr Kagarlicki by\u0142 lewicowym dysydentem pod koniec ery sowieckiej i zosta\u0142 aresztowany za \u201edzia\u0142alno\u015b\u0107 antyradzieck\u0105\u201d w 1982 roku. Po upadku Zwi\u0105zku Radzieckiego jego liczne pisma uczyni\u0142y go najbardziej znanym krytycznym marksist\u0105 w Rosji. Wyk\u0142ada\u0142 w wielu rosyjskich instytucjach naukowych, kierowa\u0142 Instytutem Studi\u00f3w nad Globalizacj\u0105 i Ruch\u00f3w Spo\u0142ecznych oraz jest wsp\u00f3\u0142pracownikiem Transnational Institute.<\/p>\n\n\n\n<p>Aresztowanie dr Kagarlickiego jest bez w\u0105tpienia odpowiedzi\u0105 na jego sprzeciw wobec rosyjskiej inwazji na Ukrain\u0119, jako cz\u0119\u015b\u0107 bardziej og\u00f3lnego ruchu przeciwko antywojennej lewicy. W czerwcu rosyjski rz\u0105d og\u0142osi\u0142 go \u201ezagranicznym agentem\u201d. To absurd. Dr Kagarlicki by\u0142 szczerym krytykiem imperialistycznych przyg\u00f3d Zachodu w Afganistanie i Iraku oraz czo\u0142ow\u0105 postaci\u0105 ruchu przeciwko neoliberalnej globalizacji. Wzywamy w\u0142adze Federacji Rosyjskiej do poszanowania wolno\u015bci s\u0142owa i prawa do protestu swoich obywateli oraz do natychmiastowego i bezwarunkowego uwolnienia Borysa Kagarlickiego i wszystkich innych wi\u0119\u017ani\u00f3w antywojennych.<\/p>\n","protected":false},"excerpt":{"rendered":"<p>Uwolni\u0107 Borysa Kagarlickiego! Warto podpisa\u0107 petycj\u0119. Oto link: https:\/\/chng.it\/X7tTcqGs7z T\u0142umaczenie tekstu angielskiego: UWOLNI\u0106 BORYSA KAGARLICKIEGO! Piszemy w prote\u015bcie przeciwko zatrzymaniu wybitnego rosyjskiego antykapitalistycznego intelektualisty i dzia\u0142acza anty- wojennego Borysa Kagarlickiego pod zarzutem \u201eusprawiedliwiania terroryzmu\u201d. Jego proces odb\u0119dzie si\u0119 w odleg\u0142ym p\u00f3\u0142nocnym mie\u015bcie Syktywkar, aby uniemo\u017cliwi\u0107 skuteczny protest polityczny. Dr Kagarlicki by\u0142 lewicowym dysydentem pod koniec [&hellip;]<\/p>\n","protected":false},"author":1,"featured_media":9548,"comment_status":"closed","ping_status":"closed","sticky":false,"template":"","format":"standard","meta":{"footnotes":""},"categories":[270],"tags":[97],"class_list":["post-9547","post","type-post","status-publish","format-standard","has-post-thumbnail","hentry","category-gazeta-wrzesien-2023","tag-featured"],"yoast_head":"<!-- This site is optimized with the Yoast SEO plugin v26.7 - https:\/\/yoast.com\/wordpress\/plugins\/seo\/ -->\n<title>Uwolni\u0107 Borysa Kagarlickiego! - Pracownicza Demokracja<\/title>\n<meta name=\"robots\" content=\"index, follow, max-snippet:-1, max-image-preview:large, max-video-preview:-1\" \/>\n<link rel=\"canonical\" href=\"https:\/\/pracowniczademokracja.org\/?p=9547\" \/>\n<meta property=\"og:locale\" content=\"pl_PL\" \/>\n<meta property=\"og:type\" content=\"article\" \/>\n<meta property=\"og:title\" content=\"Uwolni\u0107 Borysa Kagarlickiego! - Pracownicza Demokracja\" \/>\n<meta property=\"og:description\" content=\"Uwolni\u0107 Borysa Kagarlickiego! Warto podpisa\u0107 petycj\u0119. Oto link: https:\/\/chng.it\/X7tTcqGs7z T\u0142umaczenie tekstu angielskiego: UWOLNI\u0106 BORYSA KAGARLICKIEGO! Piszemy w prote\u015bcie przeciwko zatrzymaniu wybitnego rosyjskiego antykapitalistycznego intelektualisty i dzia\u0142acza anty- wojennego Borysa Kagarlickiego pod zarzutem \u201eusprawiedliwiania terroryzmu\u201d. Jego proces odb\u0119dzie si\u0119 w odleg\u0142ym p\u00f3\u0142nocnym mie\u015bcie Syktywkar, aby uniemo\u017cliwi\u0107 skuteczny protest polityczny. Dr Kagarlicki by\u0142 lewicowym dysydentem pod koniec [&hellip;]\" \/>\n<meta property=\"og:url\" content=\"https:\/\/pracowniczademokracja.org\/?p=9547\" \/>\n<meta property=\"og:site_name\" content=\"Pracownicza Demokracja\" \/>\n<meta property=\"article:published_time\" content=\"2023-09-01T21:55:00+00:00\" \/>\n<meta property=\"article:modified_time\" content=\"2023-09-04T20:47:32+00:00\" \/>\n<meta property=\"og:image\" content=\"https:\/\/pracowniczademokracja.org\/wp-content\/uploads\/2023\/09\/borys.kagarlicki.26.07.2023.jpg\" \/>\n\t<meta property=\"og:image:width\" content=\"622\" \/>\n\t<meta property=\"og:image:height\" content=\"350\" \/>\n\t<meta property=\"og:image:type\" content=\"image\/jpeg\" \/>\n<meta name=\"author\" content=\".\" \/>\n<meta name=\"twitter:card\" content=\"summary_large_image\" \/>\n<meta name=\"twitter:label1\" content=\"Napisane przez\" \/>\n\t<meta name=\"twitter:data1\" content=\".\" \/>\n\t<meta name=\"twitter:label2\" content=\"Szacowany czas czytania\" \/>\n\t<meta name=\"twitter:data2\" content=\"1 minuta\" \/>\n<script type=\"application\/ld+json\" class=\"yoast-schema-graph\">{\"@context\":\"https:\/\/schema.org\",\"@graph\":[{\"@type\":\"Article\",\"@id\":\"https:\/\/pracowniczademokracja.org\/?p=9547#article\",\"isPartOf\":{\"@id\":\"https:\/\/pracowniczademokracja.org\/?p=9547\"},\"author\":{\"name\":\".\",\"@id\":\"https:\/\/pracowniczademokracja.org\/#\/schema\/person\/111010f0277257eac5a64dace1cd1ad8\"},\"headline\":\"Uwolni\u0107 Borysa Kagarlickiego!\",\"datePublished\":\"2023-09-01T21:55:00+00:00\",\"dateModified\":\"2023-09-04T20:47:32+00:00\",\"mainEntityOfPage\":{\"@id\":\"https:\/\/pracowniczademokracja.org\/?p=9547\"},\"wordCount\":221,\"image\":{\"@id\":\"https:\/\/pracowniczademokracja.org\/?p=9547#primaryimage\"},\"thumbnailUrl\":\"https:\/\/pracowniczademokracja.org\/wp-content\/uploads\/2023\/09\/borys.kagarlicki.26.07.2023.jpg\",\"keywords\":[\"Featured\"],\"articleSection\":[\"Gazeta - wrzesie\u0144 2023\"],\"inLanguage\":\"pl-PL\"},{\"@type\":\"WebPage\",\"@id\":\"https:\/\/pracowniczademokracja.org\/?p=9547\",\"url\":\"https:\/\/pracowniczademokracja.org\/?p=9547\",\"name\":\"Uwolni\u0107 Borysa Kagarlickiego! - Pracownicza Demokracja\",\"isPartOf\":{\"@id\":\"https:\/\/pracowniczademokracja.org\/#website\"},\"primaryImageOfPage\":{\"@id\":\"https:\/\/pracowniczademokracja.org\/?p=9547#primaryimage\"},\"image\":{\"@id\":\"https:\/\/pracowniczademokracja.org\/?p=9547#primaryimage\"},\"thumbnailUrl\":\"https:\/\/pracowniczademokracja.org\/wp-content\/uploads\/2023\/09\/borys.kagarlicki.26.07.2023.jpg\",\"datePublished\":\"2023-09-01T21:55:00+00:00\",\"dateModified\":\"2023-09-04T20:47:32+00:00\",\"author\":{\"@id\":\"https:\/\/pracowniczademokracja.org\/#\/schema\/person\/111010f0277257eac5a64dace1cd1ad8\"},\"breadcrumb\":{\"@id\":\"https:\/\/pracowniczademokracja.org\/?p=9547#breadcrumb\"},\"inLanguage\":\"pl-PL\",\"potentialAction\":[{\"@type\":\"ReadAction\",\"target\":[\"https:\/\/pracowniczademokracja.org\/?p=9547\"]}]},{\"@type\":\"ImageObject\",\"inLanguage\":\"pl-PL\",\"@id\":\"https:\/\/pracowniczademokracja.org\/?p=9547#primaryimage\",\"url\":\"https:\/\/pracowniczademokracja.org\/wp-content\/uploads\/2023\/09\/borys.kagarlicki.26.07.2023.jpg\",\"contentUrl\":\"https:\/\/pracowniczademokracja.org\/wp-content\/uploads\/2023\/09\/borys.kagarlicki.26.07.2023.jpg\",\"width\":622,\"height\":350},{\"@type\":\"BreadcrumbList\",\"@id\":\"https:\/\/pracowniczademokracja.org\/?p=9547#breadcrumb\",\"itemListElement\":[{\"@type\":\"ListItem\",\"position\":1,\"name\":\"Strona g\u0142\u00f3wna\",\"item\":\"https:\/\/pracowniczademokracja.org\/\"},{\"@type\":\"ListItem\",\"position\":2,\"name\":\"Uwolni\u0107 Borysa Kagarlickiego!\"}]},{\"@type\":\"WebSite\",\"@id\":\"https:\/\/pracowniczademokracja.org\/#website\",\"url\":\"https:\/\/pracowniczademokracja.org\/\",\"name\":\"Pracownicza Demokracja\",\"description\":\"\",\"potentialAction\":[{\"@type\":\"SearchAction\",\"target\":{\"@type\":\"EntryPoint\",\"urlTemplate\":\"https:\/\/pracowniczademokracja.org\/?s={search_term_string}\"},\"query-input\":{\"@type\":\"PropertyValueSpecification\",\"valueRequired\":true,\"valueName\":\"search_term_string\"}}],\"inLanguage\":\"pl-PL\"},{\"@type\":\"Person\",\"@id\":\"https:\/\/pracowniczademokracja.org\/#\/schema\/person\/111010f0277257eac5a64dace1cd1ad8\",\"name\":\".\",\"url\":\"https:\/\/pracowniczademokracja.org\/?author=1\"}]}<\/script>\n<!-- \/ Yoast SEO plugin. -->","yoast_head_json":{"title":"Uwolni\u0107 Borysa Kagarlickiego! - Pracownicza Demokracja","robots":{"index":"index","follow":"follow","max-snippet":"max-snippet:-1","max-image-preview":"max-image-preview:large","max-video-preview":"max-video-preview:-1"},"canonical":"https:\/\/pracowniczademokracja.org\/?p=9547","og_locale":"pl_PL","og_type":"article","og_title":"Uwolni\u0107 Borysa Kagarlickiego! - Pracownicza Demokracja","og_description":"Uwolni\u0107 Borysa Kagarlickiego! Warto podpisa\u0107 petycj\u0119. Oto link: https:\/\/chng.it\/X7tTcqGs7z T\u0142umaczenie tekstu angielskiego: UWOLNI\u0106 BORYSA KAGARLICKIEGO! Piszemy w prote\u015bcie przeciwko zatrzymaniu wybitnego rosyjskiego antykapitalistycznego intelektualisty i dzia\u0142acza anty- wojennego Borysa Kagarlickiego pod zarzutem \u201eusprawiedliwiania terroryzmu\u201d. Jego proces odb\u0119dzie si\u0119 w odleg\u0142ym p\u00f3\u0142nocnym mie\u015bcie Syktywkar, aby uniemo\u017cliwi\u0107 skuteczny protest polityczny. Dr Kagarlicki by\u0142 lewicowym dysydentem pod koniec [&hellip;]","og_url":"https:\/\/pracowniczademokracja.org\/?p=9547","og_site_name":"Pracownicza Demokracja","article_published_time":"2023-09-01T21:55:00+00:00","article_modified_time":"2023-09-04T20:47:32+00:00","og_image":[{"width":622,"height":350,"url":"https:\/\/pracowniczademokracja.org\/wp-content\/uploads\/2023\/09\/borys.kagarlicki.26.07.2023.jpg","type":"image\/jpeg"}],"author":".","twitter_card":"summary_large_image","twitter_misc":{"Napisane przez":".","Szacowany czas czytania":"1 minuta"},"schema":{"@context":"https:\/\/schema.org","@graph":[{"@type":"Article","@id":"https:\/\/pracowniczademokracja.org\/?p=9547#article","isPartOf":{"@id":"https:\/\/pracowniczademokracja.org\/?p=9547"},"author":{"name":".","@id":"https:\/\/pracowniczademokracja.org\/#\/schema\/person\/111010f0277257eac5a64dace1cd1ad8"},"headline":"Uwolni\u0107 Borysa Kagarlickiego!","datePublished":"2023-09-01T21:55:00+00:00","dateModified":"2023-09-04T20:47:32+00:00","mainEntityOfPage":{"@id":"https:\/\/pracowniczademokracja.org\/?p=9547"},"wordCount":221,"image":{"@id":"https:\/\/pracowniczademokracja.org\/?p=9547#primaryimage"},"thumbnailUrl":"https:\/\/pracowniczademokracja.org\/wp-content\/uploads\/2023\/09\/borys.kagarlicki.26.07.2023.jpg","keywords":["Featured"],"articleSection":["Gazeta - wrzesie\u0144 2023"],"inLanguage":"pl-PL"},{"@type":"WebPage","@id":"https:\/\/pracowniczademokracja.org\/?p=9547","url":"https:\/\/pracowniczademokracja.org\/?p=9547","name":"Uwolni\u0107 Borysa Kagarlickiego! - Pracownicza Demokracja","isPartOf":{"@id":"https:\/\/pracowniczademokracja.org\/#website"},"primaryImageOfPage":{"@id":"https:\/\/pracowniczademokracja.org\/?p=9547#primaryimage"},"image":{"@id":"https:\/\/pracowniczademokracja.org\/?p=9547#primaryimage"},"thumbnailUrl":"https:\/\/pracowniczademokracja.org\/wp-content\/uploads\/2023\/09\/borys.kagarlicki.26.07.2023.jpg","datePublished":"2023-09-01T21:55:00+00:00","dateModified":"2023-09-04T20:47:32+00:00","author":{"@id":"https:\/\/pracowniczademokracja.org\/#\/schema\/person\/111010f0277257eac5a64dace1cd1ad8"},"breadcrumb":{"@id":"https:\/\/pracowniczademokracja.org\/?p=9547#breadcrumb"},"inLanguage":"pl-PL","potentialAction":[{"@type":"ReadAction","target":["https:\/\/pracowniczademokracja.org\/?p=9547"]}]},{"@type":"ImageObject","inLanguage":"pl-PL","@id":"https:\/\/pracowniczademokracja.org\/?p=9547#primaryimage","url":"https:\/\/pracowniczademokracja.org\/wp-content\/uploads\/2023\/09\/borys.kagarlicki.26.07.2023.jpg","contentUrl":"https:\/\/pracowniczademokracja.org\/wp-content\/uploads\/2023\/09\/borys.kagarlicki.26.07.2023.jpg","width":622,"height":350},{"@type":"BreadcrumbList","@id":"https:\/\/pracowniczademokracja.org\/?p=9547#breadcrumb","itemListElement":[{"@type":"ListItem","position":1,"name":"Strona g\u0142\u00f3wna","item":"https:\/\/pracowniczademokracja.org\/"},{"@type":"ListItem","position":2,"name":"Uwolni\u0107 Borysa Kagarlickiego!"}]},{"@type":"WebSite","@id":"https:\/\/pracowniczademokracja.org\/#website","url":"https:\/\/pracowniczademokracja.org\/","name":"Pracownicza Demokracja","description":"","potentialAction":[{"@type":"SearchAction","target":{"@type":"EntryPoint","urlTemplate":"https:\/\/pracowniczademokracja.org\/?s={search_term_string}"},"query-input":{"@type":"PropertyValueSpecification","valueRequired":true,"valueName":"search_term_string"}}],"inLanguage":"pl-PL"},{"@type":"Person","@id":"https:\/\/pracowniczademokracja.org\/#\/schema\/person\/111010f0277257eac5a64dace1cd1ad8","name":".","url":"https:\/\/pracowniczademokracja.org\/?author=1"}]}},"_links":{"self":[{"href":"https:\/\/pracowniczademokracja.org\/index.php?rest_route=\/wp\/v2\/posts\/9547","targetHints":{"allow":["GET"]}}],"collection":[{"href":"https:\/\/pracowniczademokracja.org\/index.php?rest_route=\/wp\/v2\/posts"}],"about":[{"href":"https:\/\/pracowniczademokracja.org\/index.php?rest_route=\/wp\/v2\/types\/post"}],"author":[{"embeddable":true,"href":"https:\/\/pracowniczademokracja.org\/index.php?rest_route=\/wp\/v2\/users\/1"}],"replies":[{"embeddable":true,"href":"https:\/\/pracowniczademokracja.org\/index.php?rest_route=%2Fwp%2Fv2%2Fcomments&post=9547"}],"version-history":[{"count":1,"href":"https:\/\/pracowniczademokracja.org\/index.php?rest_route=\/wp\/v2\/posts\/9547\/revisions"}],"predecessor-version":[{"id":9549,"href":"https:\/\/pracowniczademokracja.org\/index.php?rest_route=\/wp\/v2\/posts\/9547\/revisions\/9549"}],"wp:featuredmedia":[{"embeddable":true,"href":"https:\/\/pracowniczademokracja.org\/index.php?rest_route=\/wp\/v2\/media\/9548"}],"wp:attachment":[{"href":"https:\/\/pracowniczademokracja.org\/index.php?rest_route=%2Fwp%2Fv2%2Fmedia&parent=9547"}],"wp:term":[{"taxonomy":"category","embeddable":true,"href":"https:\/\/pracowniczademokracja.org\/index.php?rest_route=%2Fwp%2Fv2%2Fcategories&post=9547"},{"taxonomy":"post_tag","embeddable":true,"href":"https:\/\/pracowniczademokracja.org\/index.php?rest_route=%2Fwp%2Fv2%2Ftags&post=9547"}],"curies":[{"name":"wp","href":"https:\/\/api.w.org\/{rel}","templated":true}]}}