{"id":7860,"date":"2021-05-01T23:30:00","date_gmt":"2021-05-01T21:30:00","guid":{"rendered":"https:\/\/pracowniczademokracja.org\/?p=7860"},"modified":"2021-05-12T00:58:43","modified_gmt":"2021-05-11T22:58:43","slug":"co-slychac-cytaty-z-mediow-wiersz","status":"publish","type":"post","link":"https:\/\/pracowniczademokracja.org\/?p=7860","title":{"rendered":"Co s\u0142ycha\u0107\u201d \u2013 Cytaty z medi\u00f3w + Wiersz"},"content":{"rendered":"\n<p style=\"font-size:17px\"><strong>103 000 nadmiar\u00f3w zgon\u00f3w \u2013 zapa\u015b\u0107 ochrony zdrowia<\/strong><\/p>\n\n\n\n<p>W ci\u0105gu ca\u0142ego roku pandemii COVID-19 liczba nadmiarowych zgon\u00f3w w Polsce wynios\u0142a ponad 103 tysi\u0105ce. W samym pierwszym kwartale tego roku nadmiarowych zgon\u00f3w by\u0142o ponad 26 tysi\u0119cy. Zdaniem eksperta Narodowego Instytutu Zdrowia Publicznego &#8211; Pa\u0144stwowego Zak\u0142adu Higieny to pokazuje, \u201ejak COVID-19 pozatyka\u0142 systemy ochrony zdrowia&#8221; w naszym kraju (\u201d) Wed\u0142ug danych Europejskiego Urz\u0119du Statystycznego odsetek takich zgon\u00f3w &#8211; liczony jako \u015brednia miesi\u0119cznych wzrost\u00f3w &#8211; od marca 2020 roku do stycznia 2021 roku wyni\u00f3s\u0142 u nas 23,5 proc. w por\u00f3wnaniu z latami 2016-2019. By\u0142o to najwi\u0119cej w krajach Unii Europejskiej (?) I tak: je\u017celi chodzi o ca\u0142y okres pandemii &#8211; od marca do marca &#8211; \u0142\u0105czna liczba nadmiarowych zgon\u00f3w w Polsce wynios\u0142a 103 378.<\/p>\n\n\n\n<p>1<strong>6.04.2021 konkret24.tvn24.pl<\/strong><\/p>\n\n\n\n<hr class=\"wp-block-separator\"\/>\n\n\n\n<p style=\"font-size:17px\"><strong>Szokuj\u0105ca brutalno\u015b\u0107 policji \u2013 Babcia Kasia si\u0119 nie poddaje<\/strong><\/p>\n\n\n\n<div class=\"wp-block-image\"><figure class=\"aligncenter size-large is-resized\"><img loading=\"lazy\" decoding=\"async\" src=\"https:\/\/pracowniczademokracja.org\/wp-content\/uploads\/2021\/05\/babcia.kasia_.brutalna.policja.warszawa.21.04.2021.jpg\" alt=\"21.04.21. Przed S\u0105dem Najwy\u017cszym. Babcia Kasia wleczona po ziemi.\" class=\"wp-image-7861\" width=\"475\" height=\"315\" srcset=\"https:\/\/pracowniczademokracja.org\/wp-content\/uploads\/2021\/05\/babcia.kasia_.brutalna.policja.warszawa.21.04.2021-300x200.jpg 300w, https:\/\/pracowniczademokracja.org\/wp-content\/uploads\/2021\/05\/babcia.kasia_.brutalna.policja.warszawa.21.04.2021-150x100.jpg 150w\" sizes=\"auto, (max-width: 475px) 100vw, 475px\" \/><figcaption>21.04.21. Przed S\u0105dem Najwy\u017cszym. Babcia Kasia wleczona po ziemi.<\/figcaption><\/figure><\/div>\n\n\n\n<p>W relacji OKO.press z procesu, \u015bwiadkowie opowiadaj\u0105 o zatrzymaniu Katarzyny Augustynek. Do\u015bwiadczone demonstrantki s\u0105 wstrz\u0105\u015bni\u0119te.<\/p>\n\n\n\n<p>Anna Szmel: \u201eMnie wyniesiono w spos\u00f3b elegancki. To, co zobaczy\u0142am, by\u0142o straszne. Pani\u0105 Katarzyn\u0119 ci\u0105gn\u0119li we dw\u00f3ch, za nadgarstki po chodniku, zgubi\u0142a buty, nogami tar\u0142a o chodnik, to by\u0142o wstrz\u0105saj\u0105ce, podwin\u0119\u0142a jej si\u0119 sp\u00f3dnica. Wiele razy by\u0142am wynoszona, ale czego\u015b takiego nie widzia\u0142am, nie do\u015bwiadczy\u0142am, zwierz\u0119cia si\u0119 tak nie traktuje. Mnie wyniesiono, pani\u0105 Kasi\u0119 zawleczono\u201d.<\/p>\n\n\n\n<p>Katarzyna Izydorczyk: \u201eJak si\u0119 niesie kogo\u015b jak worek, to cz\u0142owiek ma instynkt, porusza si\u0119. Ona by\u0142a wynoszona jak zwierzyna. Pierwszy raz w \u017cyciu widzia\u0142am, \u017ce tak brutalnie mo\u017cna kogo\u015b traktowa\u0107. To by\u0142 wstrz\u0105saj\u0105cy widok dla mnie\u201d.<\/p>\n\n\n\n<p>Tak brutalnie policja interweniowa\u0142a ju\u017c podczas miesi\u0119cznicy 10 kwietnia 2021. Babcia Kasia opowiada\u0142a OKO.press: \u201eChwycili mnie bole\u015bnie za ramiona, za nogi. Sp\u00f3dnica wyl\u0105dowa\u0142a mi na twarzy. Zawsze do tej pory suki podje\u017cd\u017ca\u0142y blisko, np. pod gmachem TVP, tym razem wlekli mnie bez ko\u0144ca, bola\u0142o, wi\u0119c krzycza\u0142am, ba\u0142am si\u0119, \u017ce policjant z\u0142amie mi prawy nadgarstek, bo wygina\u0142 mi d\u0142o\u0144. W ko\u0144cu us\u0142ysza\u0142am \u201eTo za nogi i wrzucamy\u201d i rzucili mnie na pod\u0142og\u0119 suki. Bo\u017ce, czy oni nie sprz\u0105taj\u0105 tych suk\u201d! Straszne rzeczy wyczesa\u0142am potem z w\u0142os\u00f3w\u201d.<br><strong>OKO.press 23.04.2021<\/strong><\/p>\n\n\n\n<p><\/p>\n\n\n\n<p class=\"has-background\" style=\"background-color:#ffcf00;font-size:18px\"><strong>Wiersz<\/strong><\/p>\n\n\n\n<p class=\"has-text-align-left has-background\" style=\"background-color:#ffcf00\">Je\u015bli mam widzie\u0107 kolory tak jak ty je widzisz<br><br>Niech mi opask\u0119 za\u0142o\u017c\u0105 na oczy<br><br>Je\u015bli mam z krzywdy szydzi\u0107 jak ty szydzisz<br><br>Niech si\u0119 ta ziemia ju\u017c dalej nie toczy<br><br>Je\u015bli mam ceni\u0107 twoje w\u0142o\u015bci ponad me siostry, mych braci<br><br>Niechaj\u017ce nast\u0105pi\u0105 ostateczne czasy<br><br>Je\u015bli mam nie p\u0142aka\u0107 gdy cz\u0142owiek \u017cycie traci<br><br>Niech mnie wyklucz\u0105 na wieki z jedynej &#8211; ludzi rasy<br><br>                                                                      <strong>Marta Pych<\/strong><br><br><em>(Napisane w odniesieniu do odzewu spo\u0142ecznego<\/em> <em>po protestach Black Lives Matter)<\/em><\/p>\n","protected":false},"excerpt":{"rendered":"<p>103 000 nadmiar\u00f3w zgon\u00f3w \u2013 zapa\u015b\u0107 ochrony zdrowia W ci\u0105gu ca\u0142ego roku pandemii COVID-19 liczba nadmiarowych zgon\u00f3w w Polsce wynios\u0142a ponad 103 tysi\u0105ce. W samym pierwszym kwartale tego roku nadmiarowych zgon\u00f3w by\u0142o ponad 26 tysi\u0119cy. Zdaniem eksperta Narodowego Instytutu Zdrowia Publicznego &#8211; Pa\u0144stwowego Zak\u0142adu Higieny to pokazuje, \u201ejak COVID-19 pozatyka\u0142 systemy ochrony zdrowia&#8221; w naszym [&hellip;]<\/p>\n","protected":false},"author":1,"featured_media":7861,"comment_status":"closed","ping_status":"closed","sticky":false,"template":"","format":"standard","meta":{"footnotes":""},"categories":[201,202],"tags":[97],"class_list":["post-7860","post","type-post","status-publish","format-standard","has-post-thumbnail","hentry","category-gazeta-maj-2021","category-gazeta-maj-2021-cd","tag-featured"],"yoast_head":"<!-- This site is optimized with the Yoast SEO plugin v26.7 - https:\/\/yoast.com\/wordpress\/plugins\/seo\/ -->\n<title>Co s\u0142ycha\u0107\u201d \u2013 Cytaty z medi\u00f3w + Wiersz - Pracownicza Demokracja<\/title>\n<meta name=\"robots\" content=\"index, follow, max-snippet:-1, max-image-preview:large, max-video-preview:-1\" \/>\n<link rel=\"canonical\" href=\"https:\/\/pracowniczademokracja.org\/?p=7860\" \/>\n<meta property=\"og:locale\" content=\"pl_PL\" \/>\n<meta property=\"og:type\" content=\"article\" \/>\n<meta property=\"og:title\" content=\"Co s\u0142ycha\u0107\u201d \u2013 Cytaty z medi\u00f3w + Wiersz - Pracownicza Demokracja\" \/>\n<meta property=\"og:description\" content=\"103 000 nadmiar\u00f3w zgon\u00f3w \u2013 zapa\u015b\u0107 ochrony zdrowia W ci\u0105gu ca\u0142ego roku pandemii COVID-19 liczba nadmiarowych zgon\u00f3w w Polsce wynios\u0142a ponad 103 tysi\u0105ce. W samym pierwszym kwartale tego roku nadmiarowych zgon\u00f3w by\u0142o ponad 26 tysi\u0119cy. Zdaniem eksperta Narodowego Instytutu Zdrowia Publicznego &#8211; Pa\u0144stwowego Zak\u0142adu Higieny to pokazuje, \u201ejak COVID-19 pozatyka\u0142 systemy ochrony zdrowia&#8221; w naszym [&hellip;]\" \/>\n<meta property=\"og:url\" content=\"https:\/\/pracowniczademokracja.org\/?p=7860\" \/>\n<meta property=\"og:site_name\" content=\"Pracownicza Demokracja\" \/>\n<meta property=\"article:published_time\" content=\"2021-05-01T21:30:00+00:00\" \/>\n<meta property=\"article:modified_time\" content=\"2021-05-11T22:58:43+00:00\" \/>\n<meta property=\"og:image\" content=\"https:\/\/pracowniczademokracja.org\/wp-content\/uploads\/2021\/05\/babcia.kasia_.brutalna.policja.warszawa.21.04.2021.jpg\" \/>\n\t<meta property=\"og:image:width\" content=\"960\" \/>\n\t<meta property=\"og:image:height\" content=\"640\" \/>\n\t<meta property=\"og:image:type\" content=\"image\/jpeg\" \/>\n<meta name=\"author\" content=\".\" \/>\n<meta name=\"twitter:card\" content=\"summary_large_image\" \/>\n<meta name=\"twitter:label1\" content=\"Napisane przez\" \/>\n\t<meta name=\"twitter:data1\" content=\".\" \/>\n\t<meta name=\"twitter:label2\" content=\"Szacowany czas czytania\" \/>\n\t<meta name=\"twitter:data2\" content=\"2 minuty\" \/>\n<script type=\"application\/ld+json\" class=\"yoast-schema-graph\">{\"@context\":\"https:\/\/schema.org\",\"@graph\":[{\"@type\":\"Article\",\"@id\":\"https:\/\/pracowniczademokracja.org\/?p=7860#article\",\"isPartOf\":{\"@id\":\"https:\/\/pracowniczademokracja.org\/?p=7860\"},\"author\":{\"name\":\".\",\"@id\":\"https:\/\/pracowniczademokracja.org\/#\/schema\/person\/111010f0277257eac5a64dace1cd1ad8\"},\"headline\":\"Co s\u0142ycha\u0107\u201d \u2013 Cytaty z medi\u00f3w + Wiersz\",\"datePublished\":\"2021-05-01T21:30:00+00:00\",\"dateModified\":\"2021-05-11T22:58:43+00:00\",\"mainEntityOfPage\":{\"@id\":\"https:\/\/pracowniczademokracja.org\/?p=7860\"},\"wordCount\":499,\"image\":{\"@id\":\"https:\/\/pracowniczademokracja.org\/?p=7860#primaryimage\"},\"thumbnailUrl\":\"https:\/\/pracowniczademokracja.org\/wp-content\/uploads\/2021\/05\/babcia.kasia_.brutalna.policja.warszawa.21.04.2021.jpg\",\"keywords\":[\"Featured\"],\"articleSection\":[\"Gazeta \u2013 maj 2021\",\"Gazeta \u2013 maj 2021 - cd.\"],\"inLanguage\":\"pl-PL\"},{\"@type\":\"WebPage\",\"@id\":\"https:\/\/pracowniczademokracja.org\/?p=7860\",\"url\":\"https:\/\/pracowniczademokracja.org\/?p=7860\",\"name\":\"Co s\u0142ycha\u0107\u201d \u2013 Cytaty z medi\u00f3w + Wiersz - Pracownicza Demokracja\",\"isPartOf\":{\"@id\":\"https:\/\/pracowniczademokracja.org\/#website\"},\"primaryImageOfPage\":{\"@id\":\"https:\/\/pracowniczademokracja.org\/?p=7860#primaryimage\"},\"image\":{\"@id\":\"https:\/\/pracowniczademokracja.org\/?p=7860#primaryimage\"},\"thumbnailUrl\":\"https:\/\/pracowniczademokracja.org\/wp-content\/uploads\/2021\/05\/babcia.kasia_.brutalna.policja.warszawa.21.04.2021.jpg\",\"datePublished\":\"2021-05-01T21:30:00+00:00\",\"dateModified\":\"2021-05-11T22:58:43+00:00\",\"author\":{\"@id\":\"https:\/\/pracowniczademokracja.org\/#\/schema\/person\/111010f0277257eac5a64dace1cd1ad8\"},\"breadcrumb\":{\"@id\":\"https:\/\/pracowniczademokracja.org\/?p=7860#breadcrumb\"},\"inLanguage\":\"pl-PL\",\"potentialAction\":[{\"@type\":\"ReadAction\",\"target\":[\"https:\/\/pracowniczademokracja.org\/?p=7860\"]}]},{\"@type\":\"ImageObject\",\"inLanguage\":\"pl-PL\",\"@id\":\"https:\/\/pracowniczademokracja.org\/?p=7860#primaryimage\",\"url\":\"https:\/\/pracowniczademokracja.org\/wp-content\/uploads\/2021\/05\/babcia.kasia_.brutalna.policja.warszawa.21.04.2021.jpg\",\"contentUrl\":\"https:\/\/pracowniczademokracja.org\/wp-content\/uploads\/2021\/05\/babcia.kasia_.brutalna.policja.warszawa.21.04.2021.jpg\",\"width\":960,\"height\":640},{\"@type\":\"BreadcrumbList\",\"@id\":\"https:\/\/pracowniczademokracja.org\/?p=7860#breadcrumb\",\"itemListElement\":[{\"@type\":\"ListItem\",\"position\":1,\"name\":\"Strona g\u0142\u00f3wna\",\"item\":\"https:\/\/pracowniczademokracja.org\/\"},{\"@type\":\"ListItem\",\"position\":2,\"name\":\"Co s\u0142ycha\u0107\u201d \u2013 Cytaty z medi\u00f3w + Wiersz\"}]},{\"@type\":\"WebSite\",\"@id\":\"https:\/\/pracowniczademokracja.org\/#website\",\"url\":\"https:\/\/pracowniczademokracja.org\/\",\"name\":\"Pracownicza Demokracja\",\"description\":\"\",\"potentialAction\":[{\"@type\":\"SearchAction\",\"target\":{\"@type\":\"EntryPoint\",\"urlTemplate\":\"https:\/\/pracowniczademokracja.org\/?s={search_term_string}\"},\"query-input\":{\"@type\":\"PropertyValueSpecification\",\"valueRequired\":true,\"valueName\":\"search_term_string\"}}],\"inLanguage\":\"pl-PL\"},{\"@type\":\"Person\",\"@id\":\"https:\/\/pracowniczademokracja.org\/#\/schema\/person\/111010f0277257eac5a64dace1cd1ad8\",\"name\":\".\",\"url\":\"https:\/\/pracowniczademokracja.org\/?author=1\"}]}<\/script>\n<!-- \/ Yoast SEO plugin. -->","yoast_head_json":{"title":"Co s\u0142ycha\u0107\u201d \u2013 Cytaty z medi\u00f3w + Wiersz - Pracownicza Demokracja","robots":{"index":"index","follow":"follow","max-snippet":"max-snippet:-1","max-image-preview":"max-image-preview:large","max-video-preview":"max-video-preview:-1"},"canonical":"https:\/\/pracowniczademokracja.org\/?p=7860","og_locale":"pl_PL","og_type":"article","og_title":"Co s\u0142ycha\u0107\u201d \u2013 Cytaty z medi\u00f3w + Wiersz - Pracownicza Demokracja","og_description":"103 000 nadmiar\u00f3w zgon\u00f3w \u2013 zapa\u015b\u0107 ochrony zdrowia W ci\u0105gu ca\u0142ego roku pandemii COVID-19 liczba nadmiarowych zgon\u00f3w w Polsce wynios\u0142a ponad 103 tysi\u0105ce. W samym pierwszym kwartale tego roku nadmiarowych zgon\u00f3w by\u0142o ponad 26 tysi\u0119cy. Zdaniem eksperta Narodowego Instytutu Zdrowia Publicznego &#8211; Pa\u0144stwowego Zak\u0142adu Higieny to pokazuje, \u201ejak COVID-19 pozatyka\u0142 systemy ochrony zdrowia&#8221; w naszym [&hellip;]","og_url":"https:\/\/pracowniczademokracja.org\/?p=7860","og_site_name":"Pracownicza Demokracja","article_published_time":"2021-05-01T21:30:00+00:00","article_modified_time":"2021-05-11T22:58:43+00:00","og_image":[{"width":960,"height":640,"url":"https:\/\/pracowniczademokracja.org\/wp-content\/uploads\/2021\/05\/babcia.kasia_.brutalna.policja.warszawa.21.04.2021.jpg","type":"image\/jpeg"}],"author":".","twitter_card":"summary_large_image","twitter_misc":{"Napisane przez":".","Szacowany czas czytania":"2 minuty"},"schema":{"@context":"https:\/\/schema.org","@graph":[{"@type":"Article","@id":"https:\/\/pracowniczademokracja.org\/?p=7860#article","isPartOf":{"@id":"https:\/\/pracowniczademokracja.org\/?p=7860"},"author":{"name":".","@id":"https:\/\/pracowniczademokracja.org\/#\/schema\/person\/111010f0277257eac5a64dace1cd1ad8"},"headline":"Co s\u0142ycha\u0107\u201d \u2013 Cytaty z medi\u00f3w + Wiersz","datePublished":"2021-05-01T21:30:00+00:00","dateModified":"2021-05-11T22:58:43+00:00","mainEntityOfPage":{"@id":"https:\/\/pracowniczademokracja.org\/?p=7860"},"wordCount":499,"image":{"@id":"https:\/\/pracowniczademokracja.org\/?p=7860#primaryimage"},"thumbnailUrl":"https:\/\/pracowniczademokracja.org\/wp-content\/uploads\/2021\/05\/babcia.kasia_.brutalna.policja.warszawa.21.04.2021.jpg","keywords":["Featured"],"articleSection":["Gazeta \u2013 maj 2021","Gazeta \u2013 maj 2021 - cd."],"inLanguage":"pl-PL"},{"@type":"WebPage","@id":"https:\/\/pracowniczademokracja.org\/?p=7860","url":"https:\/\/pracowniczademokracja.org\/?p=7860","name":"Co s\u0142ycha\u0107\u201d \u2013 Cytaty z medi\u00f3w + Wiersz - Pracownicza Demokracja","isPartOf":{"@id":"https:\/\/pracowniczademokracja.org\/#website"},"primaryImageOfPage":{"@id":"https:\/\/pracowniczademokracja.org\/?p=7860#primaryimage"},"image":{"@id":"https:\/\/pracowniczademokracja.org\/?p=7860#primaryimage"},"thumbnailUrl":"https:\/\/pracowniczademokracja.org\/wp-content\/uploads\/2021\/05\/babcia.kasia_.brutalna.policja.warszawa.21.04.2021.jpg","datePublished":"2021-05-01T21:30:00+00:00","dateModified":"2021-05-11T22:58:43+00:00","author":{"@id":"https:\/\/pracowniczademokracja.org\/#\/schema\/person\/111010f0277257eac5a64dace1cd1ad8"},"breadcrumb":{"@id":"https:\/\/pracowniczademokracja.org\/?p=7860#breadcrumb"},"inLanguage":"pl-PL","potentialAction":[{"@type":"ReadAction","target":["https:\/\/pracowniczademokracja.org\/?p=7860"]}]},{"@type":"ImageObject","inLanguage":"pl-PL","@id":"https:\/\/pracowniczademokracja.org\/?p=7860#primaryimage","url":"https:\/\/pracowniczademokracja.org\/wp-content\/uploads\/2021\/05\/babcia.kasia_.brutalna.policja.warszawa.21.04.2021.jpg","contentUrl":"https:\/\/pracowniczademokracja.org\/wp-content\/uploads\/2021\/05\/babcia.kasia_.brutalna.policja.warszawa.21.04.2021.jpg","width":960,"height":640},{"@type":"BreadcrumbList","@id":"https:\/\/pracowniczademokracja.org\/?p=7860#breadcrumb","itemListElement":[{"@type":"ListItem","position":1,"name":"Strona g\u0142\u00f3wna","item":"https:\/\/pracowniczademokracja.org\/"},{"@type":"ListItem","position":2,"name":"Co s\u0142ycha\u0107\u201d \u2013 Cytaty z medi\u00f3w + Wiersz"}]},{"@type":"WebSite","@id":"https:\/\/pracowniczademokracja.org\/#website","url":"https:\/\/pracowniczademokracja.org\/","name":"Pracownicza Demokracja","description":"","potentialAction":[{"@type":"SearchAction","target":{"@type":"EntryPoint","urlTemplate":"https:\/\/pracowniczademokracja.org\/?s={search_term_string}"},"query-input":{"@type":"PropertyValueSpecification","valueRequired":true,"valueName":"search_term_string"}}],"inLanguage":"pl-PL"},{"@type":"Person","@id":"https:\/\/pracowniczademokracja.org\/#\/schema\/person\/111010f0277257eac5a64dace1cd1ad8","name":".","url":"https:\/\/pracowniczademokracja.org\/?author=1"}]}},"_links":{"self":[{"href":"https:\/\/pracowniczademokracja.org\/index.php?rest_route=\/wp\/v2\/posts\/7860","targetHints":{"allow":["GET"]}}],"collection":[{"href":"https:\/\/pracowniczademokracja.org\/index.php?rest_route=\/wp\/v2\/posts"}],"about":[{"href":"https:\/\/pracowniczademokracja.org\/index.php?rest_route=\/wp\/v2\/types\/post"}],"author":[{"embeddable":true,"href":"https:\/\/pracowniczademokracja.org\/index.php?rest_route=\/wp\/v2\/users\/1"}],"replies":[{"embeddable":true,"href":"https:\/\/pracowniczademokracja.org\/index.php?rest_route=%2Fwp%2Fv2%2Fcomments&post=7860"}],"version-history":[{"count":2,"href":"https:\/\/pracowniczademokracja.org\/index.php?rest_route=\/wp\/v2\/posts\/7860\/revisions"}],"predecessor-version":[{"id":7864,"href":"https:\/\/pracowniczademokracja.org\/index.php?rest_route=\/wp\/v2\/posts\/7860\/revisions\/7864"}],"wp:featuredmedia":[{"embeddable":true,"href":"https:\/\/pracowniczademokracja.org\/index.php?rest_route=\/wp\/v2\/media\/7861"}],"wp:attachment":[{"href":"https:\/\/pracowniczademokracja.org\/index.php?rest_route=%2Fwp%2Fv2%2Fmedia&parent=7860"}],"wp:term":[{"taxonomy":"category","embeddable":true,"href":"https:\/\/pracowniczademokracja.org\/index.php?rest_route=%2Fwp%2Fv2%2Fcategories&post=7860"},{"taxonomy":"post_tag","embeddable":true,"href":"https:\/\/pracowniczademokracja.org\/index.php?rest_route=%2Fwp%2Fv2%2Ftags&post=7860"}],"curies":[{"name":"wp","href":"https:\/\/api.w.org\/{rel}","templated":true}]}}