{"id":7799,"date":"2021-04-23T20:49:52","date_gmt":"2021-04-23T18:49:52","guid":{"rendered":"http:\/\/pracowniczademokracja.org\/?p=7799"},"modified":"2021-04-23T20:52:38","modified_gmt":"2021-04-23T18:52:38","slug":"wyrok-na-chauvina-to-zwyciestwo-buntu-black-lives-matter","status":"publish","type":"post","link":"https:\/\/pracowniczademokracja.org\/?p=7799","title":{"rendered":"Wyrok na Chauvina to zwyci\u0119stwo buntu Black Lives Matter"},"content":{"rendered":"\n<div class=\"wp-block-image\"><figure class=\"aligncenter size-large is-resized\"><img loading=\"lazy\" decoding=\"async\" src=\"http:\/\/pracowniczademokracja.org\/wp-content\/uploads\/2021\/04\/werdykt.georgefloyd.demonstracja.przed_.sadem_.20.042021.jpg\" alt=\"20.04.21 Demonstracja przed s\u0105dem.\" class=\"wp-image-7800\" width=\"475\" height=\"316\" srcset=\"https:\/\/pracowniczademokracja.org\/wp-content\/uploads\/2021\/04\/werdykt.georgefloyd.demonstracja.przed_.sadem_.20.042021.jpg 600w, https:\/\/pracowniczademokracja.org\/wp-content\/uploads\/2021\/04\/werdykt.georgefloyd.demonstracja.przed_.sadem_.20.042021-300x200.jpg 300w, https:\/\/pracowniczademokracja.org\/wp-content\/uploads\/2021\/04\/werdykt.georgefloyd.demonstracja.przed_.sadem_.20.042021-150x100.jpg 150w\" sizes=\"auto, (max-width: 475px) 100vw, 475px\" \/><figcaption>20.04.21 Demonstracja przed s\u0105dem.<\/figcaption><\/figure><\/div>\n\n\n\n<p><strong>Marx21 postrzega skazanie Dereka Chauvina, kt\u00f3ry zamordowa\u0142 George&#8217;a Floyda, jako zwyci\u0119stwo ruchu Black Lives Matter (BLM) i uciskanych ludzi na ca\u0142ym \u015bwiecie.<\/strong><\/p>\n\n\n\n<p>Wyrok ten jest sprzeczny z historycznym status quo w Stanach Zjednoczonych, gdzie rasistowskie akty przemocy policji i r\u00f3\u017cnych samozwa\u0144czych obro\u0144c\u00f3w \u201eprawa i porz\u0105dku\u201d pozostaj\u0105 bezkarne. Jednak w obliczu tej przemocy czarni ludzie w USA bohatersko walczyli, szukaj\u0105c sprawiedliwo\u015bci za zbrodnie przeciwko czarnemu \u017cyciu \u2013 i cho\u0107 zmagali si\u0119 z ogromnych przeciwno\u015bciami i oporem, nie walczyli sami.<\/p>\n\n\n\n<p>Wyrok ten ukazuje, jak\u0105 sprawiedliwo\u015b\u0107 mo\u017cemy uzyska\u0107 w naszym systemie s\u0105downiczym poprzez masow\u0105 walk\u0119. To jednak nie przywr\u00f3ci \u017cycia Georgowi Floydowi. Mimo \u017ce mo\u017ce to zmusi\u0107 niekt\u00f3rych rasistowskich gliniarzy do zastanowienia si\u0119 dwa razy, nie sprawi jednak, \u017ce rasizm i przemoc policyjna nagle znikn\u0105 z ulic.<\/p>\n\n\n\n<p>Marx21 pracuje nad dok\u0142adniejszym opisem sprawy i wnioskami politycznymi, kt\u00f3re zostan\u0105 opublikowane p\u00f3\u017aniej.<\/p>\n\n\n\n<p>Podsumowuj\u0105c, prokuratura o\u015bwiadczy\u0142a, \u017ce \u201eto nie by\u0142o dzia\u0142anie policyjne, to by\u0142o morderstwo.\u201d Chocia\u017c cieszymy si\u0119, \u017ce Chauvin, kt\u00f3ry z okrucie\u0144stwem i oboj\u0119tno\u015bci\u0105 zabi\u0142 George&#8217;a Floyda i mia\u0142 d\u0142ug\u0105 histori\u0119 podobnych rasistowskich eksces\u00f3w, zosta\u0142 uznany winnym wszystkich zarzut\u00f3w, nie zgadzamy si\u0119 z prokuratur\u0105. To, co zrobi\u0142 Chauvin i to, co zrobi\u0142o wielu innych funkcjonariuszy od pocz\u0105tk\u00f3w istnienia policji, by\u0142o zar\u00f3wno dzia\u0142aniem policyjnym, jak i morderstwem.<\/p>\n\n\n\n<p>To w\u0142a\u015bnie ponowna eksplozja ruchu BLM po zab\u00f3jstwie George&#8217;a Floyda zmusi\u0142a w\u0142adze najpierw do zawieszenia Chauvina, nast\u0119pnie wyrzucenia go ze s\u0142u\u017cby, a na koniec postawienia go w stan oskar\u017cenia o morderstwa drugiego i trzeciego stopnia i zab\u00f3jstwo drugiego stopnia.<\/p>\n\n\n\n<p>To echa tego ruchu popchn\u0119\u0142y s\u0105d do tego oczywistego, ale wci\u0105\u017c zaskakuj\u0105cego wyroku \u2013 winny wszystkich trzech zarzut\u00f3w. To pokazuje, jak zwykli ludzie pracy mog\u0105 wp\u0142ywa\u0107 na zmiany w naszym spo\u0142ecze\u0144stwie poprzez masow\u0105 walk\u0119, ale tak\u017ce to, czego potrzeba, aby osi\u0105gn\u0105\u0107 zwyci\u0119stwo.<\/p>\n\n\n\n<p>Ruch zaowocowa\u0142 ju\u017c pewnymi reformami policji w ca\u0142ym kraju i nada\u0142 p\u0119du dalszym reformom i ci\u0119ciom finansowania, kt\u00f3rych nie uda\u0142oby si\u0119 wprowadzi\u0107 poprzez ca\u0142e lata zakulisowego lobbingu.<\/p>\n\n\n\n<p>Jednak wszyscy wiemy, \u017ce to nie wystarczy. Jako socjali\u015bci i socjalistki rozumiemy, \u017ce policja istnieje po to, aby egzekwowa\u0107 kapitalistyczne status quo w spo\u0142ecze\u0144stwie, a cz\u0119\u015bci\u0105 tego status quo jest w\u0142a\u015bnie rasizm. Opowiadamy si\u0119 za wszelkimi reformami, kt\u00f3re redystrybuuj\u0105 zasoby i os\u0142abiaj\u0105 policj\u0119. Ca\u0142kowite zniesienie opresyjnych funkcji policyjnych jest niemo\u017cliwe w warunkach kapitalistycznego pa\u0144stwa, ale nadal musimy do tego d\u0105\u017cy\u0107.<\/p>\n\n\n\n<p>\u201eTo nie jest oskar\u017cenie przeciwko policji\u201d, powiedzia\u0142 prokurator Steve Schleicher, \u201eTo oskar\u017cenie na rzecz policji\u201d. By\u0142a to, niestety, prawda. To ruch na ulicach b\u0119dzie kontynuowa\u0107 szersz\u0105 walk\u0119 przeciw policji.<\/p>\n\n\n\n<p>Ka\u017cde zwyci\u0119stwo pokazuje, jak mo\u017cemy i\u015b\u0107 naprz\u00f3d w walce r\u00f3wno\u015b\u0107 rasow\u0105 i socjalizm. Ta walka sprawia, \u017ce coraz wi\u0119cej ludzi u\u015bwiadamia sobie rasistowski charakter naszego spo\u0142ecze\u0144stwa. Ludzie rozpoznaj\u0105 nierozerwalny zwi\u0105zek mi\u0119dzy r\u00f3\u017cnymi formami ucisku a kapitalistycznym wyzyskiem i aktywnie je zwalczaj\u0105. Widzimy na podstawie w\u0142asnego do\u015bwiadczenia, \u017ce pa\u0144stwo i klasa rz\u0105dz\u0105ca stoj\u0105 po tej samej stronie. Musimy dzia\u0142a\u0107 razem, by stworzy\u0107 si\u0142\u0119, kt\u00f3ra mo\u017ce zdemontowa\u0107 wszystkie funkcje policyjne, a wraz z tym ca\u0142y system, kt\u00f3re chroni\u0105.<\/p>\n\n\n\n<p><strong>20 kwietnia 2021<\/strong> r.<\/p>\n\n\n\n<p class=\"has-text-align-right\"><strong>Clare Lemlich<\/strong><\/p>\n\n\n\n<p><em>Marx21 jest siostrzan\u0105 organizacj\u0105 Pracowniczej Demokracji w USA.<\/em><\/p>\n","protected":false},"excerpt":{"rendered":"<p>Marx21 postrzega skazanie Dereka Chauvina, kt\u00f3ry zamordowa\u0142 George&#8217;a Floyda, jako zwyci\u0119stwo ruchu Black Lives Matter (BLM) i uciskanych ludzi na ca\u0142ym \u015bwiecie. Wyrok ten jest sprzeczny z historycznym status quo w Stanach Zjednoczonych, gdzie rasistowskie akty przemocy policji i r\u00f3\u017cnych samozwa\u0144czych obro\u0144c\u00f3w \u201eprawa i porz\u0105dku\u201d pozostaj\u0105 bezkarne. Jednak w obliczu tej przemocy czarni ludzie w [&hellip;]<\/p>\n","protected":false},"author":1,"featured_media":7800,"comment_status":"closed","ping_status":"closed","sticky":false,"template":"","format":"standard","meta":{"footnotes":""},"categories":[201],"tags":[97],"class_list":["post-7799","post","type-post","status-publish","format-standard","has-post-thumbnail","hentry","category-gazeta-maj-2021","tag-featured"],"yoast_head":"<!-- This site is optimized with the Yoast SEO plugin v26.7 - https:\/\/yoast.com\/wordpress\/plugins\/seo\/ -->\n<title>Wyrok na Chauvina to zwyci\u0119stwo buntu Black Lives Matter - Pracownicza Demokracja<\/title>\n<meta name=\"robots\" content=\"index, follow, max-snippet:-1, max-image-preview:large, max-video-preview:-1\" \/>\n<link rel=\"canonical\" href=\"https:\/\/pracowniczademokracja.org\/?p=7799\" \/>\n<meta property=\"og:locale\" content=\"pl_PL\" \/>\n<meta property=\"og:type\" content=\"article\" \/>\n<meta property=\"og:title\" content=\"Wyrok na Chauvina to zwyci\u0119stwo buntu Black Lives Matter - Pracownicza Demokracja\" \/>\n<meta property=\"og:description\" content=\"Marx21 postrzega skazanie Dereka Chauvina, kt\u00f3ry zamordowa\u0142 George&#8217;a Floyda, jako zwyci\u0119stwo ruchu Black Lives Matter (BLM) i uciskanych ludzi na ca\u0142ym \u015bwiecie. Wyrok ten jest sprzeczny z historycznym status quo w Stanach Zjednoczonych, gdzie rasistowskie akty przemocy policji i r\u00f3\u017cnych samozwa\u0144czych obro\u0144c\u00f3w \u201eprawa i porz\u0105dku\u201d pozostaj\u0105 bezkarne. Jednak w obliczu tej przemocy czarni ludzie w [&hellip;]\" \/>\n<meta property=\"og:url\" content=\"https:\/\/pracowniczademokracja.org\/?p=7799\" \/>\n<meta property=\"og:site_name\" content=\"Pracownicza Demokracja\" \/>\n<meta property=\"article:published_time\" content=\"2021-04-23T18:49:52+00:00\" \/>\n<meta property=\"article:modified_time\" content=\"2021-04-23T18:52:38+00:00\" \/>\n<meta property=\"og:image\" content=\"https:\/\/pracowniczademokracja.org\/wp-content\/uploads\/2021\/04\/werdykt.georgefloyd.demonstracja.przed_.sadem_.20.042021.jpg\" \/>\n\t<meta property=\"og:image:width\" content=\"600\" \/>\n\t<meta property=\"og:image:height\" content=\"400\" \/>\n\t<meta property=\"og:image:type\" content=\"image\/jpeg\" \/>\n<meta name=\"author\" content=\".\" \/>\n<meta name=\"twitter:card\" content=\"summary_large_image\" \/>\n<meta name=\"twitter:label1\" content=\"Napisane przez\" \/>\n\t<meta name=\"twitter:data1\" content=\".\" \/>\n\t<meta name=\"twitter:label2\" content=\"Szacowany czas czytania\" \/>\n\t<meta name=\"twitter:data2\" content=\"3 minuty\" \/>\n<script type=\"application\/ld+json\" class=\"yoast-schema-graph\">{\"@context\":\"https:\/\/schema.org\",\"@graph\":[{\"@type\":\"Article\",\"@id\":\"https:\/\/pracowniczademokracja.org\/?p=7799#article\",\"isPartOf\":{\"@id\":\"https:\/\/pracowniczademokracja.org\/?p=7799\"},\"author\":{\"name\":\".\",\"@id\":\"https:\/\/pracowniczademokracja.org\/#\/schema\/person\/111010f0277257eac5a64dace1cd1ad8\"},\"headline\":\"Wyrok na Chauvina to zwyci\u0119stwo buntu Black Lives Matter\",\"datePublished\":\"2021-04-23T18:49:52+00:00\",\"dateModified\":\"2021-04-23T18:52:38+00:00\",\"mainEntityOfPage\":{\"@id\":\"https:\/\/pracowniczademokracja.org\/?p=7799\"},\"wordCount\":603,\"image\":{\"@id\":\"https:\/\/pracowniczademokracja.org\/?p=7799#primaryimage\"},\"thumbnailUrl\":\"https:\/\/pracowniczademokracja.org\/wp-content\/uploads\/2021\/04\/werdykt.georgefloyd.demonstracja.przed_.sadem_.20.042021.jpg\",\"keywords\":[\"Featured\"],\"articleSection\":[\"Gazeta \u2013 maj 2021\"],\"inLanguage\":\"pl-PL\"},{\"@type\":\"WebPage\",\"@id\":\"https:\/\/pracowniczademokracja.org\/?p=7799\",\"url\":\"https:\/\/pracowniczademokracja.org\/?p=7799\",\"name\":\"Wyrok na Chauvina to zwyci\u0119stwo buntu Black Lives Matter - Pracownicza Demokracja\",\"isPartOf\":{\"@id\":\"https:\/\/pracowniczademokracja.org\/#website\"},\"primaryImageOfPage\":{\"@id\":\"https:\/\/pracowniczademokracja.org\/?p=7799#primaryimage\"},\"image\":{\"@id\":\"https:\/\/pracowniczademokracja.org\/?p=7799#primaryimage\"},\"thumbnailUrl\":\"https:\/\/pracowniczademokracja.org\/wp-content\/uploads\/2021\/04\/werdykt.georgefloyd.demonstracja.przed_.sadem_.20.042021.jpg\",\"datePublished\":\"2021-04-23T18:49:52+00:00\",\"dateModified\":\"2021-04-23T18:52:38+00:00\",\"author\":{\"@id\":\"https:\/\/pracowniczademokracja.org\/#\/schema\/person\/111010f0277257eac5a64dace1cd1ad8\"},\"breadcrumb\":{\"@id\":\"https:\/\/pracowniczademokracja.org\/?p=7799#breadcrumb\"},\"inLanguage\":\"pl-PL\",\"potentialAction\":[{\"@type\":\"ReadAction\",\"target\":[\"https:\/\/pracowniczademokracja.org\/?p=7799\"]}]},{\"@type\":\"ImageObject\",\"inLanguage\":\"pl-PL\",\"@id\":\"https:\/\/pracowniczademokracja.org\/?p=7799#primaryimage\",\"url\":\"https:\/\/pracowniczademokracja.org\/wp-content\/uploads\/2021\/04\/werdykt.georgefloyd.demonstracja.przed_.sadem_.20.042021.jpg\",\"contentUrl\":\"https:\/\/pracowniczademokracja.org\/wp-content\/uploads\/2021\/04\/werdykt.georgefloyd.demonstracja.przed_.sadem_.20.042021.jpg\",\"width\":600,\"height\":400},{\"@type\":\"BreadcrumbList\",\"@id\":\"https:\/\/pracowniczademokracja.org\/?p=7799#breadcrumb\",\"itemListElement\":[{\"@type\":\"ListItem\",\"position\":1,\"name\":\"Strona g\u0142\u00f3wna\",\"item\":\"https:\/\/pracowniczademokracja.org\/\"},{\"@type\":\"ListItem\",\"position\":2,\"name\":\"Wyrok na Chauvina to zwyci\u0119stwo buntu Black Lives Matter\"}]},{\"@type\":\"WebSite\",\"@id\":\"https:\/\/pracowniczademokracja.org\/#website\",\"url\":\"https:\/\/pracowniczademokracja.org\/\",\"name\":\"Pracownicza Demokracja\",\"description\":\"\",\"potentialAction\":[{\"@type\":\"SearchAction\",\"target\":{\"@type\":\"EntryPoint\",\"urlTemplate\":\"https:\/\/pracowniczademokracja.org\/?s={search_term_string}\"},\"query-input\":{\"@type\":\"PropertyValueSpecification\",\"valueRequired\":true,\"valueName\":\"search_term_string\"}}],\"inLanguage\":\"pl-PL\"},{\"@type\":\"Person\",\"@id\":\"https:\/\/pracowniczademokracja.org\/#\/schema\/person\/111010f0277257eac5a64dace1cd1ad8\",\"name\":\".\",\"url\":\"https:\/\/pracowniczademokracja.org\/?author=1\"}]}<\/script>\n<!-- \/ Yoast SEO plugin. -->","yoast_head_json":{"title":"Wyrok na Chauvina to zwyci\u0119stwo buntu Black Lives Matter - Pracownicza Demokracja","robots":{"index":"index","follow":"follow","max-snippet":"max-snippet:-1","max-image-preview":"max-image-preview:large","max-video-preview":"max-video-preview:-1"},"canonical":"https:\/\/pracowniczademokracja.org\/?p=7799","og_locale":"pl_PL","og_type":"article","og_title":"Wyrok na Chauvina to zwyci\u0119stwo buntu Black Lives Matter - Pracownicza Demokracja","og_description":"Marx21 postrzega skazanie Dereka Chauvina, kt\u00f3ry zamordowa\u0142 George&#8217;a Floyda, jako zwyci\u0119stwo ruchu Black Lives Matter (BLM) i uciskanych ludzi na ca\u0142ym \u015bwiecie. Wyrok ten jest sprzeczny z historycznym status quo w Stanach Zjednoczonych, gdzie rasistowskie akty przemocy policji i r\u00f3\u017cnych samozwa\u0144czych obro\u0144c\u00f3w \u201eprawa i porz\u0105dku\u201d pozostaj\u0105 bezkarne. Jednak w obliczu tej przemocy czarni ludzie w [&hellip;]","og_url":"https:\/\/pracowniczademokracja.org\/?p=7799","og_site_name":"Pracownicza Demokracja","article_published_time":"2021-04-23T18:49:52+00:00","article_modified_time":"2021-04-23T18:52:38+00:00","og_image":[{"width":600,"height":400,"url":"https:\/\/pracowniczademokracja.org\/wp-content\/uploads\/2021\/04\/werdykt.georgefloyd.demonstracja.przed_.sadem_.20.042021.jpg","type":"image\/jpeg"}],"author":".","twitter_card":"summary_large_image","twitter_misc":{"Napisane przez":".","Szacowany czas czytania":"3 minuty"},"schema":{"@context":"https:\/\/schema.org","@graph":[{"@type":"Article","@id":"https:\/\/pracowniczademokracja.org\/?p=7799#article","isPartOf":{"@id":"https:\/\/pracowniczademokracja.org\/?p=7799"},"author":{"name":".","@id":"https:\/\/pracowniczademokracja.org\/#\/schema\/person\/111010f0277257eac5a64dace1cd1ad8"},"headline":"Wyrok na Chauvina to zwyci\u0119stwo buntu Black Lives Matter","datePublished":"2021-04-23T18:49:52+00:00","dateModified":"2021-04-23T18:52:38+00:00","mainEntityOfPage":{"@id":"https:\/\/pracowniczademokracja.org\/?p=7799"},"wordCount":603,"image":{"@id":"https:\/\/pracowniczademokracja.org\/?p=7799#primaryimage"},"thumbnailUrl":"https:\/\/pracowniczademokracja.org\/wp-content\/uploads\/2021\/04\/werdykt.georgefloyd.demonstracja.przed_.sadem_.20.042021.jpg","keywords":["Featured"],"articleSection":["Gazeta \u2013 maj 2021"],"inLanguage":"pl-PL"},{"@type":"WebPage","@id":"https:\/\/pracowniczademokracja.org\/?p=7799","url":"https:\/\/pracowniczademokracja.org\/?p=7799","name":"Wyrok na Chauvina to zwyci\u0119stwo buntu Black Lives Matter - Pracownicza Demokracja","isPartOf":{"@id":"https:\/\/pracowniczademokracja.org\/#website"},"primaryImageOfPage":{"@id":"https:\/\/pracowniczademokracja.org\/?p=7799#primaryimage"},"image":{"@id":"https:\/\/pracowniczademokracja.org\/?p=7799#primaryimage"},"thumbnailUrl":"https:\/\/pracowniczademokracja.org\/wp-content\/uploads\/2021\/04\/werdykt.georgefloyd.demonstracja.przed_.sadem_.20.042021.jpg","datePublished":"2021-04-23T18:49:52+00:00","dateModified":"2021-04-23T18:52:38+00:00","author":{"@id":"https:\/\/pracowniczademokracja.org\/#\/schema\/person\/111010f0277257eac5a64dace1cd1ad8"},"breadcrumb":{"@id":"https:\/\/pracowniczademokracja.org\/?p=7799#breadcrumb"},"inLanguage":"pl-PL","potentialAction":[{"@type":"ReadAction","target":["https:\/\/pracowniczademokracja.org\/?p=7799"]}]},{"@type":"ImageObject","inLanguage":"pl-PL","@id":"https:\/\/pracowniczademokracja.org\/?p=7799#primaryimage","url":"https:\/\/pracowniczademokracja.org\/wp-content\/uploads\/2021\/04\/werdykt.georgefloyd.demonstracja.przed_.sadem_.20.042021.jpg","contentUrl":"https:\/\/pracowniczademokracja.org\/wp-content\/uploads\/2021\/04\/werdykt.georgefloyd.demonstracja.przed_.sadem_.20.042021.jpg","width":600,"height":400},{"@type":"BreadcrumbList","@id":"https:\/\/pracowniczademokracja.org\/?p=7799#breadcrumb","itemListElement":[{"@type":"ListItem","position":1,"name":"Strona g\u0142\u00f3wna","item":"https:\/\/pracowniczademokracja.org\/"},{"@type":"ListItem","position":2,"name":"Wyrok na Chauvina to zwyci\u0119stwo buntu Black Lives Matter"}]},{"@type":"WebSite","@id":"https:\/\/pracowniczademokracja.org\/#website","url":"https:\/\/pracowniczademokracja.org\/","name":"Pracownicza Demokracja","description":"","potentialAction":[{"@type":"SearchAction","target":{"@type":"EntryPoint","urlTemplate":"https:\/\/pracowniczademokracja.org\/?s={search_term_string}"},"query-input":{"@type":"PropertyValueSpecification","valueRequired":true,"valueName":"search_term_string"}}],"inLanguage":"pl-PL"},{"@type":"Person","@id":"https:\/\/pracowniczademokracja.org\/#\/schema\/person\/111010f0277257eac5a64dace1cd1ad8","name":".","url":"https:\/\/pracowniczademokracja.org\/?author=1"}]}},"_links":{"self":[{"href":"https:\/\/pracowniczademokracja.org\/index.php?rest_route=\/wp\/v2\/posts\/7799","targetHints":{"allow":["GET"]}}],"collection":[{"href":"https:\/\/pracowniczademokracja.org\/index.php?rest_route=\/wp\/v2\/posts"}],"about":[{"href":"https:\/\/pracowniczademokracja.org\/index.php?rest_route=\/wp\/v2\/types\/post"}],"author":[{"embeddable":true,"href":"https:\/\/pracowniczademokracja.org\/index.php?rest_route=\/wp\/v2\/users\/1"}],"replies":[{"embeddable":true,"href":"https:\/\/pracowniczademokracja.org\/index.php?rest_route=%2Fwp%2Fv2%2Fcomments&post=7799"}],"version-history":[{"count":2,"href":"https:\/\/pracowniczademokracja.org\/index.php?rest_route=\/wp\/v2\/posts\/7799\/revisions"}],"predecessor-version":[{"id":7802,"href":"https:\/\/pracowniczademokracja.org\/index.php?rest_route=\/wp\/v2\/posts\/7799\/revisions\/7802"}],"wp:featuredmedia":[{"embeddable":true,"href":"https:\/\/pracowniczademokracja.org\/index.php?rest_route=\/wp\/v2\/media\/7800"}],"wp:attachment":[{"href":"https:\/\/pracowniczademokracja.org\/index.php?rest_route=%2Fwp%2Fv2%2Fmedia&parent=7799"}],"wp:term":[{"taxonomy":"category","embeddable":true,"href":"https:\/\/pracowniczademokracja.org\/index.php?rest_route=%2Fwp%2Fv2%2Fcategories&post=7799"},{"taxonomy":"post_tag","embeddable":true,"href":"https:\/\/pracowniczademokracja.org\/index.php?rest_route=%2Fwp%2Fv2%2Ftags&post=7799"}],"curies":[{"name":"wp","href":"https:\/\/api.w.org\/{rel}","templated":true}]}}