{"id":7758,"date":"2021-04-01T23:37:00","date_gmt":"2021-04-01T21:37:00","guid":{"rendered":"http:\/\/pracowniczademokracja.org\/?p=7758"},"modified":"2021-04-09T22:53:09","modified_gmt":"2021-04-09T20:53:09","slug":"list-od-tajskiego-socjalisty-wieksza-liczba-strajkow-w-mjanmie-moze-dac-odpor-wojsku","status":"publish","type":"post","link":"https:\/\/pracowniczademokracja.org\/?p=7758","title":{"rendered":"List od tajskiego socjalisty: Wi\u0119ksza liczba strajk\u00f3w w Mjanmie mo\u017ce da\u0107 odp\u00f3r wojsku"},"content":{"rendered":"\n<p><em>23 marca, 2021<\/em><\/p>\n\n\n\n<div class=\"wp-block-image\"><figure class=\"aligncenter size-large is-resized\"><img loading=\"lazy\" decoding=\"async\" src=\"http:\/\/pracowniczademokracja.org\/wp-content\/uploads\/2021\/04\/mjanma.atak_.policji.jpg\" alt=\"Policja atakuje\" class=\"wp-image-7759\" width=\"503\" height=\"335\" srcset=\"https:\/\/pracowniczademokracja.org\/wp-content\/uploads\/2021\/04\/mjanma.atak_.policji.jpg 600w, https:\/\/pracowniczademokracja.org\/wp-content\/uploads\/2021\/04\/mjanma.atak_.policji-300x200.jpg 300w, https:\/\/pracowniczademokracja.org\/wp-content\/uploads\/2021\/04\/mjanma.atak_.policji-150x100.jpg 150w\" sizes=\"auto, (max-width: 503px) 100vw, 503px\" \/><\/figure><\/div>\n\n\n\n<p><strong>Artyku\u0142 w marcowym numerze gazety szef\u00f3w <em>Financial Times<\/em> zosta\u0142 zatytu\u0142owany: \u201eProtestuj\u0105cy graj\u0105 w niebezpieczn\u0105 gr\u0119 z gospodark\u0105 Mjanmy \u2013 firmy ostrzegaj\u0105\u201d. To pokaza\u0142o, \u017ce strajki i protesty niepokoj\u0105 szef\u00f3w.<\/strong><\/p>\n\n\n\n<p>Warto to doceni\u0107, zw\u0142aszcza \u017ce liczba ofiar \u015bmiertelnych protest\u00f3w, zastrzelonych przez birma\u0144sk\u0105 armi\u0119, przekroczy\u0142a 200.<\/p>\n\n\n\n<p>Strajki, kt\u00f3re parali\u017cuj\u0105 gospodark\u0119, s\u0105 niezb\u0119dne do obalenia dyktatury wojskowej i s\u0105 potencjalnie mniej niebezpieczne ni\u017c konfrontacja z wojskiem na ulicach.<\/p>\n\n\n\n<p>Nie zaskakuje, \u017ce szefowie twierdz\u0105, \u017ce te strajki i liczne demon- stracje, kt\u00f3re maj\u0105 miejsce, s\u0105 \u201eniebezpieczn\u0105 gr\u0105\u201d, kt\u00f3ra mo\u017ce cofn\u0105\u0107 dziesi\u0119ciolecia wzrostu ekonomicznego. Dzieje si\u0119 tak, poniewa\u017c martwi\u0105 si\u0119 o swoje zyski.<\/p>\n\n\n\n<p>W przesz\u0142o\u015bci ci sami szefowie z zadowoleniem funkcjonowali w kontrolowanej przez wojsko pozorowanej demokracji sprzed zamachu stanu. Przymykali oczy na \u0142amanie praw cz\u0142owieka.<\/p>\n\n\n\n<p>Zachodnie rz\u0105dy tak\u017ce m\u00f3wi\u0142y o \u201epost\u0119pach w kierunku demokracji\u201d pod wojskow\u0105 konstytucj\u0105. Pozwala\u0142o to wojsku utrzymywa\u0107 realn\u0105 w\u0142adz\u0119, nawet przed zamachem stanu.<\/p>\n\n\n\n<p>Troska o dobro zwyk\u0142ych ludzi, wyra\u017cana przez szef\u00f3w i ONZ, to tylko krokodyle \u0142zy. Nie mo\u017cna polega\u0107 na szefach i tak zwanej \u201espo\u0142eczno\u015bci mi\u0119dzynarodowej\u201d, je\u015bli chodzi o wyzwolenie ludno\u015bci Mjanmy.<\/p>\n\n\n\n<p>Pracownicy kolei, pracownicy szpitali, urz\u0119dnicy pa\u0144stwowi, pracownicy przemys\u0142u odzie\u017cowego i pracownicy bank\u00f3w \u2013 wszyscy oni przy\u0142\u0105czyli si\u0119 do strajku generalnego, parali\u017cuj\u0105cego znaczn\u0105 cz\u0119\u015b\u0107 gospodarki.<\/p>\n\n\n\n<p>Dzia\u0142ania te powinny by\u0107 nadal rozwijane.<\/p>\n\n\n\n<p>To nie czas na wstrzymywanie strajk\u00f3w. Aby zintensyfikowa\u0107 dzia\u0142ania, nale\u017cy utworzy\u0107 rady pracow- nicze, jak mia\u0142o to miejsce podczas strajku generalnego w 1988 roku.<\/p>\n\n\n\n<p>Takie rady pracownicze mog\u0142yby nast\u0119pnie zacz\u0105\u0107 organizowa\u0107 dystrybucj\u0119 \u017cywno\u015bci i us\u0142ug, tworz\u0105c tym samym podwaliny funkcjonuj\u0105cego r\u00f3wnolegle rz\u0105du kontrolowanego przez pracownik\u00f3w.<\/p>\n\n\n\n<p>Zwi\u0105zkowcy z innych kraj\u00f3w powinni r\u00f3wnie\u017c przekazywa\u0107 darowizny solidarno\u015bciowe, aby wspom\u00f3c praownik\u00f3w w Mjanmie.<\/p>\n\n\n\n<p class=\"has-text-align-right\"><strong>Giles Ji Ungpakorn<\/strong><\/p>\n\n\n\n<p><em>Tajski wygnaniec mieszkaj\u0105cy<\/em> <em>na uchod\u017astwie.<\/em><\/p>\n\n\n\n<p class=\"has-text-align-right\"><strong>T\u0142umaczy\u0142 Piotr Wi\u015bniewski<\/strong><\/p>\n","protected":false},"excerpt":{"rendered":"<p>23 marca, 2021 Artyku\u0142 w marcowym numerze gazety szef\u00f3w Financial Times zosta\u0142 zatytu\u0142owany: \u201eProtestuj\u0105cy graj\u0105 w niebezpieczn\u0105 gr\u0119 z gospodark\u0105 Mjanmy \u2013 firmy ostrzegaj\u0105\u201d. To pokaza\u0142o, \u017ce strajki i protesty niepokoj\u0105 szef\u00f3w. Warto to doceni\u0107, zw\u0142aszcza \u017ce liczba ofiar \u015bmiertelnych protest\u00f3w, zastrzelonych przez birma\u0144sk\u0105 armi\u0119, przekroczy\u0142a 200. Strajki, kt\u00f3re parali\u017cuj\u0105 gospodark\u0119, s\u0105 niezb\u0119dne do obalenia [&hellip;]<\/p>\n","protected":false},"author":1,"featured_media":7759,"comment_status":"closed","ping_status":"closed","sticky":false,"template":"","format":"standard","meta":{"footnotes":""},"categories":[199,200],"tags":[],"class_list":["post-7758","post","type-post","status-publish","format-standard","has-post-thumbnail","hentry","category-gazeta-kwiecien-2021","category-gazeta-kwiecien-2021-cd"],"yoast_head":"<!-- This site is optimized with the Yoast SEO plugin v26.7 - https:\/\/yoast.com\/wordpress\/plugins\/seo\/ -->\n<title>List od tajskiego socjalisty: Wi\u0119ksza liczba strajk\u00f3w w Mjanmie mo\u017ce da\u0107 odp\u00f3r wojsku - Pracownicza Demokracja<\/title>\n<meta name=\"robots\" content=\"index, follow, max-snippet:-1, max-image-preview:large, max-video-preview:-1\" \/>\n<link rel=\"canonical\" href=\"https:\/\/pracowniczademokracja.org\/?p=7758\" \/>\n<meta property=\"og:locale\" content=\"pl_PL\" \/>\n<meta property=\"og:type\" content=\"article\" \/>\n<meta property=\"og:title\" content=\"List od tajskiego socjalisty: Wi\u0119ksza liczba strajk\u00f3w w Mjanmie mo\u017ce da\u0107 odp\u00f3r wojsku - Pracownicza Demokracja\" \/>\n<meta property=\"og:description\" content=\"23 marca, 2021 Artyku\u0142 w marcowym numerze gazety szef\u00f3w Financial Times zosta\u0142 zatytu\u0142owany: \u201eProtestuj\u0105cy graj\u0105 w niebezpieczn\u0105 gr\u0119 z gospodark\u0105 Mjanmy \u2013 firmy ostrzegaj\u0105\u201d. To pokaza\u0142o, \u017ce strajki i protesty niepokoj\u0105 szef\u00f3w. Warto to doceni\u0107, zw\u0142aszcza \u017ce liczba ofiar \u015bmiertelnych protest\u00f3w, zastrzelonych przez birma\u0144sk\u0105 armi\u0119, przekroczy\u0142a 200. Strajki, kt\u00f3re parali\u017cuj\u0105 gospodark\u0119, s\u0105 niezb\u0119dne do obalenia [&hellip;]\" \/>\n<meta property=\"og:url\" content=\"https:\/\/pracowniczademokracja.org\/?p=7758\" \/>\n<meta property=\"og:site_name\" content=\"Pracownicza Demokracja\" \/>\n<meta property=\"article:published_time\" content=\"2021-04-01T21:37:00+00:00\" \/>\n<meta property=\"article:modified_time\" content=\"2021-04-09T20:53:09+00:00\" \/>\n<meta property=\"og:image\" content=\"https:\/\/pracowniczademokracja.org\/wp-content\/uploads\/2021\/04\/mjanma.atak_.policji.jpg\" \/>\n\t<meta property=\"og:image:width\" content=\"600\" \/>\n\t<meta property=\"og:image:height\" content=\"400\" \/>\n\t<meta property=\"og:image:type\" content=\"image\/jpeg\" \/>\n<meta name=\"author\" content=\".\" \/>\n<meta name=\"twitter:card\" content=\"summary_large_image\" \/>\n<meta name=\"twitter:label1\" content=\"Napisane przez\" \/>\n\t<meta name=\"twitter:data1\" content=\".\" \/>\n\t<meta name=\"twitter:label2\" content=\"Szacowany czas czytania\" \/>\n\t<meta name=\"twitter:data2\" content=\"2 minuty\" \/>\n<script type=\"application\/ld+json\" class=\"yoast-schema-graph\">{\"@context\":\"https:\/\/schema.org\",\"@graph\":[{\"@type\":\"Article\",\"@id\":\"https:\/\/pracowniczademokracja.org\/?p=7758#article\",\"isPartOf\":{\"@id\":\"https:\/\/pracowniczademokracja.org\/?p=7758\"},\"author\":{\"name\":\".\",\"@id\":\"https:\/\/pracowniczademokracja.org\/#\/schema\/person\/111010f0277257eac5a64dace1cd1ad8\"},\"headline\":\"List od tajskiego socjalisty: Wi\u0119ksza liczba strajk\u00f3w w Mjanmie mo\u017ce da\u0107 odp\u00f3r wojsku\",\"datePublished\":\"2021-04-01T21:37:00+00:00\",\"dateModified\":\"2021-04-09T20:53:09+00:00\",\"mainEntityOfPage\":{\"@id\":\"https:\/\/pracowniczademokracja.org\/?p=7758\"},\"wordCount\":354,\"image\":{\"@id\":\"https:\/\/pracowniczademokracja.org\/?p=7758#primaryimage\"},\"thumbnailUrl\":\"https:\/\/pracowniczademokracja.org\/wp-content\/uploads\/2021\/04\/mjanma.atak_.policji.jpg\",\"articleSection\":[\"Gazeta - kwiecie\u0144 2021\",\"Gazeta - kwiecie\u0144 2021 - cd.\"],\"inLanguage\":\"pl-PL\"},{\"@type\":\"WebPage\",\"@id\":\"https:\/\/pracowniczademokracja.org\/?p=7758\",\"url\":\"https:\/\/pracowniczademokracja.org\/?p=7758\",\"name\":\"List od tajskiego socjalisty: Wi\u0119ksza liczba strajk\u00f3w w Mjanmie mo\u017ce da\u0107 odp\u00f3r wojsku - Pracownicza Demokracja\",\"isPartOf\":{\"@id\":\"https:\/\/pracowniczademokracja.org\/#website\"},\"primaryImageOfPage\":{\"@id\":\"https:\/\/pracowniczademokracja.org\/?p=7758#primaryimage\"},\"image\":{\"@id\":\"https:\/\/pracowniczademokracja.org\/?p=7758#primaryimage\"},\"thumbnailUrl\":\"https:\/\/pracowniczademokracja.org\/wp-content\/uploads\/2021\/04\/mjanma.atak_.policji.jpg\",\"datePublished\":\"2021-04-01T21:37:00+00:00\",\"dateModified\":\"2021-04-09T20:53:09+00:00\",\"author\":{\"@id\":\"https:\/\/pracowniczademokracja.org\/#\/schema\/person\/111010f0277257eac5a64dace1cd1ad8\"},\"breadcrumb\":{\"@id\":\"https:\/\/pracowniczademokracja.org\/?p=7758#breadcrumb\"},\"inLanguage\":\"pl-PL\",\"potentialAction\":[{\"@type\":\"ReadAction\",\"target\":[\"https:\/\/pracowniczademokracja.org\/?p=7758\"]}]},{\"@type\":\"ImageObject\",\"inLanguage\":\"pl-PL\",\"@id\":\"https:\/\/pracowniczademokracja.org\/?p=7758#primaryimage\",\"url\":\"https:\/\/pracowniczademokracja.org\/wp-content\/uploads\/2021\/04\/mjanma.atak_.policji.jpg\",\"contentUrl\":\"https:\/\/pracowniczademokracja.org\/wp-content\/uploads\/2021\/04\/mjanma.atak_.policji.jpg\",\"width\":600,\"height\":400,\"caption\":\"Anti military coup protesters stands in the middle of tear gas smoke during a demonstration against the military coup. Myanmar police fired rubber bullets, tear gas and sound bombs at peaceful anti military coup protesters on Monday. Several were arrested and injured but the exact number is still unclear. Myanmar's military detained State Counsellor of Myanmar Aung San Suu Kyi on February 01, 2021 and declared a state of emergency while seizing the power in the country for a year after losing the election against the National League for Democracy (NLD). (Photo by Aung Kyaw Htet \/ SOPA Images\/Sipa USA)\"},{\"@type\":\"BreadcrumbList\",\"@id\":\"https:\/\/pracowniczademokracja.org\/?p=7758#breadcrumb\",\"itemListElement\":[{\"@type\":\"ListItem\",\"position\":1,\"name\":\"Strona g\u0142\u00f3wna\",\"item\":\"https:\/\/pracowniczademokracja.org\/\"},{\"@type\":\"ListItem\",\"position\":2,\"name\":\"List od tajskiego socjalisty: Wi\u0119ksza liczba strajk\u00f3w w Mjanmie mo\u017ce da\u0107 odp\u00f3r wojsku\"}]},{\"@type\":\"WebSite\",\"@id\":\"https:\/\/pracowniczademokracja.org\/#website\",\"url\":\"https:\/\/pracowniczademokracja.org\/\",\"name\":\"Pracownicza Demokracja\",\"description\":\"\",\"potentialAction\":[{\"@type\":\"SearchAction\",\"target\":{\"@type\":\"EntryPoint\",\"urlTemplate\":\"https:\/\/pracowniczademokracja.org\/?s={search_term_string}\"},\"query-input\":{\"@type\":\"PropertyValueSpecification\",\"valueRequired\":true,\"valueName\":\"search_term_string\"}}],\"inLanguage\":\"pl-PL\"},{\"@type\":\"Person\",\"@id\":\"https:\/\/pracowniczademokracja.org\/#\/schema\/person\/111010f0277257eac5a64dace1cd1ad8\",\"name\":\".\",\"url\":\"https:\/\/pracowniczademokracja.org\/?author=1\"}]}<\/script>\n<!-- \/ Yoast SEO plugin. -->","yoast_head_json":{"title":"List od tajskiego socjalisty: Wi\u0119ksza liczba strajk\u00f3w w Mjanmie mo\u017ce da\u0107 odp\u00f3r wojsku - Pracownicza Demokracja","robots":{"index":"index","follow":"follow","max-snippet":"max-snippet:-1","max-image-preview":"max-image-preview:large","max-video-preview":"max-video-preview:-1"},"canonical":"https:\/\/pracowniczademokracja.org\/?p=7758","og_locale":"pl_PL","og_type":"article","og_title":"List od tajskiego socjalisty: Wi\u0119ksza liczba strajk\u00f3w w Mjanmie mo\u017ce da\u0107 odp\u00f3r wojsku - Pracownicza Demokracja","og_description":"23 marca, 2021 Artyku\u0142 w marcowym numerze gazety szef\u00f3w Financial Times zosta\u0142 zatytu\u0142owany: \u201eProtestuj\u0105cy graj\u0105 w niebezpieczn\u0105 gr\u0119 z gospodark\u0105 Mjanmy \u2013 firmy ostrzegaj\u0105\u201d. To pokaza\u0142o, \u017ce strajki i protesty niepokoj\u0105 szef\u00f3w. Warto to doceni\u0107, zw\u0142aszcza \u017ce liczba ofiar \u015bmiertelnych protest\u00f3w, zastrzelonych przez birma\u0144sk\u0105 armi\u0119, przekroczy\u0142a 200. Strajki, kt\u00f3re parali\u017cuj\u0105 gospodark\u0119, s\u0105 niezb\u0119dne do obalenia [&hellip;]","og_url":"https:\/\/pracowniczademokracja.org\/?p=7758","og_site_name":"Pracownicza Demokracja","article_published_time":"2021-04-01T21:37:00+00:00","article_modified_time":"2021-04-09T20:53:09+00:00","og_image":[{"width":600,"height":400,"url":"https:\/\/pracowniczademokracja.org\/wp-content\/uploads\/2021\/04\/mjanma.atak_.policji.jpg","type":"image\/jpeg"}],"author":".","twitter_card":"summary_large_image","twitter_misc":{"Napisane przez":".","Szacowany czas czytania":"2 minuty"},"schema":{"@context":"https:\/\/schema.org","@graph":[{"@type":"Article","@id":"https:\/\/pracowniczademokracja.org\/?p=7758#article","isPartOf":{"@id":"https:\/\/pracowniczademokracja.org\/?p=7758"},"author":{"name":".","@id":"https:\/\/pracowniczademokracja.org\/#\/schema\/person\/111010f0277257eac5a64dace1cd1ad8"},"headline":"List od tajskiego socjalisty: Wi\u0119ksza liczba strajk\u00f3w w Mjanmie mo\u017ce da\u0107 odp\u00f3r wojsku","datePublished":"2021-04-01T21:37:00+00:00","dateModified":"2021-04-09T20:53:09+00:00","mainEntityOfPage":{"@id":"https:\/\/pracowniczademokracja.org\/?p=7758"},"wordCount":354,"image":{"@id":"https:\/\/pracowniczademokracja.org\/?p=7758#primaryimage"},"thumbnailUrl":"https:\/\/pracowniczademokracja.org\/wp-content\/uploads\/2021\/04\/mjanma.atak_.policji.jpg","articleSection":["Gazeta - kwiecie\u0144 2021","Gazeta - kwiecie\u0144 2021 - cd."],"inLanguage":"pl-PL"},{"@type":"WebPage","@id":"https:\/\/pracowniczademokracja.org\/?p=7758","url":"https:\/\/pracowniczademokracja.org\/?p=7758","name":"List od tajskiego socjalisty: Wi\u0119ksza liczba strajk\u00f3w w Mjanmie mo\u017ce da\u0107 odp\u00f3r wojsku - Pracownicza Demokracja","isPartOf":{"@id":"https:\/\/pracowniczademokracja.org\/#website"},"primaryImageOfPage":{"@id":"https:\/\/pracowniczademokracja.org\/?p=7758#primaryimage"},"image":{"@id":"https:\/\/pracowniczademokracja.org\/?p=7758#primaryimage"},"thumbnailUrl":"https:\/\/pracowniczademokracja.org\/wp-content\/uploads\/2021\/04\/mjanma.atak_.policji.jpg","datePublished":"2021-04-01T21:37:00+00:00","dateModified":"2021-04-09T20:53:09+00:00","author":{"@id":"https:\/\/pracowniczademokracja.org\/#\/schema\/person\/111010f0277257eac5a64dace1cd1ad8"},"breadcrumb":{"@id":"https:\/\/pracowniczademokracja.org\/?p=7758#breadcrumb"},"inLanguage":"pl-PL","potentialAction":[{"@type":"ReadAction","target":["https:\/\/pracowniczademokracja.org\/?p=7758"]}]},{"@type":"ImageObject","inLanguage":"pl-PL","@id":"https:\/\/pracowniczademokracja.org\/?p=7758#primaryimage","url":"https:\/\/pracowniczademokracja.org\/wp-content\/uploads\/2021\/04\/mjanma.atak_.policji.jpg","contentUrl":"https:\/\/pracowniczademokracja.org\/wp-content\/uploads\/2021\/04\/mjanma.atak_.policji.jpg","width":600,"height":400,"caption":"Anti military coup protesters stands in the middle of tear gas smoke during a demonstration against the military coup. Myanmar police fired rubber bullets, tear gas and sound bombs at peaceful anti military coup protesters on Monday. Several were arrested and injured but the exact number is still unclear. Myanmar's military detained State Counsellor of Myanmar Aung San Suu Kyi on February 01, 2021 and declared a state of emergency while seizing the power in the country for a year after losing the election against the National League for Democracy (NLD). (Photo by Aung Kyaw Htet \/ SOPA Images\/Sipa USA)"},{"@type":"BreadcrumbList","@id":"https:\/\/pracowniczademokracja.org\/?p=7758#breadcrumb","itemListElement":[{"@type":"ListItem","position":1,"name":"Strona g\u0142\u00f3wna","item":"https:\/\/pracowniczademokracja.org\/"},{"@type":"ListItem","position":2,"name":"List od tajskiego socjalisty: Wi\u0119ksza liczba strajk\u00f3w w Mjanmie mo\u017ce da\u0107 odp\u00f3r wojsku"}]},{"@type":"WebSite","@id":"https:\/\/pracowniczademokracja.org\/#website","url":"https:\/\/pracowniczademokracja.org\/","name":"Pracownicza Demokracja","description":"","potentialAction":[{"@type":"SearchAction","target":{"@type":"EntryPoint","urlTemplate":"https:\/\/pracowniczademokracja.org\/?s={search_term_string}"},"query-input":{"@type":"PropertyValueSpecification","valueRequired":true,"valueName":"search_term_string"}}],"inLanguage":"pl-PL"},{"@type":"Person","@id":"https:\/\/pracowniczademokracja.org\/#\/schema\/person\/111010f0277257eac5a64dace1cd1ad8","name":".","url":"https:\/\/pracowniczademokracja.org\/?author=1"}]}},"_links":{"self":[{"href":"https:\/\/pracowniczademokracja.org\/index.php?rest_route=\/wp\/v2\/posts\/7758","targetHints":{"allow":["GET"]}}],"collection":[{"href":"https:\/\/pracowniczademokracja.org\/index.php?rest_route=\/wp\/v2\/posts"}],"about":[{"href":"https:\/\/pracowniczademokracja.org\/index.php?rest_route=\/wp\/v2\/types\/post"}],"author":[{"embeddable":true,"href":"https:\/\/pracowniczademokracja.org\/index.php?rest_route=\/wp\/v2\/users\/1"}],"replies":[{"embeddable":true,"href":"https:\/\/pracowniczademokracja.org\/index.php?rest_route=%2Fwp%2Fv2%2Fcomments&post=7758"}],"version-history":[{"count":1,"href":"https:\/\/pracowniczademokracja.org\/index.php?rest_route=\/wp\/v2\/posts\/7758\/revisions"}],"predecessor-version":[{"id":7760,"href":"https:\/\/pracowniczademokracja.org\/index.php?rest_route=\/wp\/v2\/posts\/7758\/revisions\/7760"}],"wp:featuredmedia":[{"embeddable":true,"href":"https:\/\/pracowniczademokracja.org\/index.php?rest_route=\/wp\/v2\/media\/7759"}],"wp:attachment":[{"href":"https:\/\/pracowniczademokracja.org\/index.php?rest_route=%2Fwp%2Fv2%2Fmedia&parent=7758"}],"wp:term":[{"taxonomy":"category","embeddable":true,"href":"https:\/\/pracowniczademokracja.org\/index.php?rest_route=%2Fwp%2Fv2%2Fcategories&post=7758"},{"taxonomy":"post_tag","embeddable":true,"href":"https:\/\/pracowniczademokracja.org\/index.php?rest_route=%2Fwp%2Fv2%2Ftags&post=7758"}],"curies":[{"name":"wp","href":"https:\/\/api.w.org\/{rel}","templated":true}]}}