{"id":7729,"date":"2021-04-01T23:53:00","date_gmt":"2021-04-01T21:53:00","guid":{"rendered":"http:\/\/pracowniczademokracja.org\/?p=7729"},"modified":"2021-04-07T17:09:58","modified_gmt":"2021-04-07T15:09:58","slug":"globalna-walka-z-rasizmem-i-faszyzmem","status":"publish","type":"post","link":"https:\/\/pracowniczademokracja.org\/?p=7729","title":{"rendered":"Globalna walka z rasizmem i faszyzmem"},"content":{"rendered":"\n<div class=\"wp-block-image\"><figure class=\"aligncenter size-large is-resized\"><img loading=\"lazy\" decoding=\"async\" src=\"http:\/\/pracowniczademokracja.org\/wp-content\/uploads\/2021\/04\/ateny.m20.2021-1024x682.jpg\" alt=\"Ateny\" class=\"wp-image-7730\" width=\"495\" height=\"329\" srcset=\"https:\/\/pracowniczademokracja.org\/wp-content\/uploads\/2021\/04\/ateny.m20.2021-1024x682.jpg 1024w, https:\/\/pracowniczademokracja.org\/wp-content\/uploads\/2021\/04\/ateny.m20.2021-300x200.jpg 300w, https:\/\/pracowniczademokracja.org\/wp-content\/uploads\/2021\/04\/ateny.m20.2021-150x100.jpg 150w, https:\/\/pracowniczademokracja.org\/wp-content\/uploads\/2021\/04\/ateny.m20.2021-768x511.jpg 768w, https:\/\/pracowniczademokracja.org\/wp-content\/uploads\/2021\/04\/ateny.m20.2021.jpg 1290w\" sizes=\"auto, (max-width: 495px) 100vw, 495px\" \/><figcaption>ATENY<\/figcaption><\/figure><\/div>\n\n\n\n<p><strong>W weekend 20-21 marca koalicja Zjednoczeni Przeciw Rasizmowi uczestniczy\u0142a w globalnym dniu protestu z okazji ONZ-owskiego Mi\u0119dzynarodowego Dnia Walki z Rasizmem.<\/strong><\/p>\n\n\n\n<p>W jego ramach odby\u0142y si\u0119 skoordynowane protesty i r\u00f3\u017cne wydarzenia w ponad 20 krajach, w tym <strong>w USA, Anglii, Szkocji i Walii, Irlandii, Francji, Holandii, Pa\u0144stwie Hiszpa\u0144skim i Katalonii, Portugalii, W\u0142oszech, Niemczech, Austrii, Serbii, Grecji, Turcji, Norwegii, Danii, Nowej Zelandii, Korei Po\u0142udniowej, Kanadzie, Portugalii, Belgii, Rosji i Polsce.<\/strong><\/p>\n\n\n\n<p>Niewielka grupa zebra\u0142a si\u0119 w Ni\u017cnym Nowogrodzie, w Rosji. Uczestnicy akcji trzymali antyrasistowskie plakaty.<\/p>\n\n\n\n<p>W Niemczech ludzie gromadzili si\u0119 na ulicach w licznych miastach. Pos\u0142anka z lewicowej partii Die Linke, Christine Buchholz, powiedzia\u0142a: \u201eRasi\u015bci i faszy\u015bci s\u0105 silni. Jednak mo\u017cemy stawia\u0107 op\u00f3r. Jeste\u015bmy ze sob\u0105 po\u0142\u0105czeni i nasza solidarno\u015b\u0107 zwyci\u0119\u017cy \u201d.<\/p>\n\n\n\n<p>Setki antyrasist\u00f3w, migrant\u00f3w i uchod\u017ac\u00f3w zebra\u0142o si\u0119 w Atenach na jednej z licznych demonstracji w Grecji. Grecki ruch antyrasistowski, KEERFA, stwierdzi\u0142 w swoim o\u015bwiadczeniu: \u201eTwierdza Europa to Europa szef\u00f3w i bogatych, kt\u00f3rzy mog\u0105 si\u0119 swobodnie porusza\u0107, gdy umieraj\u0105 uchod\u017acy. Mi\u0119dzynarodowa koordynacja walki jest bardzo wa\u017cna dla pokonania rasizmu i faszyzmu. Demonstrujemy 20 marca domagaj\u0105c si\u0119 otwartych granic, azylu, pe\u0142nych praw i schronienia dla wszystkich uchod\u017ac\u00f3w. Obali\u0107 mury, zamkn\u0105\u0107 obozy\u201d.<\/p>\n\n\n\n<p>KEERFA wzywa\u0142a aktywist\u00f3w do czerpania inspiracji z likwidacji nazistowskiej partii Z\u0142oty \u015awit w Grecji, w zesz\u0142ym roku.<\/p>\n\n\n\n<div class=\"wp-block-image\"><figure class=\"aligncenter size-large is-resized\"><img loading=\"lazy\" decoding=\"async\" src=\"http:\/\/pracowniczademokracja.org\/wp-content\/uploads\/2021\/04\/wieden.m20.2021-1024x683.jpg\" alt=\"Wiede\u0144\" class=\"wp-image-7732\" width=\"456\" height=\"303\" srcset=\"https:\/\/pracowniczademokracja.org\/wp-content\/uploads\/2021\/04\/wieden.m20.2021-1024x683.jpg 1024w, https:\/\/pracowniczademokracja.org\/wp-content\/uploads\/2021\/04\/wieden.m20.2021-300x200.jpg 300w, https:\/\/pracowniczademokracja.org\/wp-content\/uploads\/2021\/04\/wieden.m20.2021-150x100.jpg 150w, https:\/\/pracowniczademokracja.org\/wp-content\/uploads\/2021\/04\/wieden.m20.2021-768x512.jpg 768w, https:\/\/pracowniczademokracja.org\/wp-content\/uploads\/2021\/04\/wieden.m20.2021-1536x1024.jpg 1536w, https:\/\/pracowniczademokracja.org\/wp-content\/uploads\/2021\/04\/wieden.m20.2021.jpg 1620w\" sizes=\"auto, (max-width: 456px) 100vw, 456px\" \/><figcaption>WIEDE\u0143<\/figcaption><\/figure><\/div>\n\n\n\n<p>W Austrii, jak donosi Manfred: \u201eWielki, kolorowy, m\u0142ody i w\u015bciek\u0142y marsz protestacyjny przetoczy\u0142 si\u0119 ulicami Wiednia. Od czasu protest\u00f3w Black Lives Matter rok temu nie zaobserwowano tak du\u017cej demonstracji solidarno\u015bci. Poczuli\u015bmy ulg\u0119 i rado\u015b\u0107, \u017ce lewica jest w stanie wywo\u0142a\u0107 du\u017ce mobilizacje nawet w czasie pandemii. Jednak to wszystko nie sprawi\u0142o, \u017ce zapomnieli\u015bmy, \u017ce rz\u0105d austriacki deportuje dzieci, kt\u00f3re tu si\u0119 urodzi\u0142y i rodziny, kt\u00f3re maj\u0105 tu swoje \u017cycie. Dlatego tym razem uczniowie r\u00f3wnie\u017c odcisn\u0119li swoje pi\u0119tno na wydarzeniach\u201d.<\/p>\n\n\n\n<p>W Turcji, jak m\u00f3wi Ozan: \u201eBy\u0142y ma\u0142e antyrasistowskie protesty w Stambule i Tekirdag. Po\u0142\u0105czyli\u015bmy #20M ze strajkami klimatycznymi i dzia\u0142aniami przeciwko seksizmowi. Rz\u0105d zadekretowa\u0142, \u017ce wycofuje Turcj\u0119 z Konwencji Stambulskiej. Jest to traktat przeciwko przemocy wobec kobiet i przemocy domowej.<\/p>\n\n\n\n<p>Decyzja rz\u0105du stanowi znaczn\u0105 ofensyw\u0119 klasy rz\u0105dz\u0105cej przeciwko prawom kobiet. W sobot\u0119 [20 marca] odby\u0142y si\u0119 marsze kobiet w ca\u0142ej Turcji \u2013 m.in. ogromny marsz w Kadikoy, gdzie planowali\u015bmy zorganizowa\u0107 w\u0142asn\u0105 imprez\u0119 antyrasistowsk\u0105. Do\u0142\u0105czyli\u015bmy do wielkiego wiecu po naszym w\u0142asnym wydarzeniu\u201d.<\/p>\n\n\n\n<div class=\"wp-block-image\"><figure class=\"aligncenter size-large is-resized\"><img loading=\"lazy\" decoding=\"async\" src=\"http:\/\/pracowniczademokracja.org\/wp-content\/uploads\/2021\/04\/baltimore.M20.2021.jpg\" alt=\"Baltimore, USA\" class=\"wp-image-7731\" width=\"401\" height=\"301\" srcset=\"https:\/\/pracowniczademokracja.org\/wp-content\/uploads\/2021\/04\/baltimore.M20.2021.jpg 1024w, https:\/\/pracowniczademokracja.org\/wp-content\/uploads\/2021\/04\/baltimore.M20.2021-300x225.jpg 300w, https:\/\/pracowniczademokracja.org\/wp-content\/uploads\/2021\/04\/baltimore.M20.2021-150x113.jpg 150w, https:\/\/pracowniczademokracja.org\/wp-content\/uploads\/2021\/04\/baltimore.M20.2021-768x576.jpg 768w\" sizes=\"auto, (max-width: 401px) 100vw, 401px\" \/><figcaption>BALTIMORE, USA<\/figcaption><\/figure><\/div>\n\n\n\n<p>W Danii, jak donosi Lene: \u201eW trzech najwi\u0119kszych miastach odby\u0142y si\u0119 demonstracje zorganizowane przez Zjednoczonych Przeciw Rasizmowi i Dyskryminacji oraz szerokie koalicje lokalne. Zosta\u0142y one zorganizowane w obronie uchod\u017ac\u00f3w i przeciwko odg\u00f3rnej rasistowskiej retoryce.?<\/p>\n\n\n\n<p>W Pary\u017cu, we Francji du\u017cy marsz skierowany by\u0142 przeciwko rasizmowi pa\u0144stwowemu, przemocy policyjnej i islamofobii. Domaga\u0142 si\u0119 r\u00f3wnie\u017c praw dla nieudokumentowanych migrant\u00f3w.<\/p>\n\n\n\n<div class=\"wp-block-image\"><figure class=\"aligncenter size-large is-resized\"><img loading=\"lazy\" decoding=\"async\" src=\"http:\/\/pracowniczademokracja.org\/wp-content\/uploads\/2021\/04\/paryz..M20.2021.jpg\" alt=\"Pary\u017c\" class=\"wp-image-7733\" width=\"433\" height=\"288\" srcset=\"https:\/\/pracowniczademokracja.org\/wp-content\/uploads\/2021\/04\/paryz..M20.2021.jpg 600w, https:\/\/pracowniczademokracja.org\/wp-content\/uploads\/2021\/04\/paryz..M20.2021-300x200.jpg 300w, https:\/\/pracowniczademokracja.org\/wp-content\/uploads\/2021\/04\/paryz..M20.2021-150x100.jpg 150w\" sizes=\"auto, (max-width: 433px) 100vw, 433px\" \/><figcaption>PARY\u017b<\/figcaption><\/figure><\/div>\n\n\n\n<p>Mobilizacja w Katalonii w Pa\u0144stwie Hiszpa\u0144skim mia\u0142a miejsce zaledwie miesi\u0105c po wej\u015bciu do katalo\u0144skiego parlamentu 11 deputowanych skrajnie prawicowej partii Vox. Koalicja Unitat Contra el Feixisme i el Racisme (UCFR) u\u015bwietni\u0142a ten dzie\u0144 ponad 20 wydarzeniami w miastach w ca\u0142ym kraju. Obejmowa\u0142y one wiece, wydarzenia online i inne akcje. Kilka z nich zosta\u0142o zorganizowanych przez nowe lokalne grupy, kt\u00f3re wyros\u0142y w ostatnich tygodniach w ramach kampanii #StopVOX.<\/p>\n\n\n\n<p>David Karvala, dzia\u0142acz UCFR i cz\u0142onek Marx21.net, m\u00f3wi: \u201eTe dzia\u0142ania s\u0105 wa\u017cnym krokiem w konsolidacji tych grup. Jednym z przyk\u0142ad\u00f3w jest grupa UCFR w Terrassa, niedaleko Barcelony. Powsta\u0142a ona w kampanii przeciwko Vox i przeprowadzi\u0142a kilkusetosobowe protesty przeciwko skrajnie prawicowym wydarzeniom wybor- czym w ich mie\u015bcie.<\/p>\n\n\n\n<p>Na wiecu w pi\u0105tek, 19 marca, wieczorem przemawia\u0142 Alioune, m\u0142ody czarnosk\u00f3ry mieszkaniec, kt\u00f3ry pad\u0142 ofiar\u0105 instytucjonalnego rasizmu w transporcie publicznym.<\/p>\n\n\n\n<p>Grupa planuje kampani\u0119 dotycz\u0105c\u0105 tego powszechnego problemu w nadchodz\u0105cych miesi\u0105cach. UCFR Catalonia ma du\u017co do zrobienia. Musi walczy\u0107 z Vox, z rasizmem pa\u0144stwowym, a zw\u0142aszcza z islamofobi\u0105, kt\u00f3ra zara\u017ca nawet cz\u0119\u015bci lewicy. Jednak wzrost ruchu w ostatnich miesi\u0105cach to bardzo dobry znak. Innym trwaj\u0105cym zadaniem jest zach\u0119canie do tworzenia podobnych ruch\u00f3w w innych obszarach Pa\u0144stwa Hiszpa\u0144skiego. W wielu z nich skrajna prawica jest nawet silniejsza ni\u017c tutaj \u201d.<\/p>\n\n\n\n<p><\/p>\n","protected":false},"excerpt":{"rendered":"<p>W weekend 20-21 marca koalicja Zjednoczeni Przeciw Rasizmowi uczestniczy\u0142a w globalnym dniu protestu z okazji ONZ-owskiego Mi\u0119dzynarodowego Dnia Walki z Rasizmem. W jego ramach odby\u0142y si\u0119 skoordynowane protesty i r\u00f3\u017cne wydarzenia w ponad 20 krajach, w tym w USA, Anglii, Szkocji i Walii, Irlandii, Francji, Holandii, Pa\u0144stwie Hiszpa\u0144skim i Katalonii, Portugalii, W\u0142oszech, Niemczech, Austrii, Serbii, [&hellip;]<\/p>\n","protected":false},"author":1,"featured_media":7730,"comment_status":"closed","ping_status":"closed","sticky":false,"template":"","format":"standard","meta":{"footnotes":""},"categories":[199],"tags":[97],"class_list":["post-7729","post","type-post","status-publish","format-standard","has-post-thumbnail","hentry","category-gazeta-kwiecien-2021","tag-featured"],"yoast_head":"<!-- This site is optimized with the Yoast SEO plugin v26.7 - https:\/\/yoast.com\/wordpress\/plugins\/seo\/ -->\n<title>Globalna walka z rasizmem i faszyzmem - Pracownicza Demokracja<\/title>\n<meta name=\"robots\" content=\"index, follow, max-snippet:-1, max-image-preview:large, max-video-preview:-1\" \/>\n<link rel=\"canonical\" href=\"https:\/\/pracowniczademokracja.org\/?p=7729\" \/>\n<meta property=\"og:locale\" content=\"pl_PL\" \/>\n<meta property=\"og:type\" content=\"article\" \/>\n<meta property=\"og:title\" content=\"Globalna walka z rasizmem i faszyzmem - Pracownicza Demokracja\" \/>\n<meta property=\"og:description\" content=\"W weekend 20-21 marca koalicja Zjednoczeni Przeciw Rasizmowi uczestniczy\u0142a w globalnym dniu protestu z okazji ONZ-owskiego Mi\u0119dzynarodowego Dnia Walki z Rasizmem. W jego ramach odby\u0142y si\u0119 skoordynowane protesty i r\u00f3\u017cne wydarzenia w ponad 20 krajach, w tym w USA, Anglii, Szkocji i Walii, Irlandii, Francji, Holandii, Pa\u0144stwie Hiszpa\u0144skim i Katalonii, Portugalii, W\u0142oszech, Niemczech, Austrii, Serbii, [&hellip;]\" \/>\n<meta property=\"og:url\" content=\"https:\/\/pracowniczademokracja.org\/?p=7729\" \/>\n<meta property=\"og:site_name\" content=\"Pracownicza Demokracja\" \/>\n<meta property=\"article:published_time\" content=\"2021-04-01T21:53:00+00:00\" \/>\n<meta property=\"article:modified_time\" content=\"2021-04-07T15:09:58+00:00\" \/>\n<meta property=\"og:image\" content=\"https:\/\/pracowniczademokracja.org\/wp-content\/uploads\/2021\/04\/ateny.m20.2021.jpg\" \/>\n\t<meta property=\"og:image:width\" content=\"1290\" \/>\n\t<meta property=\"og:image:height\" content=\"859\" \/>\n\t<meta property=\"og:image:type\" content=\"image\/jpeg\" \/>\n<meta name=\"author\" content=\".\" \/>\n<meta name=\"twitter:card\" content=\"summary_large_image\" \/>\n<meta name=\"twitter:label1\" content=\"Napisane przez\" \/>\n\t<meta name=\"twitter:data1\" content=\".\" \/>\n\t<meta name=\"twitter:label2\" content=\"Szacowany czas czytania\" \/>\n\t<meta name=\"twitter:data2\" content=\"4 minuty\" \/>\n<script type=\"application\/ld+json\" class=\"yoast-schema-graph\">{\"@context\":\"https:\/\/schema.org\",\"@graph\":[{\"@type\":\"Article\",\"@id\":\"https:\/\/pracowniczademokracja.org\/?p=7729#article\",\"isPartOf\":{\"@id\":\"https:\/\/pracowniczademokracja.org\/?p=7729\"},\"author\":{\"name\":\".\",\"@id\":\"https:\/\/pracowniczademokracja.org\/#\/schema\/person\/111010f0277257eac5a64dace1cd1ad8\"},\"headline\":\"Globalna walka z rasizmem i faszyzmem\",\"datePublished\":\"2021-04-01T21:53:00+00:00\",\"dateModified\":\"2021-04-07T15:09:58+00:00\",\"mainEntityOfPage\":{\"@id\":\"https:\/\/pracowniczademokracja.org\/?p=7729\"},\"wordCount\":753,\"image\":{\"@id\":\"https:\/\/pracowniczademokracja.org\/?p=7729#primaryimage\"},\"thumbnailUrl\":\"https:\/\/pracowniczademokracja.org\/wp-content\/uploads\/2021\/04\/ateny.m20.2021.jpg\",\"keywords\":[\"Featured\"],\"articleSection\":[\"Gazeta - kwiecie\u0144 2021\"],\"inLanguage\":\"pl-PL\"},{\"@type\":\"WebPage\",\"@id\":\"https:\/\/pracowniczademokracja.org\/?p=7729\",\"url\":\"https:\/\/pracowniczademokracja.org\/?p=7729\",\"name\":\"Globalna walka z rasizmem i faszyzmem - Pracownicza Demokracja\",\"isPartOf\":{\"@id\":\"https:\/\/pracowniczademokracja.org\/#website\"},\"primaryImageOfPage\":{\"@id\":\"https:\/\/pracowniczademokracja.org\/?p=7729#primaryimage\"},\"image\":{\"@id\":\"https:\/\/pracowniczademokracja.org\/?p=7729#primaryimage\"},\"thumbnailUrl\":\"https:\/\/pracowniczademokracja.org\/wp-content\/uploads\/2021\/04\/ateny.m20.2021.jpg\",\"datePublished\":\"2021-04-01T21:53:00+00:00\",\"dateModified\":\"2021-04-07T15:09:58+00:00\",\"author\":{\"@id\":\"https:\/\/pracowniczademokracja.org\/#\/schema\/person\/111010f0277257eac5a64dace1cd1ad8\"},\"breadcrumb\":{\"@id\":\"https:\/\/pracowniczademokracja.org\/?p=7729#breadcrumb\"},\"inLanguage\":\"pl-PL\",\"potentialAction\":[{\"@type\":\"ReadAction\",\"target\":[\"https:\/\/pracowniczademokracja.org\/?p=7729\"]}]},{\"@type\":\"ImageObject\",\"inLanguage\":\"pl-PL\",\"@id\":\"https:\/\/pracowniczademokracja.org\/?p=7729#primaryimage\",\"url\":\"https:\/\/pracowniczademokracja.org\/wp-content\/uploads\/2021\/04\/ateny.m20.2021.jpg\",\"contentUrl\":\"https:\/\/pracowniczademokracja.org\/wp-content\/uploads\/2021\/04\/ateny.m20.2021.jpg\",\"width\":1290,\"height\":859},{\"@type\":\"BreadcrumbList\",\"@id\":\"https:\/\/pracowniczademokracja.org\/?p=7729#breadcrumb\",\"itemListElement\":[{\"@type\":\"ListItem\",\"position\":1,\"name\":\"Strona g\u0142\u00f3wna\",\"item\":\"https:\/\/pracowniczademokracja.org\/\"},{\"@type\":\"ListItem\",\"position\":2,\"name\":\"Globalna walka z rasizmem i faszyzmem\"}]},{\"@type\":\"WebSite\",\"@id\":\"https:\/\/pracowniczademokracja.org\/#website\",\"url\":\"https:\/\/pracowniczademokracja.org\/\",\"name\":\"Pracownicza Demokracja\",\"description\":\"\",\"potentialAction\":[{\"@type\":\"SearchAction\",\"target\":{\"@type\":\"EntryPoint\",\"urlTemplate\":\"https:\/\/pracowniczademokracja.org\/?s={search_term_string}\"},\"query-input\":{\"@type\":\"PropertyValueSpecification\",\"valueRequired\":true,\"valueName\":\"search_term_string\"}}],\"inLanguage\":\"pl-PL\"},{\"@type\":\"Person\",\"@id\":\"https:\/\/pracowniczademokracja.org\/#\/schema\/person\/111010f0277257eac5a64dace1cd1ad8\",\"name\":\".\",\"url\":\"https:\/\/pracowniczademokracja.org\/?author=1\"}]}<\/script>\n<!-- \/ Yoast SEO plugin. -->","yoast_head_json":{"title":"Globalna walka z rasizmem i faszyzmem - Pracownicza Demokracja","robots":{"index":"index","follow":"follow","max-snippet":"max-snippet:-1","max-image-preview":"max-image-preview:large","max-video-preview":"max-video-preview:-1"},"canonical":"https:\/\/pracowniczademokracja.org\/?p=7729","og_locale":"pl_PL","og_type":"article","og_title":"Globalna walka z rasizmem i faszyzmem - Pracownicza Demokracja","og_description":"W weekend 20-21 marca koalicja Zjednoczeni Przeciw Rasizmowi uczestniczy\u0142a w globalnym dniu protestu z okazji ONZ-owskiego Mi\u0119dzynarodowego Dnia Walki z Rasizmem. W jego ramach odby\u0142y si\u0119 skoordynowane protesty i r\u00f3\u017cne wydarzenia w ponad 20 krajach, w tym w USA, Anglii, Szkocji i Walii, Irlandii, Francji, Holandii, Pa\u0144stwie Hiszpa\u0144skim i Katalonii, Portugalii, W\u0142oszech, Niemczech, Austrii, Serbii, [&hellip;]","og_url":"https:\/\/pracowniczademokracja.org\/?p=7729","og_site_name":"Pracownicza Demokracja","article_published_time":"2021-04-01T21:53:00+00:00","article_modified_time":"2021-04-07T15:09:58+00:00","og_image":[{"width":1290,"height":859,"url":"https:\/\/pracowniczademokracja.org\/wp-content\/uploads\/2021\/04\/ateny.m20.2021.jpg","type":"image\/jpeg"}],"author":".","twitter_card":"summary_large_image","twitter_misc":{"Napisane przez":".","Szacowany czas czytania":"4 minuty"},"schema":{"@context":"https:\/\/schema.org","@graph":[{"@type":"Article","@id":"https:\/\/pracowniczademokracja.org\/?p=7729#article","isPartOf":{"@id":"https:\/\/pracowniczademokracja.org\/?p=7729"},"author":{"name":".","@id":"https:\/\/pracowniczademokracja.org\/#\/schema\/person\/111010f0277257eac5a64dace1cd1ad8"},"headline":"Globalna walka z rasizmem i faszyzmem","datePublished":"2021-04-01T21:53:00+00:00","dateModified":"2021-04-07T15:09:58+00:00","mainEntityOfPage":{"@id":"https:\/\/pracowniczademokracja.org\/?p=7729"},"wordCount":753,"image":{"@id":"https:\/\/pracowniczademokracja.org\/?p=7729#primaryimage"},"thumbnailUrl":"https:\/\/pracowniczademokracja.org\/wp-content\/uploads\/2021\/04\/ateny.m20.2021.jpg","keywords":["Featured"],"articleSection":["Gazeta - kwiecie\u0144 2021"],"inLanguage":"pl-PL"},{"@type":"WebPage","@id":"https:\/\/pracowniczademokracja.org\/?p=7729","url":"https:\/\/pracowniczademokracja.org\/?p=7729","name":"Globalna walka z rasizmem i faszyzmem - Pracownicza Demokracja","isPartOf":{"@id":"https:\/\/pracowniczademokracja.org\/#website"},"primaryImageOfPage":{"@id":"https:\/\/pracowniczademokracja.org\/?p=7729#primaryimage"},"image":{"@id":"https:\/\/pracowniczademokracja.org\/?p=7729#primaryimage"},"thumbnailUrl":"https:\/\/pracowniczademokracja.org\/wp-content\/uploads\/2021\/04\/ateny.m20.2021.jpg","datePublished":"2021-04-01T21:53:00+00:00","dateModified":"2021-04-07T15:09:58+00:00","author":{"@id":"https:\/\/pracowniczademokracja.org\/#\/schema\/person\/111010f0277257eac5a64dace1cd1ad8"},"breadcrumb":{"@id":"https:\/\/pracowniczademokracja.org\/?p=7729#breadcrumb"},"inLanguage":"pl-PL","potentialAction":[{"@type":"ReadAction","target":["https:\/\/pracowniczademokracja.org\/?p=7729"]}]},{"@type":"ImageObject","inLanguage":"pl-PL","@id":"https:\/\/pracowniczademokracja.org\/?p=7729#primaryimage","url":"https:\/\/pracowniczademokracja.org\/wp-content\/uploads\/2021\/04\/ateny.m20.2021.jpg","contentUrl":"https:\/\/pracowniczademokracja.org\/wp-content\/uploads\/2021\/04\/ateny.m20.2021.jpg","width":1290,"height":859},{"@type":"BreadcrumbList","@id":"https:\/\/pracowniczademokracja.org\/?p=7729#breadcrumb","itemListElement":[{"@type":"ListItem","position":1,"name":"Strona g\u0142\u00f3wna","item":"https:\/\/pracowniczademokracja.org\/"},{"@type":"ListItem","position":2,"name":"Globalna walka z rasizmem i faszyzmem"}]},{"@type":"WebSite","@id":"https:\/\/pracowniczademokracja.org\/#website","url":"https:\/\/pracowniczademokracja.org\/","name":"Pracownicza Demokracja","description":"","potentialAction":[{"@type":"SearchAction","target":{"@type":"EntryPoint","urlTemplate":"https:\/\/pracowniczademokracja.org\/?s={search_term_string}"},"query-input":{"@type":"PropertyValueSpecification","valueRequired":true,"valueName":"search_term_string"}}],"inLanguage":"pl-PL"},{"@type":"Person","@id":"https:\/\/pracowniczademokracja.org\/#\/schema\/person\/111010f0277257eac5a64dace1cd1ad8","name":".","url":"https:\/\/pracowniczademokracja.org\/?author=1"}]}},"_links":{"self":[{"href":"https:\/\/pracowniczademokracja.org\/index.php?rest_route=\/wp\/v2\/posts\/7729","targetHints":{"allow":["GET"]}}],"collection":[{"href":"https:\/\/pracowniczademokracja.org\/index.php?rest_route=\/wp\/v2\/posts"}],"about":[{"href":"https:\/\/pracowniczademokracja.org\/index.php?rest_route=\/wp\/v2\/types\/post"}],"author":[{"embeddable":true,"href":"https:\/\/pracowniczademokracja.org\/index.php?rest_route=\/wp\/v2\/users\/1"}],"replies":[{"embeddable":true,"href":"https:\/\/pracowniczademokracja.org\/index.php?rest_route=%2Fwp%2Fv2%2Fcomments&post=7729"}],"version-history":[{"count":1,"href":"https:\/\/pracowniczademokracja.org\/index.php?rest_route=\/wp\/v2\/posts\/7729\/revisions"}],"predecessor-version":[{"id":7734,"href":"https:\/\/pracowniczademokracja.org\/index.php?rest_route=\/wp\/v2\/posts\/7729\/revisions\/7734"}],"wp:featuredmedia":[{"embeddable":true,"href":"https:\/\/pracowniczademokracja.org\/index.php?rest_route=\/wp\/v2\/media\/7730"}],"wp:attachment":[{"href":"https:\/\/pracowniczademokracja.org\/index.php?rest_route=%2Fwp%2Fv2%2Fmedia&parent=7729"}],"wp:term":[{"taxonomy":"category","embeddable":true,"href":"https:\/\/pracowniczademokracja.org\/index.php?rest_route=%2Fwp%2Fv2%2Fcategories&post=7729"},{"taxonomy":"post_tag","embeddable":true,"href":"https:\/\/pracowniczademokracja.org\/index.php?rest_route=%2Fwp%2Fv2%2Ftags&post=7729"}],"curies":[{"name":"wp","href":"https:\/\/api.w.org\/{rel}","templated":true}]}}