{"id":7722,"date":"2021-04-01T23:59:00","date_gmt":"2021-04-01T21:59:00","guid":{"rendered":"http:\/\/pracowniczademokracja.org\/?p=7722"},"modified":"2021-04-23T12:00:04","modified_gmt":"2021-04-23T10:00:04","slug":"pandemia-zabija-rzad-ratuje-zyski","status":"publish","type":"post","link":"https:\/\/pracowniczademokracja.org\/?p=7722","title":{"rendered":"Pandemia zabija \u2013 rz\u0105d ratuje zyski. Strajkujmy dla \u017cycia i zdrowia"},"content":{"rendered":"\n<div class=\"wp-block-image\"><figure class=\"aligncenter size-large is-resized\"><img loading=\"lazy\" decoding=\"async\" src=\"http:\/\/pracowniczademokracja.org\/wp-content\/uploads\/2021\/04\/b.protest.szpital.gorlice.01.03.2021.jpg\" alt=\"01.03.21 Gorlice. Strajk pracownik\u00f3w firmy Impel zajmuj\u0105cej si\u0119 sprz\u0105taniem i wydawaniem posi\u0142k\u00f3w w szpitalu.\" class=\"wp-image-7723\" width=\"483\" height=\"321\" srcset=\"https:\/\/pracowniczademokracja.org\/wp-content\/uploads\/2021\/04\/b.protest.szpital.gorlice.01.03.2021.jpg 780w, https:\/\/pracowniczademokracja.org\/wp-content\/uploads\/2021\/04\/b.protest.szpital.gorlice.01.03.2021-300x200.jpg 300w, https:\/\/pracowniczademokracja.org\/wp-content\/uploads\/2021\/04\/b.protest.szpital.gorlice.01.03.2021-150x100.jpg 150w, https:\/\/pracowniczademokracja.org\/wp-content\/uploads\/2021\/04\/b.protest.szpital.gorlice.01.03.2021-768x512.jpg 768w\" sizes=\"auto, (max-width: 483px) 100vw, 483px\" \/><figcaption>01.03.21 Gorlice. Strajk pracownik\u00f3w firmy Impel zajmuj\u0105cej si\u0119 sprz\u0105taniem i wydawaniem posi\u0142k\u00f3w w szpitalu. <a href=\"http:\/\/pracowniczademokracja.org\/?p=7768\">(Patrz: Strajk w szpitalu \u2013 \u201ePrecz z wyzyskiem!\u201d)<\/a><\/figcaption><\/figure><\/div>\n\n\n\n<p><strong>25 marca og\u00f3lna liczba zmar\u0142ych w Polsce z powodu Covid-19 przekroczy\u0142a 50 tysi\u0119cy. Notujemy rekordy zachorowa\u0144. System ochrony zdrowia trzyma si\u0119 tylko dzi\u0119ki heroicznej pracy zatrudnionych w nim ludzi.<\/strong><\/p>\n\n\n\n<p>W opublikowanym w tym samym dniu \u201erankingu odporno\u015bci przed Covidem\u201d, sporz\u0105dzanym od listopada przez agencj\u0119 prasow\u0105 Bloomberg, Polska zaj\u0119\u0142a 50 miejsce spo\u015br\u00f3d 53 badanych pa\u0144stw. Ranking dotyczy kraj\u00f3w, kt\u00f3rych Produkt Krajowy Brutto wynosi przynajmniej 200 mld dolar\u00f3w i tworzony jest na podstawie liczby zachorowa\u0144 na Covid-19, \u015bmiertelno\u015bci, wska\u017anika pozytywnych test\u00f3w oraz poziomu wyszczepienia. Polska znalaz\u0142a si\u0119 tu\u017c przed Brazyli\u0105, rz\u0105dzon\u0105 przez skrajnie prawicowego Jaira Bolsonaro, pr\u00f3buj\u0105cego pandemi\u0119, z tragicznym skutkiem, najpierw negowa\u0107, p\u00f3\u017aniej ignorowa\u0107. Z obj\u0119tych badaniem pa\u0144stw europejskich wyprzedzi\u0142a jedynie prze\u017cywaj\u0105ce pandemiczn\u0105 zapa\u015b\u0107 Czechy.<\/p>\n\n\n\n<p><strong>Po\u0142owa zaka\u017ce\u0144 ma miejsce<\/strong> <strong>w miejscach pracy<\/strong><\/p>\n\n\n\n<p>22 marca minister zdrowia Adam Niedzielski og\u0142osi\u0142, \u017ce \u201eprawie 50 procent ognisk zaka\u017ce\u0144 jest identyfikowane w zak\u0142adach pracy\u201d.<\/p>\n\n\n\n<p>To odkrycie nie zmieni\u0142o rozp\u0142ywania si\u0119 rz\u0105dowych medi\u00f3w w zachwytach nad wzrostem produkcji przemys\u0142owej czy rekordowym prze\u0142adunkiem portu w Gdyni.<\/p>\n\n\n\n<p>Warto przypomnie\u0107 sobie niezliczone radosne opowie\u015bci premiera Mateusza Morawieckiego, jak to polska gospodarka \u015bwietnie sobie radzi na tle innych. Nawet ca\u0142kiem niedawne. \u201eW czwartym kwartale tego roku mamy szans\u0119 przebi\u0107 wzrost gospodarczy sprzed pandemii\u201d \u2013 szef rz\u0105du z dum\u0105 informowa\u0142 na Facebooku 5 marca.<\/p>\n\n\n\n<p>Trzy dni p\u00f3\u017aniej, podczas \u201ewizyty gospodarskiej\u201d w Tarnowskich G\u00f3rach, w firmie Chemet (producenta aparatur i zbiornik\u00f3w ci\u015bnieniowych na rynku gazowym), podkre\u015bla\u0142, \u017ce Polska ma jedn\u0105 z najp\u0142ytszych recesji w Europie.<\/p>\n\n\n\n<p>Wizytowana firma nie by\u0142a przypadkowa, gdy\u017c w styczniu przej\u0119\u0142a konkurenta z Francji, co pozwoli\u0142o premierowi m\u00f3wi\u0107 o \u201edumie z polskiej gospodarki i przedsi\u0119biorc\u00f3w\u201d.<\/p>\n\n\n\n<p>Dla w\u0142adzy politycznej zadaniem numerem jeden jest ratowanie interes\u00f3w polskiego kapitalizmu i jego w\u0142a\u015bcicieli \u2013 kosztem zdrowia i \u017cycia pracuj\u0105cych. Dramatycznie rosn\u0105ce wska\u017aniki zachorowa\u0144 i zgon\u00f3w s\u0105 jednak problemem dla rz\u0105dz\u0105cych i spowodowa\u0142y w\u015br\u00f3d nich widoczn\u0105 panik\u0119. Zyski i \u201egospodarka\u201d maj\u0105 rosn\u0105\u0107, ale cho\u0107by nie wiadomo, jak bardzo w\u0142adza przekonywa\u0142a, \u017ce maj\u0105 rosn\u0105\u0107 ku chwale Polski, chorzy i martwi ich nie wytworz\u0105.<\/p>\n\n\n\n<p><strong>Ratowanie (interes\u00f3w w\u0142a\u015bcicieli) gospodarki<\/strong><\/p>\n\n\n\n<p>Nic nie wskazuje jednak na zmian\u0119 polityki ratowania kr\u00f3tkoterminowych zysk\u00f3w, nawet je\u015bli ostatecznie jest ona katastrofalna nawet dla gospodarczych cel\u00f3w w\u0142adzy. Nie ma mowy o tymczasowych ograniczeniach produkcji i us\u0142ug do tych niezb\u0119dnych dla funkcjonowania ludno\u015bci. Jest tylko \u017ca\u0142osna pro\u015bba do biznesu o przechodzenie na prac\u0119 zdaln\u0105, cho\u0107 w wielu fabrykach czy magazynach jest to po prostu niemo\u017cliwe.<\/p>\n\n\n\n<p>Rz\u0105dowi zarz\u0105dcy polskim kapitalizmem wci\u0105\u017c w swej wizji \u201eratowania gospodarki\u201d oferuj\u0105 g\u0142\u00f3wnie propagand\u0119 sukcesu (coraz bardziej nieskuteczn\u0105), p\u00f3\u0142\u015brodki i chaos sprzecznych posuni\u0119\u0107, maksymalnie oszcz\u0119dzaj\u0105cych g\u0142\u00f3wne bran\u017ce biznesu i uderzaj\u0105cych g\u0142\u00f3wnie w to, co robimy w czasie wolnym, po pracy.<\/p>\n\n\n\n<p>Ten chaos nie jest jednak przypadkowy, ale wynika z natury ka\u017cdego pa\u0144stwa kapitalistycznego. Jego zasadniczy cel, czyli \u201ewzrost gospodarczy\u201d, oparty na pomna\u017caniu kapita\u0142u prywatnego i pa\u0144stwowego, zderza si\u0119 bowiem z przetargami w\u015br\u00f3d kapitalistycznej klasy panuj\u0105cej, gdy \u017cadna jej cz\u0119\u015b\u0107 nie chce zosta\u0107 po\u015bwi\u0119cona na o\u0142tarzu ca\u0142o\u015bci.<\/p>\n\n\n\n<p>Rz\u0105dz\u0105cy mog\u0105 nawet rozumie\u0107, \u017ce zamkni\u0119cie cz\u0119\u015bci gospodarki jest konieczne, aby jako ca\u0142o\u015b\u0107 nie zanotowa\u0142a ona upadku. Ju\u017c ubieg\u0142y rok pokaza\u0142, \u017ce daleko id\u0105ce lockdowny w okre\u015blonych okoliczno\u015bciach (w po\u0142\u0105czeniu z masowym testowaniem i kwarantann\u0105 os\u00f3b w kontakcie z zaka\u017conymi), nawet je\u015bli w kr\u00f3tkim okresie uderza\u0142y w gospodark\u0119, generalnie pozwala\u0142y na szybsze wyj\u015bcie z kryzysu nie tylko pandemicznego, ale i gospodarczego.<\/p>\n\n\n\n<p>W\u0142adza polityczna znajduje si\u0119 jednak tak\u017ce pod wp\u0142ywem r\u00f3\u017cnych grup biznesowych, wi\u0119c dzia\u0142a zbyt p\u00f3\u017ano i selektywnie. Jednocze\u015bnie zapewniaj\u0105c poszkodowanym grupom biznesowym (te\u017c selektywn\u0105) pomoc z pa\u0144stwowej kasy.<\/p>\n\n\n\n<p>To miotanie si\u0119 mi\u0119dzy obron\u0105 kapitalizmu polskiego jako ca\u0142o\u015bci a obron\u0105 jego r\u00f3\u017cnych grup interes\u00f3w wida\u0107 tak\u017ce w ostatnich posuni\u0119ciach rz\u0105du. Nie tylko w nie zareagowano na rozw\u00f3j pandemii w miejscach pracy, ale nie podj\u0119to \u017cadnych dzia\u0142a\u0144 w\u0142\u0105czaj\u0105cych, w systemowy spos\u00f3b, w walk\u0119 z pandemi\u0105 prywatny sektor ochrony zdrowia, nie ograniczono wyjazd\u00f3w biznesowych, ani nie zamkni\u0119to ko\u015bcio\u0142\u00f3w.<\/p>\n\n\n\n<p>Tylko ten ostatni w\u0105tek by\u0142 poruszany przez liberaln\u0105 opozycj\u0119, dla kt\u00f3rej cho\u0107by prywatny biznes w ochronie zdrowia jest co najmniej tak samo \u015bwi\u0119ty, co dla rz\u0105du. Oczywiste jest, \u017ce rz\u0105dz\u0105cy ulegaj\u0105 interesom hierarchii ko\u015bcielnej.<\/p>\n\n\n\n<p>St\u0105d niech\u0119\u0107 do zamykania ko\u015bcio\u0142\u00f3w \u2013 gdy hierarchia ta, zapewne nie bez powodu, obawia si\u0119, \u017ce cz\u0119\u015b\u0107 wiernych mo\u017ce ju\u017c do nich nie zechcie\u0107 wr\u00f3ci\u0107. To jednak tylko cz\u0119\u015b\u0107 obrazu ulegania wp\u0142ywowym interesom grup klasy panuj\u0105cej, kt\u00f3rej ko\u015bcielni purpuraci s\u0105 specyficzn\u0105 cz\u0119\u015bci\u0105.<\/p>\n\n\n\n<p><strong>Biznesowe blokowanie szczepie\u0144<\/strong><\/p>\n\n\n\n<p>Sprzeczno\u015bci \u201eratowania gospodarki\u201d, z biznesem i poprzez biznes, wida\u0107 tak\u017ce na przyk\u0142adzie szczepie\u0144.<\/p>\n\n\n\n<p>Nietrudno zauwa\u017cy\u0107, \u017ce szczepienia id\u0105 zbyt wolno \u2013 cho\u0107 przyznajmy, \u017ce w tym przypadku to bardziej \u201ezas\u0142uga\u201d kompromitacji w\u0142adz Unii Europejskiej ni\u017c polskich. A w istocie kompromitacja ca\u0142ej \u201egeopolityki szczepionkowej\u201d, w kt\u00f3rej uczestnicz\u0105 czo\u0142owe mocarstwa \u015bwiata.<\/p>\n\n\n\n<p>Jest ona tym bardziej przera\u017caj\u0105ca, \u017ce skuteczno\u015b\u0107 szczepie\u0144 zale\u017cy od ich tempa i powszechno\u015bci, gdy wci\u0105\u017c pojawiaj\u0105 si\u0119 nowe mutacje wirusa. Tymczasem w marcu po raz kolejny wiod\u0105ce pa\u0144stwa \u015awiatowej Organizacji Handlu (WTO) \u2013 na czele z USA, UK, Japoni\u0105, Szwajcari\u0105 i w\u0142a\u015bnie Uni\u0105 Europejsk\u0105, reprezentowan\u0105 przez Komisj\u0119 Europejsk\u0105 \u2013 zablokowa\u0142y mo\u017cliwo\u015b\u0107 zawieszenia na czas trwania pandemii praw patentowych na produkcj\u0119 szczepionek przeciw Covid-19. I to mimo faktu, \u017ce ta propozycja wspierana jest m. in. przez w\u0142adze ok. 100 ubo\u017cszych pa\u0144stw Globalnego Po\u0142udnia (z wymownym wyj\u0105tkiem Brazylii), dyrektora generalnego \u015awiatowej Organizacji Zdrowia (WHO) oraz szereg organizacji pozarz\u0105dowych, jak Lekarze Bez Granic czy Oxfam. W\u0142adcy czo\u0142owych gospodarek, broni\u0105cy interes\u00f3w zlokalizowanych u nich firm farmaceutycznych, maj\u0105 jednak wi\u0119ksz\u0105 si\u0142\u0119 przebicia.<\/p>\n\n\n\n<p>Oczywi\u015bcie w\u0142adze polskie, cho\u0107 narzekaj\u0105 na niedob\u00f3r szczepionek, w \u017caden spos\u00f3b nie krytykuj\u0105 tej zab\u00f3jczej polityki patentowej. Jedyne na co si\u0119 zdoby\u0142 dzielny polski premier, to \u017c\u0105danie wstrzymania eksportu szczepionek poza granice unijne \u2013 co uzupe\u0142nia jedynie obraz patologii braku solidarno\u015bci na tym obszarze.<\/p>\n\n\n\n<p><strong>Polityka pracownicza<\/strong><\/p>\n\n\n\n<p>Co jednak najwa\u017cniejsze, zwykli, pracuj\u0105cy ludzie nie s\u0105 w tej sytuacji bezsilni. Na dzia\u0142ania w\u0142adzy politycznej wp\u0142yw mog\u0105 mie\u0107 \u017c\u0105dania i gro\u017aba buntu ze strony \u201edo\u0142\u00f3w spo\u0142ecznych\u201d, pracownik\u00f3w i pracownic. Taki bunt to przera\u017caj\u0105ce widmo dla ka\u017cdego rz\u0105du.<\/p>\n\n\n\n<p>To tak\u017ce jeden z powod\u00f3w, dla kt\u00f3rych tak ch\u0119tnie wprowadzane s\u0105 ograniczenia dotycz\u0105ce mo\u017cliwo\u015bci podejmowania protest\u00f3w. Warto wspomnie\u0107, \u017ce od 27 marca pojawi\u0142 si\u0119 nowy zakaz dotycz\u0105cy udzia\u0142u w zgromadzeniach publicznych i prywatnych (wcze\u015bniej zakazywano wy\u0142\u0105cznie ich organizacji).<\/p>\n\n\n\n<p>Jako strona pracownicza musimy m\u00f3wi\u0107 w\u0142asnym g\u0142osem \u2013 niezale\u017cnym od pa\u0144stwa i biznesu \u2013 i aktywnie przeciwstawia\u0107 si\u0119 przerzucaniu na nas koszt\u00f3w kryzysu: ekonomicznych i zdrowotnych. Szczeg\u00f3lnie, \u017ce ze strony rz\u0105dz\u0105cych nie ma mowy o pomocy dla os\u00f3b pracuj\u0105cych i istnieje ona tylko jako pochodna pomocy dla \u201eprzedsi\u0119biorc\u00f3w\u201d. To nieprzypadkowo niejasne s\u0142owo-wytrych (w\u0142\u0105czaj\u0105ce samozatrudnionych i fabrykant\u00f3w), maskuj\u0105ce pompo- wanie pa\u0144stwowych pieni\u0119dzy dla biznesu, w k\u00f3\u0142ko s\u0142yszymy ze wszystkich stron.<\/p>\n\n\n\n<p><strong>Stawiajmy \u017c\u0105dania, protestujmy, strajkujmy<\/strong><\/p>\n\n\n\n<p>Stawiajmy wi\u0119c w\u0142asne \u017c\u0105dania.<\/p>\n\n\n\n<p>* Domagajmy si\u0119 tymczasowego lockdownu tych bran\u017c, kt\u00f3re nie s\u0105 niezb\u0119dne dla codziennego funkcjonowania spo\u0142ecze\u0144stwa, a stanowi\u0105 zagro\u017cenie dla zdrowia i \u017cycia pracuj\u0105cych w nich ludzi \u2013 przy zapewnieniu pe\u0142nego wynagrodzenia na czas zamkni\u0119cia.<\/p>\n\n\n\n<p>* Domagajmy si\u0119 dodatk\u00f3w covidowych i zapewnienia maksimum bezpiecze\u0144stwa dla tych, kt\u00f3rzy pracowa\u0107 musz\u0105.<\/p>\n\n\n\n<p>* Domagajmy si\u0119 dofinansowania ochrony zdrowia i aktywnie solidaryzujmy si\u0119 z medykami i medyczkami. 22 marca lekarze i lekarki na rezydenturach podj\u0119li protest, wyst\u0119puj\u0105c o od\u0142o\u017cenie lekarskiego egzaminu ustnego z powodu nadzwyczajnej sytuacji pandemicznej i potrzeby ich pracy w szpitalach. Rz\u0105d ten protest haniebnie zignorowa\u0142 \u2013 przynajmniej na razie. Jednak to w\u0142a\u015bciwa droga \u2013 tylko walcz\u0105c o swoje mo\u017cemy cokolwiek uzyska\u0107<em>.<\/em><\/p>\n\n\n\n<p>Pracuj\u0105cym w ochronie zdrowia trudno jest strajkowa\u0107, szczeg\u00f3lnie w dzisiejszej sytuacji. Poprawa sytuacji na tym obszarze jest jednak w oczywisty spos\u00f3b w interesie nas wszystkich.<\/p>\n\n\n\n<p>Generalnie strajki, czyli demonstracyjne przerwanie pracy, s\u0105 nie tylko najbezpieczniejsz\u0105 w czasie pandemii, ale potencjalnie bardzo skuteczn\u0105 postaci\u0105 protestu pracowniczego. I warto przypomnie\u0107 to rz\u0105dz\u0105cym.<\/p>\n\n\n\n<p class=\"has-text-align-right\"><strong>Filip Ilkowski<\/strong><\/p>\n","protected":false},"excerpt":{"rendered":"<p>25 marca og\u00f3lna liczba zmar\u0142ych w Polsce z powodu Covid-19 przekroczy\u0142a 50 tysi\u0119cy. Notujemy rekordy zachorowa\u0144. System ochrony zdrowia trzyma si\u0119 tylko dzi\u0119ki heroicznej pracy zatrudnionych w nim ludzi. W opublikowanym w tym samym dniu \u201erankingu odporno\u015bci przed Covidem\u201d, sporz\u0105dzanym od listopada przez agencj\u0119 prasow\u0105 Bloomberg, Polska zaj\u0119\u0142a 50 miejsce spo\u015br\u00f3d 53 badanych pa\u0144stw. Ranking [&hellip;]<\/p>\n","protected":false},"author":1,"featured_media":7723,"comment_status":"closed","ping_status":"closed","sticky":false,"template":"","format":"standard","meta":{"footnotes":""},"categories":[199],"tags":[97],"class_list":["post-7722","post","type-post","status-publish","format-standard","has-post-thumbnail","hentry","category-gazeta-kwiecien-2021","tag-featured"],"yoast_head":"<!-- This site is optimized with the Yoast SEO plugin v26.7 - https:\/\/yoast.com\/wordpress\/plugins\/seo\/ -->\n<title>Pandemia zabija \u2013 rz\u0105d ratuje zyski. Strajkujmy dla \u017cycia i zdrowia - Pracownicza Demokracja<\/title>\n<meta name=\"robots\" content=\"index, follow, max-snippet:-1, max-image-preview:large, max-video-preview:-1\" \/>\n<link rel=\"canonical\" href=\"https:\/\/pracowniczademokracja.org\/?p=7722\" \/>\n<meta property=\"og:locale\" content=\"pl_PL\" \/>\n<meta property=\"og:type\" content=\"article\" \/>\n<meta property=\"og:title\" content=\"Pandemia zabija \u2013 rz\u0105d ratuje zyski. Strajkujmy dla \u017cycia i zdrowia - Pracownicza Demokracja\" \/>\n<meta property=\"og:description\" content=\"25 marca og\u00f3lna liczba zmar\u0142ych w Polsce z powodu Covid-19 przekroczy\u0142a 50 tysi\u0119cy. Notujemy rekordy zachorowa\u0144. System ochrony zdrowia trzyma si\u0119 tylko dzi\u0119ki heroicznej pracy zatrudnionych w nim ludzi. W opublikowanym w tym samym dniu \u201erankingu odporno\u015bci przed Covidem\u201d, sporz\u0105dzanym od listopada przez agencj\u0119 prasow\u0105 Bloomberg, Polska zaj\u0119\u0142a 50 miejsce spo\u015br\u00f3d 53 badanych pa\u0144stw. Ranking [&hellip;]\" \/>\n<meta property=\"og:url\" content=\"https:\/\/pracowniczademokracja.org\/?p=7722\" \/>\n<meta property=\"og:site_name\" content=\"Pracownicza Demokracja\" \/>\n<meta property=\"article:published_time\" content=\"2021-04-01T21:59:00+00:00\" \/>\n<meta property=\"article:modified_time\" content=\"2021-04-23T10:00:04+00:00\" \/>\n<meta property=\"og:image\" content=\"https:\/\/pracowniczademokracja.org\/wp-content\/uploads\/2021\/04\/b.protest.szpital.gorlice.01.03.2021.jpg\" \/>\n\t<meta property=\"og:image:width\" content=\"780\" \/>\n\t<meta property=\"og:image:height\" content=\"520\" \/>\n\t<meta property=\"og:image:type\" content=\"image\/jpeg\" \/>\n<meta name=\"author\" content=\".\" \/>\n<meta name=\"twitter:card\" content=\"summary_large_image\" \/>\n<meta name=\"twitter:label1\" content=\"Napisane przez\" \/>\n\t<meta name=\"twitter:data1\" content=\".\" \/>\n\t<meta name=\"twitter:label2\" content=\"Szacowany czas czytania\" \/>\n\t<meta name=\"twitter:data2\" content=\"7 minut\" \/>\n<script type=\"application\/ld+json\" class=\"yoast-schema-graph\">{\"@context\":\"https:\/\/schema.org\",\"@graph\":[{\"@type\":\"Article\",\"@id\":\"https:\/\/pracowniczademokracja.org\/?p=7722#article\",\"isPartOf\":{\"@id\":\"https:\/\/pracowniczademokracja.org\/?p=7722\"},\"author\":{\"name\":\".\",\"@id\":\"https:\/\/pracowniczademokracja.org\/#\/schema\/person\/111010f0277257eac5a64dace1cd1ad8\"},\"headline\":\"Pandemia zabija \u2013 rz\u0105d ratuje zyski. Strajkujmy dla \u017cycia i zdrowia\",\"datePublished\":\"2021-04-01T21:59:00+00:00\",\"dateModified\":\"2021-04-23T10:00:04+00:00\",\"mainEntityOfPage\":{\"@id\":\"https:\/\/pracowniczademokracja.org\/?p=7722\"},\"wordCount\":1509,\"image\":{\"@id\":\"https:\/\/pracowniczademokracja.org\/?p=7722#primaryimage\"},\"thumbnailUrl\":\"https:\/\/pracowniczademokracja.org\/wp-content\/uploads\/2021\/04\/b.protest.szpital.gorlice.01.03.2021.jpg\",\"keywords\":[\"Featured\"],\"articleSection\":[\"Gazeta - kwiecie\u0144 2021\"],\"inLanguage\":\"pl-PL\"},{\"@type\":\"WebPage\",\"@id\":\"https:\/\/pracowniczademokracja.org\/?p=7722\",\"url\":\"https:\/\/pracowniczademokracja.org\/?p=7722\",\"name\":\"Pandemia zabija \u2013 rz\u0105d ratuje zyski. Strajkujmy dla \u017cycia i zdrowia - Pracownicza Demokracja\",\"isPartOf\":{\"@id\":\"https:\/\/pracowniczademokracja.org\/#website\"},\"primaryImageOfPage\":{\"@id\":\"https:\/\/pracowniczademokracja.org\/?p=7722#primaryimage\"},\"image\":{\"@id\":\"https:\/\/pracowniczademokracja.org\/?p=7722#primaryimage\"},\"thumbnailUrl\":\"https:\/\/pracowniczademokracja.org\/wp-content\/uploads\/2021\/04\/b.protest.szpital.gorlice.01.03.2021.jpg\",\"datePublished\":\"2021-04-01T21:59:00+00:00\",\"dateModified\":\"2021-04-23T10:00:04+00:00\",\"author\":{\"@id\":\"https:\/\/pracowniczademokracja.org\/#\/schema\/person\/111010f0277257eac5a64dace1cd1ad8\"},\"breadcrumb\":{\"@id\":\"https:\/\/pracowniczademokracja.org\/?p=7722#breadcrumb\"},\"inLanguage\":\"pl-PL\",\"potentialAction\":[{\"@type\":\"ReadAction\",\"target\":[\"https:\/\/pracowniczademokracja.org\/?p=7722\"]}]},{\"@type\":\"ImageObject\",\"inLanguage\":\"pl-PL\",\"@id\":\"https:\/\/pracowniczademokracja.org\/?p=7722#primaryimage\",\"url\":\"https:\/\/pracowniczademokracja.org\/wp-content\/uploads\/2021\/04\/b.protest.szpital.gorlice.01.03.2021.jpg\",\"contentUrl\":\"https:\/\/pracowniczademokracja.org\/wp-content\/uploads\/2021\/04\/b.protest.szpital.gorlice.01.03.2021.jpg\",\"width\":780,\"height\":520},{\"@type\":\"BreadcrumbList\",\"@id\":\"https:\/\/pracowniczademokracja.org\/?p=7722#breadcrumb\",\"itemListElement\":[{\"@type\":\"ListItem\",\"position\":1,\"name\":\"Strona g\u0142\u00f3wna\",\"item\":\"https:\/\/pracowniczademokracja.org\/\"},{\"@type\":\"ListItem\",\"position\":2,\"name\":\"Pandemia zabija \u2013 rz\u0105d ratuje zyski. Strajkujmy dla \u017cycia i zdrowia\"}]},{\"@type\":\"WebSite\",\"@id\":\"https:\/\/pracowniczademokracja.org\/#website\",\"url\":\"https:\/\/pracowniczademokracja.org\/\",\"name\":\"Pracownicza Demokracja\",\"description\":\"\",\"potentialAction\":[{\"@type\":\"SearchAction\",\"target\":{\"@type\":\"EntryPoint\",\"urlTemplate\":\"https:\/\/pracowniczademokracja.org\/?s={search_term_string}\"},\"query-input\":{\"@type\":\"PropertyValueSpecification\",\"valueRequired\":true,\"valueName\":\"search_term_string\"}}],\"inLanguage\":\"pl-PL\"},{\"@type\":\"Person\",\"@id\":\"https:\/\/pracowniczademokracja.org\/#\/schema\/person\/111010f0277257eac5a64dace1cd1ad8\",\"name\":\".\",\"url\":\"https:\/\/pracowniczademokracja.org\/?author=1\"}]}<\/script>\n<!-- \/ Yoast SEO plugin. -->","yoast_head_json":{"title":"Pandemia zabija \u2013 rz\u0105d ratuje zyski. Strajkujmy dla \u017cycia i zdrowia - Pracownicza Demokracja","robots":{"index":"index","follow":"follow","max-snippet":"max-snippet:-1","max-image-preview":"max-image-preview:large","max-video-preview":"max-video-preview:-1"},"canonical":"https:\/\/pracowniczademokracja.org\/?p=7722","og_locale":"pl_PL","og_type":"article","og_title":"Pandemia zabija \u2013 rz\u0105d ratuje zyski. Strajkujmy dla \u017cycia i zdrowia - Pracownicza Demokracja","og_description":"25 marca og\u00f3lna liczba zmar\u0142ych w Polsce z powodu Covid-19 przekroczy\u0142a 50 tysi\u0119cy. Notujemy rekordy zachorowa\u0144. System ochrony zdrowia trzyma si\u0119 tylko dzi\u0119ki heroicznej pracy zatrudnionych w nim ludzi. W opublikowanym w tym samym dniu \u201erankingu odporno\u015bci przed Covidem\u201d, sporz\u0105dzanym od listopada przez agencj\u0119 prasow\u0105 Bloomberg, Polska zaj\u0119\u0142a 50 miejsce spo\u015br\u00f3d 53 badanych pa\u0144stw. Ranking [&hellip;]","og_url":"https:\/\/pracowniczademokracja.org\/?p=7722","og_site_name":"Pracownicza Demokracja","article_published_time":"2021-04-01T21:59:00+00:00","article_modified_time":"2021-04-23T10:00:04+00:00","og_image":[{"width":780,"height":520,"url":"https:\/\/pracowniczademokracja.org\/wp-content\/uploads\/2021\/04\/b.protest.szpital.gorlice.01.03.2021.jpg","type":"image\/jpeg"}],"author":".","twitter_card":"summary_large_image","twitter_misc":{"Napisane przez":".","Szacowany czas czytania":"7 minut"},"schema":{"@context":"https:\/\/schema.org","@graph":[{"@type":"Article","@id":"https:\/\/pracowniczademokracja.org\/?p=7722#article","isPartOf":{"@id":"https:\/\/pracowniczademokracja.org\/?p=7722"},"author":{"name":".","@id":"https:\/\/pracowniczademokracja.org\/#\/schema\/person\/111010f0277257eac5a64dace1cd1ad8"},"headline":"Pandemia zabija \u2013 rz\u0105d ratuje zyski. Strajkujmy dla \u017cycia i zdrowia","datePublished":"2021-04-01T21:59:00+00:00","dateModified":"2021-04-23T10:00:04+00:00","mainEntityOfPage":{"@id":"https:\/\/pracowniczademokracja.org\/?p=7722"},"wordCount":1509,"image":{"@id":"https:\/\/pracowniczademokracja.org\/?p=7722#primaryimage"},"thumbnailUrl":"https:\/\/pracowniczademokracja.org\/wp-content\/uploads\/2021\/04\/b.protest.szpital.gorlice.01.03.2021.jpg","keywords":["Featured"],"articleSection":["Gazeta - kwiecie\u0144 2021"],"inLanguage":"pl-PL"},{"@type":"WebPage","@id":"https:\/\/pracowniczademokracja.org\/?p=7722","url":"https:\/\/pracowniczademokracja.org\/?p=7722","name":"Pandemia zabija \u2013 rz\u0105d ratuje zyski. Strajkujmy dla \u017cycia i zdrowia - Pracownicza Demokracja","isPartOf":{"@id":"https:\/\/pracowniczademokracja.org\/#website"},"primaryImageOfPage":{"@id":"https:\/\/pracowniczademokracja.org\/?p=7722#primaryimage"},"image":{"@id":"https:\/\/pracowniczademokracja.org\/?p=7722#primaryimage"},"thumbnailUrl":"https:\/\/pracowniczademokracja.org\/wp-content\/uploads\/2021\/04\/b.protest.szpital.gorlice.01.03.2021.jpg","datePublished":"2021-04-01T21:59:00+00:00","dateModified":"2021-04-23T10:00:04+00:00","author":{"@id":"https:\/\/pracowniczademokracja.org\/#\/schema\/person\/111010f0277257eac5a64dace1cd1ad8"},"breadcrumb":{"@id":"https:\/\/pracowniczademokracja.org\/?p=7722#breadcrumb"},"inLanguage":"pl-PL","potentialAction":[{"@type":"ReadAction","target":["https:\/\/pracowniczademokracja.org\/?p=7722"]}]},{"@type":"ImageObject","inLanguage":"pl-PL","@id":"https:\/\/pracowniczademokracja.org\/?p=7722#primaryimage","url":"https:\/\/pracowniczademokracja.org\/wp-content\/uploads\/2021\/04\/b.protest.szpital.gorlice.01.03.2021.jpg","contentUrl":"https:\/\/pracowniczademokracja.org\/wp-content\/uploads\/2021\/04\/b.protest.szpital.gorlice.01.03.2021.jpg","width":780,"height":520},{"@type":"BreadcrumbList","@id":"https:\/\/pracowniczademokracja.org\/?p=7722#breadcrumb","itemListElement":[{"@type":"ListItem","position":1,"name":"Strona g\u0142\u00f3wna","item":"https:\/\/pracowniczademokracja.org\/"},{"@type":"ListItem","position":2,"name":"Pandemia zabija \u2013 rz\u0105d ratuje zyski. Strajkujmy dla \u017cycia i zdrowia"}]},{"@type":"WebSite","@id":"https:\/\/pracowniczademokracja.org\/#website","url":"https:\/\/pracowniczademokracja.org\/","name":"Pracownicza Demokracja","description":"","potentialAction":[{"@type":"SearchAction","target":{"@type":"EntryPoint","urlTemplate":"https:\/\/pracowniczademokracja.org\/?s={search_term_string}"},"query-input":{"@type":"PropertyValueSpecification","valueRequired":true,"valueName":"search_term_string"}}],"inLanguage":"pl-PL"},{"@type":"Person","@id":"https:\/\/pracowniczademokracja.org\/#\/schema\/person\/111010f0277257eac5a64dace1cd1ad8","name":".","url":"https:\/\/pracowniczademokracja.org\/?author=1"}]}},"_links":{"self":[{"href":"https:\/\/pracowniczademokracja.org\/index.php?rest_route=\/wp\/v2\/posts\/7722","targetHints":{"allow":["GET"]}}],"collection":[{"href":"https:\/\/pracowniczademokracja.org\/index.php?rest_route=\/wp\/v2\/posts"}],"about":[{"href":"https:\/\/pracowniczademokracja.org\/index.php?rest_route=\/wp\/v2\/types\/post"}],"author":[{"embeddable":true,"href":"https:\/\/pracowniczademokracja.org\/index.php?rest_route=\/wp\/v2\/users\/1"}],"replies":[{"embeddable":true,"href":"https:\/\/pracowniczademokracja.org\/index.php?rest_route=%2Fwp%2Fv2%2Fcomments&post=7722"}],"version-history":[{"count":5,"href":"https:\/\/pracowniczademokracja.org\/index.php?rest_route=\/wp\/v2\/posts\/7722\/revisions"}],"predecessor-version":[{"id":7798,"href":"https:\/\/pracowniczademokracja.org\/index.php?rest_route=\/wp\/v2\/posts\/7722\/revisions\/7798"}],"wp:featuredmedia":[{"embeddable":true,"href":"https:\/\/pracowniczademokracja.org\/index.php?rest_route=\/wp\/v2\/media\/7723"}],"wp:attachment":[{"href":"https:\/\/pracowniczademokracja.org\/index.php?rest_route=%2Fwp%2Fv2%2Fmedia&parent=7722"}],"wp:term":[{"taxonomy":"category","embeddable":true,"href":"https:\/\/pracowniczademokracja.org\/index.php?rest_route=%2Fwp%2Fv2%2Fcategories&post=7722"},{"taxonomy":"post_tag","embeddable":true,"href":"https:\/\/pracowniczademokracja.org\/index.php?rest_route=%2Fwp%2Fv2%2Ftags&post=7722"}],"curies":[{"name":"wp","href":"https:\/\/api.w.org\/{rel}","templated":true}]}}