{"id":7466,"date":"2021-01-01T23:59:00","date_gmt":"2021-01-01T22:59:00","guid":{"rendered":"http:\/\/pracowniczademokracja.org\/?p=7466"},"modified":"2021-01-23T00:17:15","modified_gmt":"2021-01-22T23:17:15","slug":"szczepienia-tak-kapitalizm-nie","status":"publish","type":"post","link":"https:\/\/pracowniczademokracja.org\/?p=7466","title":{"rendered":"Szczepienia \u2013 tak, kapitalizm \u2013 nie"},"content":{"rendered":"\n<div class=\"wp-block-image\"><figure class=\"aligncenter size-large is-resized\"><img loading=\"lazy\" decoding=\"async\" src=\"http:\/\/pracowniczademokracja.org\/wp-content\/uploads\/2021\/01\/pierwsze.szczepienie.covid_.w.polsce.27.12.2020.jpg\" alt=\"\" class=\"wp-image-7467\" width=\"534\" height=\"324\" srcset=\"https:\/\/pracowniczademokracja.org\/wp-content\/uploads\/2021\/01\/pierwsze.szczepienie.covid_.w.polsce.27.12.2020.jpg 600w, https:\/\/pracowniczademokracja.org\/wp-content\/uploads\/2021\/01\/pierwsze.szczepienie.covid_.w.polsce.27.12.2020-300x183.jpg 300w, https:\/\/pracowniczademokracja.org\/wp-content\/uploads\/2021\/01\/pierwsze.szczepienie.covid_.w.polsce.27.12.2020-150x91.jpg 150w\" sizes=\"auto, (max-width: 534px) 100vw, 534px\" \/><figcaption>27.12.20. Pierwsze szczepienie przeciwko Covid-19 w Polsce. Zaszczepiona zosta\u0142a<br>Alicja Jakubowska, naczelna piel\u0119gniarka szpitala MSWiA w Warszawie.<\/figcaption><\/figure><\/div>\n\n\n\n<p><strong>27 grudnia zacz\u0119\u0142y si\u0119 w Polsce szczepienia na Covid-19. Samo pojawienie si\u0119 szczepionek jest znakomit\u0105 wiadomo\u015bci\u0105. Dowodem na ogromne mo\u017cliwo\u015bci wykorzystania nauki, je\u015bli tylko jest ku temu wola klas rz\u0105dz\u0105cych.<\/strong><\/p>\n\n\n\n<p>W tym przypadku by\u0142a, bowiem pandemia dotkn\u0119\u0142a ca\u0142ego \u015bwiata, w\u0142\u0105cznie z jego najbardziej rozwini\u0119tymi cz\u0119\u015bciami, przyczyniaj\u0105c si\u0119 do najg\u0142\u0119bszego kryzysu gospodarczego od lat 30-tych XX wieku.<\/p>\n\n\n\n<p>Na \u015bwiecie miliony ludzi umieraj\u0105 na znacznie bardziej b\u0142ahe choroby ni\u017c Covid-19. Miliony umieraj\u0105 te\u017c z g\u0142odu. Inaczej ni\u017c nowy koronawirus te tragedie nie uderzaj\u0105 jednak w interesy mo\u017cnych tego \u015bwiata, wi\u0119c nikt z nich nie bije na alarm i nie widzimy kierowania ogromnych zasob\u00f3w w celu natychmiastowego rozwi\u0105zania tych problem\u00f3w.<\/p>\n\n\n\n<p>Nie zmienia to faktu, \u017ce tak\u017ce dzia\u0142ania w odniesieniu do pandemii Covid-19 kszta\u0142towane s\u0105 przez interesy mo\u017cnych.<\/p>\n\n\n\n<p>Od jej pocz\u0105tku by\u0142o wida\u0107, jak bardzo wyra\u017ca si\u0119 to w stawianiu na pierwszym miejscu \u201eobrony gospodarki\u201d, oznaczaj\u0105cej nak\u0142adanie zna- cznie mniejszych ogranicze\u0144, maj\u0105cych powstrzyma\u0107 przenoszenie si\u0119 koronawirusa, w miejscach pracy ni\u017c w \u017cyciu poza prac\u0105. Bo trzeba przecie\u017c za wszelk\u0105 cen\u0119 wytwarza\u0107 zyski i pa\u0144stwowy PKB.<\/p>\n\n\n\n<p>Dotyczy to jednak tak\u017ce szeregu kwestii zwi\u0105zanych ze szczepieniami. Rz\u0105dz\u0105cy w Polsce na ka\u017cdym kroku naciskaj\u0105 na to, \u017ce warto si\u0119 zaszczepi\u0107. Po cz\u0119\u015bci dlatego, aby zdj\u0105\u0107 z siebie odpowiedzialno\u015b\u0107 za szereg skandalicznych zaniecha\u0144 i sprzecznych dzia\u0142a\u0144 wobec rozwoju pandemii. Do ko\u0144ca grudnia 2020 r. w Polsce w wyniku Covid-19 zmar\u0142o ok. 29 tys. os\u00f3b.<\/p>\n\n\n\n<p>Tysi\u0105ce zmar\u0142y tak\u017ce na inne choroby jako ofiary po\u015brednie pandemii \u2013 gdy leczenie i innych chor\u00f3b sta\u0142o si\u0119 znacznie mniej dost\u0119pne. Nie wiemy dok\u0142adnie ile os\u00f3b mog\u0142oby \u017cy\u0107, gdyby ochrona zdrowia nie by\u0142a w stanie chronicznego niedofinansowania. Mog\u0105 by\u0107 to jednak nawet dziesi\u0105tki tysi\u0119cy ludzi.<\/p>\n\n\n\n<p>Za ich \u015bmier\u0107 nie odpowiadaj\u0105 antyszczepionkowcy \u2013 cho\u0107by opowiadali najwi\u0119ksze bzdury \u2013 ale ci wszyscy, kt\u00f3rzy komercjalizowali szpitale, wprowadzali \u201elimity \u015bwiadcze\u0144 zdrowotnych\u201d, a przede wszystkim starali si\u0119 na ochronie zdrowia oszcz\u0119dza\u0107. W tym obecne rz\u0105dy PiS, pogardzaj\u0105ce strajkuj\u0105cymi piel\u0119gniarkami, lekarzami-rezydentami i ratownikami medycznymi.<\/p>\n\n\n\n<p><strong>Zyski i brak dost\u0119pu do lek\u00f3w<\/strong><\/p>\n\n\n\n<p>Oczywi\u015bcie, \u017ce warto si\u0119 zaszczepi\u0107, a \u201eteorie\u201d antyszczepionkowc\u00f3w faktycznie s\u0105 bzdurne.<\/p>\n\n\n\n<p>Ich upowszechnianie si\u0119 ma jednak zwi\u0105zek z zupe\u0142nie zrozumia\u0142ym brakiem zaufania wobec rz\u0105dz\u0105cych i wielkich korporacji farmaceutycznych.<\/p>\n\n\n\n<p>Produkcja wszelkich lek\u00f3w w\u0142\u0105czona jest dzi\u015b w system pogoni za zyskiem, a czasem te\u017c w rywalizacj\u0119 mi\u0119dzypa\u0144stwow\u0105. Wystarczy w\u0142\u0105czy\u0107 telewizj\u0119 czy radio, by spotka\u0107 si\u0119 z fal\u0105 reklam rozmaitych lek\u00f3w i niby-lek\u00f3w.<\/p>\n\n\n\n<p>Wed\u0142ug danych z 2017 r., 48% ludzi w Polsce regularnie za\u017cywa suplementy diety. Nadu\u017cywane s\u0105 tak\u017ce leki przeciwb\u00f3lowe \u2013 z raportu og\u0142oszonego w 2018 r. przez stowarzyszenie \u201eLeki Tylko z Apteki\u201d wynika, \u017ce a\u017c 45% z nich, czyli prawie po\u0142ow\u0119, sprzedawano poza aptekami.<\/p>\n\n\n\n<p>Dodajmy, \u017ce tak\u017ce wiele innych lek\u00f3w, jeszcze niedawno dost\u0119pnych tylko na recept\u0119, mo\u017cna teraz kupi\u0107 bez \u017cadnego k\u0142opotu.<\/p>\n\n\n\n<p>Te patologie nie oznaczaj\u0105 oczywi\u015bcie, \u017ce generalnie leki nie s\u0105 potrzebne. I nie zmienia tego fakt, \u017ce tak\u017ce te najpotrzebniejsze, stosowane w terapiach najci\u0119\u017cszych chor\u00f3b, produkowane s\u0105 dla zysku. Problem le\u017cy w tym, \u017ce akurat do tych lek\u00f3w miliardy ludzi na \u015bwiecie nie ma dost\u0119pu.<\/p>\n\n\n\n<p>Podobnie jest ze szczepionkami. Ryzyko zwi\u0105zane z przyj\u0119ciem ka\u017cdej ze znanych dzi\u015b szczepionek jest niepor\u00f3wnywalnie mniejsze ni\u017c ryzyko zwi\u0105zane z zachorowaniem na Covid-19.<\/p>\n\n\n\n<p>W Stanach Zjednoczonych do 26 grudnia zaszczepionych zosta\u0142o ok. 1,9 mln ludzi, tylko 353 os\u00f3b mia\u0142o problemy poszczepienne, w tym 8 zakwalifikowanych jako powa\u017cne. Nie odnotowano \u017cadnych ofiar \u015bmiertelnych.<\/p>\n\n\n\n<p>Do tego czasu pandemia \u2013 w po\u0142\u0105czeniu z katastrofaln\u0105 polityk\u0105 Trumpa \u2013 poch\u0142on\u0119\u0142a w tym kraju 350 tys. ofiar \u015bmiertelnych.<\/p>\n\n\n\n<p>W Polsce, w ostatnich dniach grudnia, szczepiono ok. 7 tys. os\u00f3b dziennie. Nietrudno wi\u0119c policzy\u0107, \u017ce mo\u017cliwo\u015b\u0107 zaszczepienia si\u0119 dla wi\u0119kszo\u015bci os\u00f3b nie nast\u0105pi zbyt pr\u0119dko.<\/p>\n\n\n\n<p><strong>Globalny skandal<\/strong><\/p>\n\n\n\n<p>Ograniczona dost\u0119pno\u015b\u0107 do szczepionek w Polsce to tylko czubek g\u00f3ry lodowej globalnych problem\u00f3w. W skali \u015bwiata i tak trafi\u0105 one g\u0142\u00f3wnie do pa\u0144stw bogatszych (w tym do pa\u0144stw Unii Europejskiej).<\/p>\n\n\n\n<p>Wed\u0142ug danych mi\u0119dzynarodowej organizacji charytatywnej Oxfam z wrze\u015bnia 2020 r., dotycz\u0105cych pi\u0119ciu szczepionek, nad kt\u00f3rymi prace by\u0142y najbardziej zaawansowane (w\u0142\u0105czaj\u0105c w to rosyjsk\u0105 i chi\u0144sk\u0105), bogate kraje skupiaj\u0105ce 13% ludzko\u015bci zarezerwowa\u0142y 51% ich planowanych dostaw.<\/p>\n\n\n\n<p>Czyli ludzie, kt\u00f3rzy mieli pecha urodzi\u0107 si\u0119 nie tam, gdzie trzeba, jak zwykle zostan\u0105 z ty\u0142u \u2013 oczywi\u015bcie je\u015bli nie s\u0105 w\u015br\u00f3d uprzywilejowanych klas panuj\u0105cych. Te sobie poradz\u0105 niezale\u017cnie od szeroko\u015bci geograficznej i miejsca pa\u0144stwa w gospodarce \u015bwiatowej.<\/p>\n\n\n\n<p>Jednocze\u015bnie producenci szczepionek bynajmniej nie zrezygnuj\u0105 z zazdro\u015bnie strze\u017conych praw patentowych, licz\u0105c na krociowe zyski.<\/p>\n\n\n\n<p>I nie stoi to w sprzeczno\u015bci z faktem, \u017ce prywatne korporacje otrzymywa\u0142y w badaniach nad szczepionkami ogromne wsparcie ze strony pa\u0144stw (np. ameryka\u0144ska Moderna, producent jednej ze szczepionek, przyj\u0119\u0142a skromne 2,5 mld dolar\u00f3w).<\/p>\n\n\n\n<p>Oznacza to, \u017ce nie wyprodukujemy jako ludzko\u015b\u0107 tylu szczepionek, ile mogliby\u015bmy, bior\u0105c pod uwag\u0119 ca\u0142o\u015b\u0107 mo\u017cliwo\u015bci produkcyjnych \u015bwiata.<\/p>\n\n\n\n<p>Procedura nie zostanie udost\u0119pniona wszystkim. B\u0119dzie wi\u0119c tyle szczepionek, ile dadz\u0105 rady wyprodukowa\u0107 i sprzeda\u0107 poszczeg\u00f3lne firmy dysponuj\u0105ce patentami.<\/p>\n\n\n\n<p><strong>Geopolityka szczepionkowa<\/strong><\/p>\n\n\n\n<p>A nie stoi to w sprzeczno\u015bci z pomoc\u0105 pa\u0144stwa dlatego, \u017ce kolejnym skandalem jest \u201egeopolityka szczepion- kowa\u201d.<\/p>\n\n\n\n<p>Nie tylko firmy bowiem rywalizuj\u0105, ale i pa\u0144stwa kapitalistyczne.<\/p>\n\n\n\n<p>I ka\u017cde z nich, maj\u0105ce mocarstwowe ambicje, chce mie\u0107 te\u017c w\u0142asn\u0105 szczepionk\u0119 do wykorzystania w \u015bwiatowej grze.<\/p>\n\n\n\n<p>Pozwala to pokazywa\u0107 si\u0142\u0119 na u\u017cytek wewn\u0119trzny i zewn\u0119trzny \u2013 zobaczcie, jaki nasz kraj jest pot\u0119\u017cny i nowoczesny!<\/p>\n\n\n\n<p>A przy tym pozwala na bycie przyw\u00f3dc\u0105 i decydentem, cho\u0107by na regionaln\u0105 skal\u0119. Decydentem tak\u017ce na poziomie: komu szczepionk\u0119 sprzeda\u0107 i za ile.<\/p>\n\n\n\n<p>I oczywi\u015bcie, niczym pliszka, ka\u017cdy sw\u00f3j ogonek chwali i go zazdro\u015bnie strze\u017ce, obrzydzaj\u0105c przy tym szczepionk\u0119 rywala (nap\u0119dzaj\u0105c tym samym antyszczepionkowe fobie).<\/p>\n\n\n\n<p>W Polsce tradycyjnym tego wyrazem jest lekcewa\u017cenie szczepionki rosyjskiej, o kt\u00f3rej m\u00f3wi si\u0119 \u017ale lub wcale.<\/p>\n\n\n\n<p>Co ciekawe, podnoszone zarzuty brzmi\u0105 podobnie do tych, s\u0142yszanych w Rosji o szczepionkach firm zachodnich. Dodajmy, \u017ce zaawansowane prace nad dwoma szczepionkami maj\u0105 Indie. Chiny a\u017c nad pi\u0119cioma.<\/p>\n\n\n\n<p>Przy tym przyw\u00f3dcy wszystkich pa\u0144stw dysponuj\u0105cych szczepionkami, cz\u0119sto znani z represyjnej i antypracowniczej polityki wewn\u0119trznej, staraj\u0105 si\u0119 pokaza\u0107 jako prawdziwi globalni liderzy pe\u0142ni serca i troski o losy \u015bwiata.<\/p>\n\n\n\n<p><strong>Pandemia i kapitalizm<\/strong><\/p>\n\n\n\n<p>W ko\u0144cu skandalem jest, \u017ce wszystkie te firmy i pa\u0144stwa chc\u0105 po prostu powrotu do przedpandemicznej \u201enormalno\u015bci\u201d \u2013 tyle, \u017ce z w\u0142asn\u0105 umocnion\u0105 pozycj\u0105.<\/p>\n\n\n\n<p>Poza kierunkiem ku wynalezieniu szczepionek, brak jest istotnych dzia\u0142a\u0144 maj\u0105cych ograniczy\u0107 ryzyko kolejnej pandemii w przysz\u0142o\u015bci.<\/p>\n\n\n\n<p>Nie s\u0142yszymy o konieczno\u015bci rewolucyjnej zmiany w systemie ochrony zdrowia na \u015bwiecie, o rozpowszechnieniu lek\u00f3w na uleczalne choroby, o zniesieniu patent\u00f3w i umo\u017cliwieniu produkcji w\u0142asnych lek\u00f3w w pa\u0144stwach ubo\u017cszych, o zwi\u0119kszeniu finansowania i wy\u0142\u0105czenia ochrony zdrowia z \u201eprogram\u00f3w oszcz\u0119dno\u015bciowych\u201d.<\/p>\n\n\n\n<p>Nie s\u0142yszymy te\u017c o zmianie modelu rolnictwa, coraz bardziej zdominowanego przez wielki agrobiznes, opartego na monokulturach i przemys\u0142owej hodowli zwierz\u0105t.<\/p>\n\n\n\n<p>Ani o powstrzymaniu szerszego zjawiska niszczenia bior\u00f3\u017cnorodno\u015bci, zwi\u0105zanego z post\u0119puj\u0105c\u0105 komercjalizacj\u0105 wszelkich element\u00f3w przyrody \u2013 cho\u0107 to wszystko istotnie zwi\u0119ksza ryzyko pojawiania si\u0119 kolejnych pandemii.<\/p>\n\n\n\n<p>Szczepmy si\u0119 wi\u0119c i \u017c\u0105dajmy dost\u0119pno\u015bci do szczepie\u0144.<\/p>\n\n\n\n<p>Pami\u0119tajmy jednak, \u017ce aby faktycznie rozwi\u0105za\u0107 problemy obna\u017cone przez Covid-19, potrzebujemy znacznie g\u0142\u0119bszych rozwi\u0105za\u0144 \u2013 prawdziwej zmiany systemowej.<\/p>\n\n\n\n<p class=\"has-text-align-right\"><strong>Filip Ilkowski<\/strong><\/p>\n","protected":false},"excerpt":{"rendered":"<p>27 grudnia zacz\u0119\u0142y si\u0119 w Polsce szczepienia na Covid-19. Samo pojawienie si\u0119 szczepionek jest znakomit\u0105 wiadomo\u015bci\u0105. Dowodem na ogromne mo\u017cliwo\u015bci wykorzystania nauki, je\u015bli tylko jest ku temu wola klas rz\u0105dz\u0105cych. W tym przypadku by\u0142a, bowiem pandemia dotkn\u0119\u0142a ca\u0142ego \u015bwiata, w\u0142\u0105cznie z jego najbardziej rozwini\u0119tymi cz\u0119\u015bciami, przyczyniaj\u0105c si\u0119 do najg\u0142\u0119bszego kryzysu gospodarczego od lat 30-tych XX [&hellip;]<\/p>\n","protected":false},"author":1,"featured_media":7467,"comment_status":"closed","ping_status":"closed","sticky":false,"template":"","format":"standard","meta":{"footnotes":""},"categories":[192,193,1],"tags":[97],"class_list":["post-7466","post","type-post","status-publish","format-standard","has-post-thumbnail","hentry","category-gazeta-styczen-2021","category-gazeta-styczen-2021-cd","category-uncategorized","tag-featured"],"yoast_head":"<!-- This site is optimized with the Yoast SEO plugin v26.7 - https:\/\/yoast.com\/wordpress\/plugins\/seo\/ -->\n<title>Szczepienia \u2013 tak, kapitalizm \u2013 nie - Pracownicza Demokracja<\/title>\n<meta name=\"robots\" content=\"index, follow, max-snippet:-1, max-image-preview:large, max-video-preview:-1\" \/>\n<link rel=\"canonical\" href=\"https:\/\/pracowniczademokracja.org\/?p=7466\" \/>\n<meta property=\"og:locale\" content=\"pl_PL\" \/>\n<meta property=\"og:type\" content=\"article\" \/>\n<meta property=\"og:title\" content=\"Szczepienia \u2013 tak, kapitalizm \u2013 nie - Pracownicza Demokracja\" \/>\n<meta property=\"og:description\" content=\"27 grudnia zacz\u0119\u0142y si\u0119 w Polsce szczepienia na Covid-19. Samo pojawienie si\u0119 szczepionek jest znakomit\u0105 wiadomo\u015bci\u0105. Dowodem na ogromne mo\u017cliwo\u015bci wykorzystania nauki, je\u015bli tylko jest ku temu wola klas rz\u0105dz\u0105cych. W tym przypadku by\u0142a, bowiem pandemia dotkn\u0119\u0142a ca\u0142ego \u015bwiata, w\u0142\u0105cznie z jego najbardziej rozwini\u0119tymi cz\u0119\u015bciami, przyczyniaj\u0105c si\u0119 do najg\u0142\u0119bszego kryzysu gospodarczego od lat 30-tych XX [&hellip;]\" \/>\n<meta property=\"og:url\" content=\"https:\/\/pracowniczademokracja.org\/?p=7466\" \/>\n<meta property=\"og:site_name\" content=\"Pracownicza Demokracja\" \/>\n<meta property=\"article:published_time\" content=\"2021-01-01T22:59:00+00:00\" \/>\n<meta property=\"article:modified_time\" content=\"2021-01-22T23:17:15+00:00\" \/>\n<meta property=\"og:image\" content=\"https:\/\/pracowniczademokracja.org\/wp-content\/uploads\/2021\/01\/pierwsze.szczepienie.covid_.w.polsce.27.12.2020.jpg\" \/>\n\t<meta property=\"og:image:width\" content=\"600\" \/>\n\t<meta property=\"og:image:height\" content=\"365\" \/>\n\t<meta property=\"og:image:type\" content=\"image\/jpeg\" \/>\n<meta name=\"author\" content=\".\" \/>\n<meta name=\"twitter:card\" content=\"summary_large_image\" \/>\n<meta name=\"twitter:label1\" content=\"Napisane przez\" \/>\n\t<meta name=\"twitter:data1\" content=\".\" \/>\n\t<meta name=\"twitter:label2\" content=\"Szacowany czas czytania\" \/>\n\t<meta name=\"twitter:data2\" content=\"7 minut\" \/>\n<script type=\"application\/ld+json\" class=\"yoast-schema-graph\">{\"@context\":\"https:\/\/schema.org\",\"@graph\":[{\"@type\":\"Article\",\"@id\":\"https:\/\/pracowniczademokracja.org\/?p=7466#article\",\"isPartOf\":{\"@id\":\"https:\/\/pracowniczademokracja.org\/?p=7466\"},\"author\":{\"name\":\".\",\"@id\":\"https:\/\/pracowniczademokracja.org\/#\/schema\/person\/111010f0277257eac5a64dace1cd1ad8\"},\"headline\":\"Szczepienia \u2013 tak, kapitalizm \u2013 nie\",\"datePublished\":\"2021-01-01T22:59:00+00:00\",\"dateModified\":\"2021-01-22T23:17:15+00:00\",\"mainEntityOfPage\":{\"@id\":\"https:\/\/pracowniczademokracja.org\/?p=7466\"},\"wordCount\":1343,\"image\":{\"@id\":\"https:\/\/pracowniczademokracja.org\/?p=7466#primaryimage\"},\"thumbnailUrl\":\"https:\/\/pracowniczademokracja.org\/wp-content\/uploads\/2021\/01\/pierwsze.szczepienie.covid_.w.polsce.27.12.2020.jpg\",\"keywords\":[\"Featured\"],\"articleSection\":[\"Gazeta - stycze\u0144 2021\",\"Gazeta - stycze\u0144 2021 - cd.\",\"Uncategorized\"],\"inLanguage\":\"pl-PL\"},{\"@type\":\"WebPage\",\"@id\":\"https:\/\/pracowniczademokracja.org\/?p=7466\",\"url\":\"https:\/\/pracowniczademokracja.org\/?p=7466\",\"name\":\"Szczepienia \u2013 tak, kapitalizm \u2013 nie - Pracownicza Demokracja\",\"isPartOf\":{\"@id\":\"https:\/\/pracowniczademokracja.org\/#website\"},\"primaryImageOfPage\":{\"@id\":\"https:\/\/pracowniczademokracja.org\/?p=7466#primaryimage\"},\"image\":{\"@id\":\"https:\/\/pracowniczademokracja.org\/?p=7466#primaryimage\"},\"thumbnailUrl\":\"https:\/\/pracowniczademokracja.org\/wp-content\/uploads\/2021\/01\/pierwsze.szczepienie.covid_.w.polsce.27.12.2020.jpg\",\"datePublished\":\"2021-01-01T22:59:00+00:00\",\"dateModified\":\"2021-01-22T23:17:15+00:00\",\"author\":{\"@id\":\"https:\/\/pracowniczademokracja.org\/#\/schema\/person\/111010f0277257eac5a64dace1cd1ad8\"},\"breadcrumb\":{\"@id\":\"https:\/\/pracowniczademokracja.org\/?p=7466#breadcrumb\"},\"inLanguage\":\"pl-PL\",\"potentialAction\":[{\"@type\":\"ReadAction\",\"target\":[\"https:\/\/pracowniczademokracja.org\/?p=7466\"]}]},{\"@type\":\"ImageObject\",\"inLanguage\":\"pl-PL\",\"@id\":\"https:\/\/pracowniczademokracja.org\/?p=7466#primaryimage\",\"url\":\"https:\/\/pracowniczademokracja.org\/wp-content\/uploads\/2021\/01\/pierwsze.szczepienie.covid_.w.polsce.27.12.2020.jpg\",\"contentUrl\":\"https:\/\/pracowniczademokracja.org\/wp-content\/uploads\/2021\/01\/pierwsze.szczepienie.covid_.w.polsce.27.12.2020.jpg\",\"width\":600,\"height\":365},{\"@type\":\"BreadcrumbList\",\"@id\":\"https:\/\/pracowniczademokracja.org\/?p=7466#breadcrumb\",\"itemListElement\":[{\"@type\":\"ListItem\",\"position\":1,\"name\":\"Strona g\u0142\u00f3wna\",\"item\":\"https:\/\/pracowniczademokracja.org\/\"},{\"@type\":\"ListItem\",\"position\":2,\"name\":\"Szczepienia \u2013 tak, kapitalizm \u2013 nie\"}]},{\"@type\":\"WebSite\",\"@id\":\"https:\/\/pracowniczademokracja.org\/#website\",\"url\":\"https:\/\/pracowniczademokracja.org\/\",\"name\":\"Pracownicza Demokracja\",\"description\":\"\",\"potentialAction\":[{\"@type\":\"SearchAction\",\"target\":{\"@type\":\"EntryPoint\",\"urlTemplate\":\"https:\/\/pracowniczademokracja.org\/?s={search_term_string}\"},\"query-input\":{\"@type\":\"PropertyValueSpecification\",\"valueRequired\":true,\"valueName\":\"search_term_string\"}}],\"inLanguage\":\"pl-PL\"},{\"@type\":\"Person\",\"@id\":\"https:\/\/pracowniczademokracja.org\/#\/schema\/person\/111010f0277257eac5a64dace1cd1ad8\",\"name\":\".\",\"url\":\"https:\/\/pracowniczademokracja.org\/?author=1\"}]}<\/script>\n<!-- \/ Yoast SEO plugin. -->","yoast_head_json":{"title":"Szczepienia \u2013 tak, kapitalizm \u2013 nie - Pracownicza Demokracja","robots":{"index":"index","follow":"follow","max-snippet":"max-snippet:-1","max-image-preview":"max-image-preview:large","max-video-preview":"max-video-preview:-1"},"canonical":"https:\/\/pracowniczademokracja.org\/?p=7466","og_locale":"pl_PL","og_type":"article","og_title":"Szczepienia \u2013 tak, kapitalizm \u2013 nie - Pracownicza Demokracja","og_description":"27 grudnia zacz\u0119\u0142y si\u0119 w Polsce szczepienia na Covid-19. Samo pojawienie si\u0119 szczepionek jest znakomit\u0105 wiadomo\u015bci\u0105. Dowodem na ogromne mo\u017cliwo\u015bci wykorzystania nauki, je\u015bli tylko jest ku temu wola klas rz\u0105dz\u0105cych. W tym przypadku by\u0142a, bowiem pandemia dotkn\u0119\u0142a ca\u0142ego \u015bwiata, w\u0142\u0105cznie z jego najbardziej rozwini\u0119tymi cz\u0119\u015bciami, przyczyniaj\u0105c si\u0119 do najg\u0142\u0119bszego kryzysu gospodarczego od lat 30-tych XX [&hellip;]","og_url":"https:\/\/pracowniczademokracja.org\/?p=7466","og_site_name":"Pracownicza Demokracja","article_published_time":"2021-01-01T22:59:00+00:00","article_modified_time":"2021-01-22T23:17:15+00:00","og_image":[{"width":600,"height":365,"url":"https:\/\/pracowniczademokracja.org\/wp-content\/uploads\/2021\/01\/pierwsze.szczepienie.covid_.w.polsce.27.12.2020.jpg","type":"image\/jpeg"}],"author":".","twitter_card":"summary_large_image","twitter_misc":{"Napisane przez":".","Szacowany czas czytania":"7 minut"},"schema":{"@context":"https:\/\/schema.org","@graph":[{"@type":"Article","@id":"https:\/\/pracowniczademokracja.org\/?p=7466#article","isPartOf":{"@id":"https:\/\/pracowniczademokracja.org\/?p=7466"},"author":{"name":".","@id":"https:\/\/pracowniczademokracja.org\/#\/schema\/person\/111010f0277257eac5a64dace1cd1ad8"},"headline":"Szczepienia \u2013 tak, kapitalizm \u2013 nie","datePublished":"2021-01-01T22:59:00+00:00","dateModified":"2021-01-22T23:17:15+00:00","mainEntityOfPage":{"@id":"https:\/\/pracowniczademokracja.org\/?p=7466"},"wordCount":1343,"image":{"@id":"https:\/\/pracowniczademokracja.org\/?p=7466#primaryimage"},"thumbnailUrl":"https:\/\/pracowniczademokracja.org\/wp-content\/uploads\/2021\/01\/pierwsze.szczepienie.covid_.w.polsce.27.12.2020.jpg","keywords":["Featured"],"articleSection":["Gazeta - stycze\u0144 2021","Gazeta - stycze\u0144 2021 - cd.","Uncategorized"],"inLanguage":"pl-PL"},{"@type":"WebPage","@id":"https:\/\/pracowniczademokracja.org\/?p=7466","url":"https:\/\/pracowniczademokracja.org\/?p=7466","name":"Szczepienia \u2013 tak, kapitalizm \u2013 nie - Pracownicza Demokracja","isPartOf":{"@id":"https:\/\/pracowniczademokracja.org\/#website"},"primaryImageOfPage":{"@id":"https:\/\/pracowniczademokracja.org\/?p=7466#primaryimage"},"image":{"@id":"https:\/\/pracowniczademokracja.org\/?p=7466#primaryimage"},"thumbnailUrl":"https:\/\/pracowniczademokracja.org\/wp-content\/uploads\/2021\/01\/pierwsze.szczepienie.covid_.w.polsce.27.12.2020.jpg","datePublished":"2021-01-01T22:59:00+00:00","dateModified":"2021-01-22T23:17:15+00:00","author":{"@id":"https:\/\/pracowniczademokracja.org\/#\/schema\/person\/111010f0277257eac5a64dace1cd1ad8"},"breadcrumb":{"@id":"https:\/\/pracowniczademokracja.org\/?p=7466#breadcrumb"},"inLanguage":"pl-PL","potentialAction":[{"@type":"ReadAction","target":["https:\/\/pracowniczademokracja.org\/?p=7466"]}]},{"@type":"ImageObject","inLanguage":"pl-PL","@id":"https:\/\/pracowniczademokracja.org\/?p=7466#primaryimage","url":"https:\/\/pracowniczademokracja.org\/wp-content\/uploads\/2021\/01\/pierwsze.szczepienie.covid_.w.polsce.27.12.2020.jpg","contentUrl":"https:\/\/pracowniczademokracja.org\/wp-content\/uploads\/2021\/01\/pierwsze.szczepienie.covid_.w.polsce.27.12.2020.jpg","width":600,"height":365},{"@type":"BreadcrumbList","@id":"https:\/\/pracowniczademokracja.org\/?p=7466#breadcrumb","itemListElement":[{"@type":"ListItem","position":1,"name":"Strona g\u0142\u00f3wna","item":"https:\/\/pracowniczademokracja.org\/"},{"@type":"ListItem","position":2,"name":"Szczepienia \u2013 tak, kapitalizm \u2013 nie"}]},{"@type":"WebSite","@id":"https:\/\/pracowniczademokracja.org\/#website","url":"https:\/\/pracowniczademokracja.org\/","name":"Pracownicza Demokracja","description":"","potentialAction":[{"@type":"SearchAction","target":{"@type":"EntryPoint","urlTemplate":"https:\/\/pracowniczademokracja.org\/?s={search_term_string}"},"query-input":{"@type":"PropertyValueSpecification","valueRequired":true,"valueName":"search_term_string"}}],"inLanguage":"pl-PL"},{"@type":"Person","@id":"https:\/\/pracowniczademokracja.org\/#\/schema\/person\/111010f0277257eac5a64dace1cd1ad8","name":".","url":"https:\/\/pracowniczademokracja.org\/?author=1"}]}},"_links":{"self":[{"href":"https:\/\/pracowniczademokracja.org\/index.php?rest_route=\/wp\/v2\/posts\/7466","targetHints":{"allow":["GET"]}}],"collection":[{"href":"https:\/\/pracowniczademokracja.org\/index.php?rest_route=\/wp\/v2\/posts"}],"about":[{"href":"https:\/\/pracowniczademokracja.org\/index.php?rest_route=\/wp\/v2\/types\/post"}],"author":[{"embeddable":true,"href":"https:\/\/pracowniczademokracja.org\/index.php?rest_route=\/wp\/v2\/users\/1"}],"replies":[{"embeddable":true,"href":"https:\/\/pracowniczademokracja.org\/index.php?rest_route=%2Fwp%2Fv2%2Fcomments&post=7466"}],"version-history":[{"count":2,"href":"https:\/\/pracowniczademokracja.org\/index.php?rest_route=\/wp\/v2\/posts\/7466\/revisions"}],"predecessor-version":[{"id":7469,"href":"https:\/\/pracowniczademokracja.org\/index.php?rest_route=\/wp\/v2\/posts\/7466\/revisions\/7469"}],"wp:featuredmedia":[{"embeddable":true,"href":"https:\/\/pracowniczademokracja.org\/index.php?rest_route=\/wp\/v2\/media\/7467"}],"wp:attachment":[{"href":"https:\/\/pracowniczademokracja.org\/index.php?rest_route=%2Fwp%2Fv2%2Fmedia&parent=7466"}],"wp:term":[{"taxonomy":"category","embeddable":true,"href":"https:\/\/pracowniczademokracja.org\/index.php?rest_route=%2Fwp%2Fv2%2Fcategories&post=7466"},{"taxonomy":"post_tag","embeddable":true,"href":"https:\/\/pracowniczademokracja.org\/index.php?rest_route=%2Fwp%2Fv2%2Ftags&post=7466"}],"curies":[{"name":"wp","href":"https:\/\/api.w.org\/{rel}","templated":true}]}}