{"id":7396,"date":"2020-12-01T23:23:00","date_gmt":"2020-12-01T22:23:00","guid":{"rendered":"http:\/\/pracowniczademokracja.org\/?p=7396"},"modified":"2020-12-08T22:56:38","modified_gmt":"2020-12-08T21:56:38","slug":"bezczelna-brutalna-policja","status":"publish","type":"post","link":"https:\/\/pracowniczademokracja.org\/?p=7396","title":{"rendered":"Bezczelna, brutalna policja"},"content":{"rendered":"\n<div class=\"wp-block-image\"><figure class=\"aligncenter size-large is-resized\"><img loading=\"lazy\" decoding=\"async\" src=\"http:\/\/pracowniczademokracja.org\/wp-content\/uploads\/2020\/12\/palka-nieumundurowany.aborcja.protest.18.11.2020.jpg\" alt=\"&quot;Antyterrorysta&quot; pr\u00f3buje terroryzowa\u0107 kobiety.\" class=\"wp-image-7397\" width=\"469\" height=\"298\" srcset=\"https:\/\/pracowniczademokracja.org\/wp-content\/uploads\/2020\/12\/palka-nieumundurowany.aborcja.protest.18.11.2020.jpg 693w, https:\/\/pracowniczademokracja.org\/wp-content\/uploads\/2020\/12\/palka-nieumundurowany.aborcja.protest.18.11.2020-300x190.jpg 300w, https:\/\/pracowniczademokracja.org\/wp-content\/uploads\/2020\/12\/palka-nieumundurowany.aborcja.protest.18.11.2020-150x95.jpg 150w\" sizes=\"auto, (max-width: 469px) 100vw, 469px\" \/><\/figure><\/div>\n\n\n\n<p><em>18.11.20 Warszawa. Policyjny \u201eantyterrorysta\u201d pr\u00f3buje terroryzowa\u0107 kobiety podczas<\/em> <em>demonstracji. Dziesi\u0119\u0107 dni p\u00f3\u017aniej, 28 listopada, w wyniku akcji policji podczas kolejnego<\/em> <em>protestu w stolicy co najmniej dwie osoby mia\u0142y po\u0142amane ko\u0144czyny. W tym dniu wielu<\/em> <em>protestuj\u0105cych, m.in. pos\u0142anka Barbara Nowacka, zosta\u0142o potraktowanych gazem. Goni\u0105c ludzi, policjanci wtargn\u0119li nielegalnie na teren Politechniki Warszawskiej. Na ulicach by\u0142y tysi\u0105ce policjant\u00f3w \u2013 wielu z nich \u015bci\u0105gni\u0119tych do Warszawy z innych miast. To dow\u00f3d na strach, a nie pewno\u015b\u0107 siebie, rz\u0105dz\u0105cych.<\/em><\/p>\n","protected":false},"excerpt":{"rendered":"<p>18.11.20 Warszawa. Policyjny \u201eantyterrorysta\u201d pr\u00f3buje terroryzowa\u0107 kobiety podczas demonstracji. Dziesi\u0119\u0107 dni p\u00f3\u017aniej, 28 listopada, w wyniku akcji policji podczas kolejnego protestu w stolicy co najmniej dwie osoby mia\u0142y po\u0142amane ko\u0144czyny. W tym dniu wielu protestuj\u0105cych, m.in. pos\u0142anka Barbara Nowacka, zosta\u0142o potraktowanych gazem. Goni\u0105c ludzi, policjanci wtargn\u0119li nielegalnie na teren Politechniki Warszawskiej. Na ulicach by\u0142y tysi\u0105ce [&hellip;]<\/p>\n","protected":false},"author":1,"featured_media":7397,"comment_status":"closed","ping_status":"closed","sticky":false,"template":"","format":"standard","meta":{"footnotes":""},"categories":[187,191],"tags":[97],"class_list":["post-7396","post","type-post","status-publish","format-standard","has-post-thumbnail","hentry","category-gazeta-grudzien-2020","category-gazeta-grudzien-2020-2cd-2","tag-featured"],"yoast_head":"<!-- This site is optimized with the Yoast SEO plugin v26.7 - https:\/\/yoast.com\/wordpress\/plugins\/seo\/ -->\n<title>Bezczelna, brutalna policja - Pracownicza Demokracja<\/title>\n<meta name=\"robots\" content=\"index, follow, max-snippet:-1, max-image-preview:large, max-video-preview:-1\" \/>\n<link rel=\"canonical\" href=\"https:\/\/pracowniczademokracja.org\/?p=7396\" \/>\n<meta property=\"og:locale\" content=\"pl_PL\" \/>\n<meta property=\"og:type\" content=\"article\" \/>\n<meta property=\"og:title\" content=\"Bezczelna, brutalna policja - Pracownicza Demokracja\" \/>\n<meta property=\"og:description\" content=\"18.11.20 Warszawa. Policyjny \u201eantyterrorysta\u201d pr\u00f3buje terroryzowa\u0107 kobiety podczas demonstracji. Dziesi\u0119\u0107 dni p\u00f3\u017aniej, 28 listopada, w wyniku akcji policji podczas kolejnego protestu w stolicy co najmniej dwie osoby mia\u0142y po\u0142amane ko\u0144czyny. W tym dniu wielu protestuj\u0105cych, m.in. pos\u0142anka Barbara Nowacka, zosta\u0142o potraktowanych gazem. Goni\u0105c ludzi, policjanci wtargn\u0119li nielegalnie na teren Politechniki Warszawskiej. Na ulicach by\u0142y tysi\u0105ce [&hellip;]\" \/>\n<meta property=\"og:url\" content=\"https:\/\/pracowniczademokracja.org\/?p=7396\" \/>\n<meta property=\"og:site_name\" content=\"Pracownicza Demokracja\" \/>\n<meta property=\"article:published_time\" content=\"2020-12-01T22:23:00+00:00\" \/>\n<meta property=\"article:modified_time\" content=\"2020-12-08T21:56:38+00:00\" \/>\n<meta property=\"og:image\" content=\"https:\/\/pracowniczademokracja.org\/wp-content\/uploads\/2020\/12\/palka-nieumundurowany.aborcja.protest.18.11.2020.jpg\" \/>\n\t<meta property=\"og:image:width\" content=\"693\" \/>\n\t<meta property=\"og:image:height\" content=\"440\" \/>\n\t<meta property=\"og:image:type\" content=\"image\/jpeg\" \/>\n<meta name=\"author\" content=\".\" \/>\n<meta name=\"twitter:card\" content=\"summary_large_image\" \/>\n<meta name=\"twitter:label1\" content=\"Napisane przez\" \/>\n\t<meta name=\"twitter:data1\" content=\".\" \/>\n<script type=\"application\/ld+json\" class=\"yoast-schema-graph\">{\"@context\":\"https:\/\/schema.org\",\"@graph\":[{\"@type\":\"Article\",\"@id\":\"https:\/\/pracowniczademokracja.org\/?p=7396#article\",\"isPartOf\":{\"@id\":\"https:\/\/pracowniczademokracja.org\/?p=7396\"},\"author\":{\"name\":\".\",\"@id\":\"https:\/\/pracowniczademokracja.org\/#\/schema\/person\/111010f0277257eac5a64dace1cd1ad8\"},\"headline\":\"Bezczelna, brutalna policja\",\"datePublished\":\"2020-12-01T22:23:00+00:00\",\"dateModified\":\"2020-12-08T21:56:38+00:00\",\"mainEntityOfPage\":{\"@id\":\"https:\/\/pracowniczademokracja.org\/?p=7396\"},\"wordCount\":94,\"image\":{\"@id\":\"https:\/\/pracowniczademokracja.org\/?p=7396#primaryimage\"},\"thumbnailUrl\":\"https:\/\/pracowniczademokracja.org\/wp-content\/uploads\/2020\/12\/palka-nieumundurowany.aborcja.protest.18.11.2020.jpg\",\"keywords\":[\"Featured\"],\"articleSection\":[\"Gazeta - grudzie\u0144 2020\",\"Gazeta - grudzie\u0144 2020 - 2cd.\"],\"inLanguage\":\"pl-PL\"},{\"@type\":\"WebPage\",\"@id\":\"https:\/\/pracowniczademokracja.org\/?p=7396\",\"url\":\"https:\/\/pracowniczademokracja.org\/?p=7396\",\"name\":\"Bezczelna, brutalna policja - Pracownicza Demokracja\",\"isPartOf\":{\"@id\":\"https:\/\/pracowniczademokracja.org\/#website\"},\"primaryImageOfPage\":{\"@id\":\"https:\/\/pracowniczademokracja.org\/?p=7396#primaryimage\"},\"image\":{\"@id\":\"https:\/\/pracowniczademokracja.org\/?p=7396#primaryimage\"},\"thumbnailUrl\":\"https:\/\/pracowniczademokracja.org\/wp-content\/uploads\/2020\/12\/palka-nieumundurowany.aborcja.protest.18.11.2020.jpg\",\"datePublished\":\"2020-12-01T22:23:00+00:00\",\"dateModified\":\"2020-12-08T21:56:38+00:00\",\"author\":{\"@id\":\"https:\/\/pracowniczademokracja.org\/#\/schema\/person\/111010f0277257eac5a64dace1cd1ad8\"},\"breadcrumb\":{\"@id\":\"https:\/\/pracowniczademokracja.org\/?p=7396#breadcrumb\"},\"inLanguage\":\"pl-PL\",\"potentialAction\":[{\"@type\":\"ReadAction\",\"target\":[\"https:\/\/pracowniczademokracja.org\/?p=7396\"]}]},{\"@type\":\"ImageObject\",\"inLanguage\":\"pl-PL\",\"@id\":\"https:\/\/pracowniczademokracja.org\/?p=7396#primaryimage\",\"url\":\"https:\/\/pracowniczademokracja.org\/wp-content\/uploads\/2020\/12\/palka-nieumundurowany.aborcja.protest.18.11.2020.jpg\",\"contentUrl\":\"https:\/\/pracowniczademokracja.org\/wp-content\/uploads\/2020\/12\/palka-nieumundurowany.aborcja.protest.18.11.2020.jpg\",\"width\":693,\"height\":440},{\"@type\":\"BreadcrumbList\",\"@id\":\"https:\/\/pracowniczademokracja.org\/?p=7396#breadcrumb\",\"itemListElement\":[{\"@type\":\"ListItem\",\"position\":1,\"name\":\"Strona g\u0142\u00f3wna\",\"item\":\"https:\/\/pracowniczademokracja.org\/\"},{\"@type\":\"ListItem\",\"position\":2,\"name\":\"Bezczelna, brutalna policja\"}]},{\"@type\":\"WebSite\",\"@id\":\"https:\/\/pracowniczademokracja.org\/#website\",\"url\":\"https:\/\/pracowniczademokracja.org\/\",\"name\":\"Pracownicza Demokracja\",\"description\":\"\",\"potentialAction\":[{\"@type\":\"SearchAction\",\"target\":{\"@type\":\"EntryPoint\",\"urlTemplate\":\"https:\/\/pracowniczademokracja.org\/?s={search_term_string}\"},\"query-input\":{\"@type\":\"PropertyValueSpecification\",\"valueRequired\":true,\"valueName\":\"search_term_string\"}}],\"inLanguage\":\"pl-PL\"},{\"@type\":\"Person\",\"@id\":\"https:\/\/pracowniczademokracja.org\/#\/schema\/person\/111010f0277257eac5a64dace1cd1ad8\",\"name\":\".\",\"url\":\"https:\/\/pracowniczademokracja.org\/?author=1\"}]}<\/script>\n<!-- \/ Yoast SEO plugin. -->","yoast_head_json":{"title":"Bezczelna, brutalna policja - Pracownicza Demokracja","robots":{"index":"index","follow":"follow","max-snippet":"max-snippet:-1","max-image-preview":"max-image-preview:large","max-video-preview":"max-video-preview:-1"},"canonical":"https:\/\/pracowniczademokracja.org\/?p=7396","og_locale":"pl_PL","og_type":"article","og_title":"Bezczelna, brutalna policja - Pracownicza Demokracja","og_description":"18.11.20 Warszawa. Policyjny \u201eantyterrorysta\u201d pr\u00f3buje terroryzowa\u0107 kobiety podczas demonstracji. Dziesi\u0119\u0107 dni p\u00f3\u017aniej, 28 listopada, w wyniku akcji policji podczas kolejnego protestu w stolicy co najmniej dwie osoby mia\u0142y po\u0142amane ko\u0144czyny. W tym dniu wielu protestuj\u0105cych, m.in. pos\u0142anka Barbara Nowacka, zosta\u0142o potraktowanych gazem. Goni\u0105c ludzi, policjanci wtargn\u0119li nielegalnie na teren Politechniki Warszawskiej. Na ulicach by\u0142y tysi\u0105ce [&hellip;]","og_url":"https:\/\/pracowniczademokracja.org\/?p=7396","og_site_name":"Pracownicza Demokracja","article_published_time":"2020-12-01T22:23:00+00:00","article_modified_time":"2020-12-08T21:56:38+00:00","og_image":[{"width":693,"height":440,"url":"https:\/\/pracowniczademokracja.org\/wp-content\/uploads\/2020\/12\/palka-nieumundurowany.aborcja.protest.18.11.2020.jpg","type":"image\/jpeg"}],"author":".","twitter_card":"summary_large_image","twitter_misc":{"Napisane przez":"."},"schema":{"@context":"https:\/\/schema.org","@graph":[{"@type":"Article","@id":"https:\/\/pracowniczademokracja.org\/?p=7396#article","isPartOf":{"@id":"https:\/\/pracowniczademokracja.org\/?p=7396"},"author":{"name":".","@id":"https:\/\/pracowniczademokracja.org\/#\/schema\/person\/111010f0277257eac5a64dace1cd1ad8"},"headline":"Bezczelna, brutalna policja","datePublished":"2020-12-01T22:23:00+00:00","dateModified":"2020-12-08T21:56:38+00:00","mainEntityOfPage":{"@id":"https:\/\/pracowniczademokracja.org\/?p=7396"},"wordCount":94,"image":{"@id":"https:\/\/pracowniczademokracja.org\/?p=7396#primaryimage"},"thumbnailUrl":"https:\/\/pracowniczademokracja.org\/wp-content\/uploads\/2020\/12\/palka-nieumundurowany.aborcja.protest.18.11.2020.jpg","keywords":["Featured"],"articleSection":["Gazeta - grudzie\u0144 2020","Gazeta - grudzie\u0144 2020 - 2cd."],"inLanguage":"pl-PL"},{"@type":"WebPage","@id":"https:\/\/pracowniczademokracja.org\/?p=7396","url":"https:\/\/pracowniczademokracja.org\/?p=7396","name":"Bezczelna, brutalna policja - Pracownicza Demokracja","isPartOf":{"@id":"https:\/\/pracowniczademokracja.org\/#website"},"primaryImageOfPage":{"@id":"https:\/\/pracowniczademokracja.org\/?p=7396#primaryimage"},"image":{"@id":"https:\/\/pracowniczademokracja.org\/?p=7396#primaryimage"},"thumbnailUrl":"https:\/\/pracowniczademokracja.org\/wp-content\/uploads\/2020\/12\/palka-nieumundurowany.aborcja.protest.18.11.2020.jpg","datePublished":"2020-12-01T22:23:00+00:00","dateModified":"2020-12-08T21:56:38+00:00","author":{"@id":"https:\/\/pracowniczademokracja.org\/#\/schema\/person\/111010f0277257eac5a64dace1cd1ad8"},"breadcrumb":{"@id":"https:\/\/pracowniczademokracja.org\/?p=7396#breadcrumb"},"inLanguage":"pl-PL","potentialAction":[{"@type":"ReadAction","target":["https:\/\/pracowniczademokracja.org\/?p=7396"]}]},{"@type":"ImageObject","inLanguage":"pl-PL","@id":"https:\/\/pracowniczademokracja.org\/?p=7396#primaryimage","url":"https:\/\/pracowniczademokracja.org\/wp-content\/uploads\/2020\/12\/palka-nieumundurowany.aborcja.protest.18.11.2020.jpg","contentUrl":"https:\/\/pracowniczademokracja.org\/wp-content\/uploads\/2020\/12\/palka-nieumundurowany.aborcja.protest.18.11.2020.jpg","width":693,"height":440},{"@type":"BreadcrumbList","@id":"https:\/\/pracowniczademokracja.org\/?p=7396#breadcrumb","itemListElement":[{"@type":"ListItem","position":1,"name":"Strona g\u0142\u00f3wna","item":"https:\/\/pracowniczademokracja.org\/"},{"@type":"ListItem","position":2,"name":"Bezczelna, brutalna policja"}]},{"@type":"WebSite","@id":"https:\/\/pracowniczademokracja.org\/#website","url":"https:\/\/pracowniczademokracja.org\/","name":"Pracownicza Demokracja","description":"","potentialAction":[{"@type":"SearchAction","target":{"@type":"EntryPoint","urlTemplate":"https:\/\/pracowniczademokracja.org\/?s={search_term_string}"},"query-input":{"@type":"PropertyValueSpecification","valueRequired":true,"valueName":"search_term_string"}}],"inLanguage":"pl-PL"},{"@type":"Person","@id":"https:\/\/pracowniczademokracja.org\/#\/schema\/person\/111010f0277257eac5a64dace1cd1ad8","name":".","url":"https:\/\/pracowniczademokracja.org\/?author=1"}]}},"_links":{"self":[{"href":"https:\/\/pracowniczademokracja.org\/index.php?rest_route=\/wp\/v2\/posts\/7396","targetHints":{"allow":["GET"]}}],"collection":[{"href":"https:\/\/pracowniczademokracja.org\/index.php?rest_route=\/wp\/v2\/posts"}],"about":[{"href":"https:\/\/pracowniczademokracja.org\/index.php?rest_route=\/wp\/v2\/types\/post"}],"author":[{"embeddable":true,"href":"https:\/\/pracowniczademokracja.org\/index.php?rest_route=\/wp\/v2\/users\/1"}],"replies":[{"embeddable":true,"href":"https:\/\/pracowniczademokracja.org\/index.php?rest_route=%2Fwp%2Fv2%2Fcomments&post=7396"}],"version-history":[{"count":1,"href":"https:\/\/pracowniczademokracja.org\/index.php?rest_route=\/wp\/v2\/posts\/7396\/revisions"}],"predecessor-version":[{"id":7398,"href":"https:\/\/pracowniczademokracja.org\/index.php?rest_route=\/wp\/v2\/posts\/7396\/revisions\/7398"}],"wp:featuredmedia":[{"embeddable":true,"href":"https:\/\/pracowniczademokracja.org\/index.php?rest_route=\/wp\/v2\/media\/7397"}],"wp:attachment":[{"href":"https:\/\/pracowniczademokracja.org\/index.php?rest_route=%2Fwp%2Fv2%2Fmedia&parent=7396"}],"wp:term":[{"taxonomy":"category","embeddable":true,"href":"https:\/\/pracowniczademokracja.org\/index.php?rest_route=%2Fwp%2Fv2%2Fcategories&post=7396"},{"taxonomy":"post_tag","embeddable":true,"href":"https:\/\/pracowniczademokracja.org\/index.php?rest_route=%2Fwp%2Fv2%2Ftags&post=7396"}],"curies":[{"name":"wp","href":"https:\/\/api.w.org\/{rel}","templated":true}]}}