{"id":7391,"date":"2020-12-01T23:25:00","date_gmt":"2020-12-01T22:25:00","guid":{"rendered":"http:\/\/pracowniczademokracja.org\/?p=7391"},"modified":"2020-12-08T22:48:51","modified_gmt":"2020-12-08T21:48:51","slug":"strajki-i-protesty-pracownicze-w-polsce-45","status":"publish","type":"post","link":"https:\/\/pracowniczademokracja.org\/?p=7391","title":{"rendered":"Strajki i protesty pracownicze w Polsce"},"content":{"rendered":"\n<p class=\"has-normal-font-size\"><strong>Piel\u0119gniarki i po\u0142o\u017cne, ratownicy<\/strong><br><strong>Mo\u017cliwy strajk na pocz\u0105tku 2021<\/strong><\/p>\n\n\n\n<div class=\"wp-block-image\"><figure class=\"aligncenter size-large is-resized\"><img loading=\"lazy\" decoding=\"async\" src=\"http:\/\/pracowniczademokracja.org\/wp-content\/uploads\/2020\/12\/pielegniarki.na_.demonstracji.bezdaty.jpg\" alt=\"Piel\u0119gniarki\" class=\"wp-image-7393\" width=\"505\" height=\"282\" srcset=\"https:\/\/pracowniczademokracja.org\/wp-content\/uploads\/2020\/12\/pielegniarki.na_.demonstracji.bezdaty.jpg 843w, https:\/\/pracowniczademokracja.org\/wp-content\/uploads\/2020\/12\/pielegniarki.na_.demonstracji.bezdaty-300x168.jpg 300w, https:\/\/pracowniczademokracja.org\/wp-content\/uploads\/2020\/12\/pielegniarki.na_.demonstracji.bezdaty-150x84.jpg 150w, https:\/\/pracowniczademokracja.org\/wp-content\/uploads\/2020\/12\/pielegniarki.na_.demonstracji.bezdaty-768x429.jpg 768w\" sizes=\"auto, (max-width: 505px) 100vw, 505px\" \/><\/figure><\/div>\n\n\n\n<p><strong>Praca piel\u0119gniarek w Polsce zawsze by\u0142a ci\u0119\u017cka i \u017ale op\u0142acana. Teraz, w dobie pandemii, jest jeszcze gorzej. Zwi\u0105zki piel\u0119gniarskie zapowiadaj\u0105 strajk generalny, je\u015bli ich warunki pracy nie poprawi\u0105 si\u0119, a p\u0142ace nie wzrosn\u0105.<\/strong><\/p>\n\n\n\n<p>Piel\u0119gniarki maj\u0105 wej\u015b\u0107 w spory zbiorowe z pracodawcami. To pierwszy etap protestu. Je\u015bli \u017c\u0105dania nie przynios\u0105 efektu, to na pocz\u0105tku przysz\u0142ego roku mo\u017cliwy jest strajk generalny. Piel\u0119gniarki nie wykluczaj\u0105, \u017ce odejd\u0105 wtedy od \u0142\u00f3\u017cek pacjent\u00f3w, cho\u0107 r\u00f3\u017cne formy strajku s\u0105 brane pod uwag\u0119, np. g\u0142od\u00f3wka.<\/p>\n\n\n\n<p>\u201eDo\u015b\u0107 lekcewa\u017cenia pracownik\u00f3w ochrony zdrowia\u201d \u2013 m\u00f3wi przewodnicz\u0105ca Forum Zwi\u0105zk\u00f3w Zawodowych Dorota Gardias. W ich imieniu proponuje rz\u0105dowi tzw. tarcz\u0119 medyczn\u0105 z 17 postulatami, m.in. jednolit\u0105 stawk\u0119 dodatk\u00f3w dla medyk\u00f3w, niezale\u017cn\u0105 od podstawy wynagrodzenia. Mia\u0142aby przys\u0142ugiwa\u0107 wszystkim medykom, nie tylko tym oddelegowanym przez wojewod\u00f3w do pracy przy pandemii. \u201ePracownik\u00f3w medycznych nie mo\u017cemy dzieli\u0107 na covidowych i niecovidowych, bo wszyscy s\u0105 covidowi. Wszyscy s\u0105 w r\u00f3\u017cnym stopniu nara\u017ceni na zaka\u017cenie\u201d \u2013 powiedzia\u0142a Gardias.<\/p>\n\n\n\n<p>Wed\u0142ug danych serwisu wynagrodzenia.pl, mediana pensji piel\u0119gniarki czy piel\u0119gniarza to w Polsce 3960 z\u0142 brutto.<\/p>\n\n\n\n<p>Ratownicy medyczni nie wykluczaj\u0105, \u017ce b\u0119d\u0105 protestowa\u0107 z piel\u0119gniarkami. Chodzi o wsp\u00f3lne spory zbiorowe albo akcje protestacyjne. Z ankiety prowadzonej przez zwi\u0105zkowc\u00f3w w\u015br\u00f3d ratownik\u00f3w wynika, \u017ce prawie 60 procent z nich opowiada si\u0119 za do\u0142\u0105czeniem do protestu piel\u0119gniarek.<\/p>\n\n\n\n<hr class=\"wp-block-separator\"\/>\n\n\n\n<p class=\"has-normal-font-size\"><strong>\u015arubena Unia \u017bywiec<\/strong><br><strong>Sp\u00f3r zbiorowy w obronie starszych pracownik\u00f3w<\/strong><\/p>\n\n\n\n<p><strong>Zwi\u0105zek Zawodowy Pracownik\u00f3w \u015arubena Unia wraz z NSZZ \u201eSolidarno\u015b\u0107\u201d wsp\u00f3lnie walcz\u0105 z pracodawc\u0105 o prawa pracownicze. Pracodawca rozpocz\u0105\u0142 wypowiadanie um\u00f3w o prac\u0119 pracownikom z najd\u0142u\u017cszym, 30-40 letnim sta\u017cem pracy, a tak\u017ce wypowiedzia\u0142 pod koniec wrze\u015bnia Zak\u0142adowy Uk\u0142ad Zbiorowy Pracy. Dzi\u0119ki temu zak\u0142ad chce zaoszcz\u0119dzi\u0107 na nagrodach jubileuszowych i odprawach emerytalnych, kt\u00f3re zgodne z zapisami ZUZP s\u0105 korzystniejsze dla pracownik\u00f3w ni\u017c to wynika z przepis\u00f3w emerytalnych.<\/strong><\/p>\n\n\n\n<p>W zwi\u0105zku z tym od 30 wrze\u015bnia 2020 zwi\u0105zki pozostaj\u0105 w sporze zbiorowym z pracodawc\u0105.<\/p>\n\n\n\n<p>Opr\u00f3cz wycofania si\u0119 z wypowiedzenia uk\u0142adu zbiorowego zwi\u0105zkowcy \u017c\u0105daj\u0105 te\u017c podwy\u017cek p\u0142ac dla wszystkich pracownik\u00f3w. Obecnie trwaj\u0105 negocjacje, kolejna runda rozm\u00f3w zaplanowana jest na 3 grudnia.<\/p>\n\n\n\n<p>Co ciekawe, powy\u017csze dzia\u0142ania pracodawcy mia\u0142y miejsce tu\u017c po zako\u0144czeniu obowi\u0105zywania w zak\u0142adzie \u201eTarczy Antykryzysowej\u201d. Jak wida\u0107 tarcza Morawieckego tylko na kr\u00f3tko ochroni\u0142a pracownik\u00f3w przed zwolnieniami.<\/p>\n\n\n\n<hr class=\"wp-block-separator\"\/>\n\n\n\n<p class=\"has-normal-font-size\"><strong>NexoTech<\/strong><br><strong>Najpierw strajk, potem zawieszenie<\/strong><\/p>\n\n\n\n<p><strong>W NexoTech, sp\u00f3\u0142ce \u015bwiadcz\u0105cej us\u0142ugi budowlane i utrzymaniowe dla bran\u017cy telekomunikacyjnej (g\u0142\u00f3wnie Orange Polska), NSZZ \u201eSolidarno\u015b\u0107\u201d przeprowadzi\u0142a 9 listopada dwugodzinny strajk. Zwi\u0105zek \u017c\u0105da\u0142 650 z\u0142otych podwy\u017cki dla ka\u017cdego pracownika. Rozmowy z zarz\u0105dem w sprawie wzrostu wynagrodze\u0144 prowadzone by\u0142y od 2018 r. W pa\u017adzierniku przekazano pracodawcy wyniki referendum strajkowego, w kt\u00f3rym pracownicy zag\u0142osowali za strajkiem.<\/strong><\/p>\n\n\n\n<p>Mimo pr\u00f3b zastraszania do strajku przyst\u0105pi\u0142a cz\u0119\u015b\u0107 pracownik\u00f3w NexoTech, m.in. z Bieszczad, Krosna, Jas\u0142a, Kielc, Sandomierza, Tarnobrzega, Starachowic, Skar\u017cyska, Buska, J\u0119drzejowa, Opatowa, Ostrowca, O\u017carowa, Gorzowa Wielkopolskiego, Zielonej G\u00f3ry, Nowej Soli, Poznania, Wa\u0142brzycha i Rybnika.<\/p>\n\n\n\n<p>Zwi\u0105zek zapowiada\u0142 kontynuowanie protestu od 13 listopada w formie strajku ci\u0105g\u0142ego, jednak po przedstawieniu propozycji przez pracodawc\u0119 przyznania podwy\u017cek w wysoko\u015bci 217 z\u0142, dla 80 proc. zatrudnionych w firmie strajk zosta\u0142 zawieszony. Zwi\u0105zkowcy uzasadniaj\u0105 t\u0119 decyzj\u0119 trosk\u0105 o pracownik\u00f3w w czasie pandemii i wykazaniem przez pracodawc\u0119 dobrej woli w sprawie podwy\u017cek. Szkoda jednak, \u017ce tak d\u0142ugie starania o przyzwoite podwy\u017cki zako\u0144czy\u0142y si\u0119 po\u0142owicznym sukcesem.<\/p>\n\n\n\n<hr class=\"wp-block-separator\"\/>\n\n\n\n<p class=\"has-normal-font-size\"><strong>Kaufland<\/strong><br><strong>Zwi\u0105zkowcy przygotowuj\u0105 strajk<\/strong><\/p>\n\n\n\n<p><strong>Zwi\u0105zkowcy z Kaufland Polska \u017c\u0105daj\u0105 podwy\u017cek pensji, np. Wolny Zwi\u0105zek Zawodowy \u201eJedno\u015b\u0107 Pracownicza\u201d, domaga si\u0119 zr\u00f3wnania zarobk\u00f3w polskich pracownik\u00f3w z wynagrodzeniem ich koleg\u00f3w i kole\u017canek w Niemczech i Czechach.<\/strong><\/p>\n\n\n\n<p>Zwi\u0105zkowcy chc\u0105 te\u017c premii covidowych, np. 500 z\u0142 brutto na miesi\u0105c do pensji pracownik\u00f3w. Takie dodatki dostali ju\u017c pracownicy tej sieci w innych krajach.<\/p>\n\n\n\n<p>Pocz\u0105tkowo w\u0142adze polskiej sp\u00f3\u0142ki nieprzychylnie odnios\u0142y si\u0119 do tej propozycji. Jednak po zagro\u017ceniu przez zwi\u0105zki przeprowadzeniem referendum strajkowego, nastawienie pracodawcy cz\u0119\u015bciowo si\u0119 zmieni\u0142o. Pracownicy dostan\u0105 wy\u017csze o 150 z\u0142otych nagrody \u015bwi\u0105teczne.<\/p>\n\n\n\n<p>Warto odnotowa\u0107, \u017ce decyzj\u0119 o przyznaniu dodatku covidowego do pensji swoim pracownikom w kwocie 500 z\u0142 podj\u0119\u0142a sie\u0107 handlowa Netto.<\/p>\n\n\n\n<p class=\"has-normal-font-size\"><strong>Lekarze<\/strong><br><strong>OZZL \u2013 strajku nie b\u0119dzie, ale mo\u017cliwe inne formy protestu<\/strong><\/p>\n\n\n\n<p><strong>Zarz\u0105d Krajowy Og\u00f3lnopolskiego Zwi\u0105zku Zawodowego Lekarzy domaga si\u0119 radykalnej poprawy sytuacji w publicznej ochronie zdrowia. W o\u015bwiadczeniu wydanym 6 listopada przewodnicz\u0105cy OZZL pisze o katastrofalnej sytuacji ochrony zdrowia, kt\u00f3ra jest skutkiem nie tylko obecnej pandemii, ale tak\u017ce wieloletnich zaniedba\u0144 ze strony kolejnych rz\u0105d\u00f3w. Publiczna ochrona zdrowia w Polsce jest od lat skrajnie niedofinansowana, polskie szpitale funkcjonuj\u0105 bez \u017cadnych rezerw, s\u0105 ogromne braki personelu medycznego.<\/strong><\/p>\n\n\n\n<p>OZZL postuluje przyj\u0119cie przez Sejm obywatelskiego projektu ustawy (czekaj\u0105cego od kilku lat) przewiduj\u0105cej osi\u0105gni\u0119cie nak\u0142ad\u00f3w na opiek\u0119 zdrowotn\u0105 w wysoko\u015bci 6,8% PKB w ci\u0105gu 2 lat. Zwi\u0105zek domaga si\u0119 te\u017c nowelizacji ustawy z 8 czerwca 2017 r. o sposobie ustalania najni\u017cszego wynagrodzenia zasadniczego niekt\u00f3rych pracownik\u00f3w zatrudnionych w podmiotach leczniczych.<\/p>\n\n\n\n<p>Medycy zdaj\u0105 sobie spraw\u0119, \u017ce w sytuacji pandemii trudno planowa\u0107 zorganizowanie strajku, jednak jest tak du\u017ca frustracja w \u015brodowisku, \u017ce nie mo\u017cna wykluczy\u0107 pojawienia si\u0119 innych, spontanicznych protest\u00f3w.<\/p>\n\n\n\n<hr class=\"wp-block-separator has-text-color has-background has-black-background-color has-black-color\"\/>\n\n\n\n<p class=\"has-normal-font-size\"><strong>Taks\u00f3wkarze<\/strong> <strong>Og\u00f3lnopolski protest<\/strong><\/p>\n\n\n\n<p><strong>W wielu miastach w Polsce 25 listopada mia\u0142y miejsce protesty taks\u00f3wkarzy. Bran\u017ca ta, jak wiele innych dotkni\u0119tych skutkami pandemii, domaga si\u0119 od rz\u0105du natychmiastowej pomocy w ramach tarczy antykryzysowej, wzorem wiosennego wsparcia. Jej przedstawiciele twierdz\u0105, \u017ce na skutek wprowadzonych obostrze\u0144 ich przychody zmala\u0142y nawet o 90 proc.<\/strong><\/p>\n\n\n\n<p>Pozosta\u0142e postulaty taks\u00f3wkarzy dotycz\u0105 regulacji zwi\u0105zanych z prowadzeniem dzia\u0142alno\u015bci oraz wprowadzenia w \u017cycie zapis\u00f3w ustawy tzw. \u201elex Uber\u201d ograniczaj\u0105cej konkurencj\u0119 ze strony nieuczciwych i nieregulowanych przewo\u017anik\u00f3w.<\/p>\n\n\n\n<p><strong>\u0141\u00f3d\u017a<\/strong><br>P\u00f3\u0142torej godziny trwa\u0142 protest \u0142\u00f3dzkich taks\u00f3wkarzy 25 listopada. By\u0142a to ju\u017c druga demonstracja (pierwsza mia\u0142a miejsce 2 listopada). Kierowcy je\u017adzili ulicami miasta m.in. pod siedzib\u0119 PiS domagaj\u0105c si\u0119 wprowadzenia tarczy antykryzysowej dla bran\u017cy taks\u00f3wkarskiej.<\/p>\n\n\n\n<p><strong>Warszawa<\/strong><br>W dniach 4 i 25 listopada odby\u0142y si\u0119 przejazdy protestacyjne.<\/p>\n\n\n\n<p><strong>Szczecin<\/strong><br>W tym mie\u015bcie protest odby\u0142 si\u0119 17 listopada.Kilkadziesi\u0105t oflagowanych taks\u00f3wek przejecha\u0142o spod Urz\u0119du Wojew\u00f3dzkiego pod siedzib\u0119 Prawa i Sprawiedliwo\u015bci na ulicy Mickiewicza.<\/p>\n\n\n\n<p>Podobne demonstracje odby\u0142y si\u0119 r\u00f3wnie\u017c m.in. w <strong>Krakowie, Katowicach, Poznaniu, Rzeszowie<\/strong> i <strong>Kielcach<\/strong>.<\/p>\n\n\n\n<p class=\"has-text-align-right\"><strong>Joanna Puszwacka<\/strong><\/p>\n","protected":false},"excerpt":{"rendered":"<p>Piel\u0119gniarki i po\u0142o\u017cne, ratownicyMo\u017cliwy strajk na pocz\u0105tku 2021 Praca piel\u0119gniarek w Polsce zawsze by\u0142a ci\u0119\u017cka i \u017ale op\u0142acana. Teraz, w dobie pandemii, jest jeszcze gorzej. Zwi\u0105zki piel\u0119gniarskie zapowiadaj\u0105 strajk generalny, je\u015bli ich warunki pracy nie poprawi\u0105 si\u0119, a p\u0142ace nie wzrosn\u0105. Piel\u0119gniarki maj\u0105 wej\u015b\u0107 w spory zbiorowe z pracodawcami. To pierwszy etap protestu. Je\u015bli \u017c\u0105dania [&hellip;]<\/p>\n","protected":false},"author":1,"featured_media":7392,"comment_status":"closed","ping_status":"closed","sticky":false,"template":"","format":"standard","meta":{"footnotes":""},"categories":[187,191],"tags":[97],"class_list":["post-7391","post","type-post","status-publish","format-standard","has-post-thumbnail","hentry","category-gazeta-grudzien-2020","category-gazeta-grudzien-2020-2cd-2","tag-featured"],"yoast_head":"<!-- This site is optimized with the Yoast SEO plugin v26.7 - https:\/\/yoast.com\/wordpress\/plugins\/seo\/ -->\n<title>Strajki i protesty pracownicze w Polsce - Pracownicza Demokracja<\/title>\n<meta name=\"robots\" content=\"index, follow, max-snippet:-1, max-image-preview:large, max-video-preview:-1\" \/>\n<link rel=\"canonical\" href=\"https:\/\/pracowniczademokracja.org\/?p=7391\" \/>\n<meta property=\"og:locale\" content=\"pl_PL\" \/>\n<meta property=\"og:type\" content=\"article\" \/>\n<meta property=\"og:title\" content=\"Strajki i protesty pracownicze w Polsce - Pracownicza Demokracja\" \/>\n<meta property=\"og:description\" content=\"Piel\u0119gniarki i po\u0142o\u017cne, ratownicyMo\u017cliwy strajk na pocz\u0105tku 2021 Praca piel\u0119gniarek w Polsce zawsze by\u0142a ci\u0119\u017cka i \u017ale op\u0142acana. Teraz, w dobie pandemii, jest jeszcze gorzej. Zwi\u0105zki piel\u0119gniarskie zapowiadaj\u0105 strajk generalny, je\u015bli ich warunki pracy nie poprawi\u0105 si\u0119, a p\u0142ace nie wzrosn\u0105. Piel\u0119gniarki maj\u0105 wej\u015b\u0107 w spory zbiorowe z pracodawcami. To pierwszy etap protestu. Je\u015bli \u017c\u0105dania [&hellip;]\" \/>\n<meta property=\"og:url\" content=\"https:\/\/pracowniczademokracja.org\/?p=7391\" \/>\n<meta property=\"og:site_name\" content=\"Pracownicza Demokracja\" \/>\n<meta property=\"article:published_time\" content=\"2020-12-01T22:25:00+00:00\" \/>\n<meta property=\"article:modified_time\" content=\"2020-12-08T21:48:51+00:00\" \/>\n<meta property=\"og:image\" content=\"https:\/\/pracowniczademokracja.org\/wp-content\/uploads\/2020\/12\/strajk.kobiet.kobieta.wachlarze.18.11.2020..jpg\" \/>\n\t<meta property=\"og:image:width\" content=\"1667\" \/>\n\t<meta property=\"og:image:height\" content=\"1189\" \/>\n\t<meta property=\"og:image:type\" content=\"image\/jpeg\" \/>\n<meta name=\"author\" content=\".\" \/>\n<meta name=\"twitter:card\" content=\"summary_large_image\" \/>\n<meta name=\"twitter:label1\" content=\"Napisane przez\" \/>\n\t<meta name=\"twitter:data1\" content=\".\" \/>\n\t<meta name=\"twitter:label2\" content=\"Szacowany czas czytania\" \/>\n\t<meta name=\"twitter:data2\" content=\"6 minut\" \/>\n<script type=\"application\/ld+json\" class=\"yoast-schema-graph\">{\"@context\":\"https:\/\/schema.org\",\"@graph\":[{\"@type\":\"Article\",\"@id\":\"https:\/\/pracowniczademokracja.org\/?p=7391#article\",\"isPartOf\":{\"@id\":\"https:\/\/pracowniczademokracja.org\/?p=7391\"},\"author\":{\"name\":\".\",\"@id\":\"https:\/\/pracowniczademokracja.org\/#\/schema\/person\/111010f0277257eac5a64dace1cd1ad8\"},\"headline\":\"Strajki i protesty pracownicze w Polsce\",\"datePublished\":\"2020-12-01T22:25:00+00:00\",\"dateModified\":\"2020-12-08T21:48:51+00:00\",\"mainEntityOfPage\":{\"@id\":\"https:\/\/pracowniczademokracja.org\/?p=7391\"},\"wordCount\":1128,\"image\":{\"@id\":\"https:\/\/pracowniczademokracja.org\/?p=7391#primaryimage\"},\"thumbnailUrl\":\"https:\/\/pracowniczademokracja.org\/wp-content\/uploads\/2020\/12\/strajk.kobiet.kobieta.wachlarze.18.11.2020..jpg\",\"keywords\":[\"Featured\"],\"articleSection\":[\"Gazeta - grudzie\u0144 2020\",\"Gazeta - grudzie\u0144 2020 - 2cd.\"],\"inLanguage\":\"pl-PL\"},{\"@type\":\"WebPage\",\"@id\":\"https:\/\/pracowniczademokracja.org\/?p=7391\",\"url\":\"https:\/\/pracowniczademokracja.org\/?p=7391\",\"name\":\"Strajki i protesty pracownicze w Polsce - Pracownicza Demokracja\",\"isPartOf\":{\"@id\":\"https:\/\/pracowniczademokracja.org\/#website\"},\"primaryImageOfPage\":{\"@id\":\"https:\/\/pracowniczademokracja.org\/?p=7391#primaryimage\"},\"image\":{\"@id\":\"https:\/\/pracowniczademokracja.org\/?p=7391#primaryimage\"},\"thumbnailUrl\":\"https:\/\/pracowniczademokracja.org\/wp-content\/uploads\/2020\/12\/strajk.kobiet.kobieta.wachlarze.18.11.2020..jpg\",\"datePublished\":\"2020-12-01T22:25:00+00:00\",\"dateModified\":\"2020-12-08T21:48:51+00:00\",\"author\":{\"@id\":\"https:\/\/pracowniczademokracja.org\/#\/schema\/person\/111010f0277257eac5a64dace1cd1ad8\"},\"breadcrumb\":{\"@id\":\"https:\/\/pracowniczademokracja.org\/?p=7391#breadcrumb\"},\"inLanguage\":\"pl-PL\",\"potentialAction\":[{\"@type\":\"ReadAction\",\"target\":[\"https:\/\/pracowniczademokracja.org\/?p=7391\"]}]},{\"@type\":\"ImageObject\",\"inLanguage\":\"pl-PL\",\"@id\":\"https:\/\/pracowniczademokracja.org\/?p=7391#primaryimage\",\"url\":\"https:\/\/pracowniczademokracja.org\/wp-content\/uploads\/2020\/12\/strajk.kobiet.kobieta.wachlarze.18.11.2020..jpg\",\"contentUrl\":\"https:\/\/pracowniczademokracja.org\/wp-content\/uploads\/2020\/12\/strajk.kobiet.kobieta.wachlarze.18.11.2020..jpg\",\"width\":1667,\"height\":1189},{\"@type\":\"BreadcrumbList\",\"@id\":\"https:\/\/pracowniczademokracja.org\/?p=7391#breadcrumb\",\"itemListElement\":[{\"@type\":\"ListItem\",\"position\":1,\"name\":\"Strona g\u0142\u00f3wna\",\"item\":\"https:\/\/pracowniczademokracja.org\/\"},{\"@type\":\"ListItem\",\"position\":2,\"name\":\"Strajki i protesty pracownicze w Polsce\"}]},{\"@type\":\"WebSite\",\"@id\":\"https:\/\/pracowniczademokracja.org\/#website\",\"url\":\"https:\/\/pracowniczademokracja.org\/\",\"name\":\"Pracownicza Demokracja\",\"description\":\"\",\"potentialAction\":[{\"@type\":\"SearchAction\",\"target\":{\"@type\":\"EntryPoint\",\"urlTemplate\":\"https:\/\/pracowniczademokracja.org\/?s={search_term_string}\"},\"query-input\":{\"@type\":\"PropertyValueSpecification\",\"valueRequired\":true,\"valueName\":\"search_term_string\"}}],\"inLanguage\":\"pl-PL\"},{\"@type\":\"Person\",\"@id\":\"https:\/\/pracowniczademokracja.org\/#\/schema\/person\/111010f0277257eac5a64dace1cd1ad8\",\"name\":\".\",\"url\":\"https:\/\/pracowniczademokracja.org\/?author=1\"}]}<\/script>\n<!-- \/ Yoast SEO plugin. -->","yoast_head_json":{"title":"Strajki i protesty pracownicze w Polsce - Pracownicza Demokracja","robots":{"index":"index","follow":"follow","max-snippet":"max-snippet:-1","max-image-preview":"max-image-preview:large","max-video-preview":"max-video-preview:-1"},"canonical":"https:\/\/pracowniczademokracja.org\/?p=7391","og_locale":"pl_PL","og_type":"article","og_title":"Strajki i protesty pracownicze w Polsce - Pracownicza Demokracja","og_description":"Piel\u0119gniarki i po\u0142o\u017cne, ratownicyMo\u017cliwy strajk na pocz\u0105tku 2021 Praca piel\u0119gniarek w Polsce zawsze by\u0142a ci\u0119\u017cka i \u017ale op\u0142acana. Teraz, w dobie pandemii, jest jeszcze gorzej. Zwi\u0105zki piel\u0119gniarskie zapowiadaj\u0105 strajk generalny, je\u015bli ich warunki pracy nie poprawi\u0105 si\u0119, a p\u0142ace nie wzrosn\u0105. Piel\u0119gniarki maj\u0105 wej\u015b\u0107 w spory zbiorowe z pracodawcami. To pierwszy etap protestu. Je\u015bli \u017c\u0105dania [&hellip;]","og_url":"https:\/\/pracowniczademokracja.org\/?p=7391","og_site_name":"Pracownicza Demokracja","article_published_time":"2020-12-01T22:25:00+00:00","article_modified_time":"2020-12-08T21:48:51+00:00","og_image":[{"width":1667,"height":1189,"url":"https:\/\/pracowniczademokracja.org\/wp-content\/uploads\/2020\/12\/strajk.kobiet.kobieta.wachlarze.18.11.2020..jpg","type":"image\/jpeg"}],"author":".","twitter_card":"summary_large_image","twitter_misc":{"Napisane przez":".","Szacowany czas czytania":"6 minut"},"schema":{"@context":"https:\/\/schema.org","@graph":[{"@type":"Article","@id":"https:\/\/pracowniczademokracja.org\/?p=7391#article","isPartOf":{"@id":"https:\/\/pracowniczademokracja.org\/?p=7391"},"author":{"name":".","@id":"https:\/\/pracowniczademokracja.org\/#\/schema\/person\/111010f0277257eac5a64dace1cd1ad8"},"headline":"Strajki i protesty pracownicze w Polsce","datePublished":"2020-12-01T22:25:00+00:00","dateModified":"2020-12-08T21:48:51+00:00","mainEntityOfPage":{"@id":"https:\/\/pracowniczademokracja.org\/?p=7391"},"wordCount":1128,"image":{"@id":"https:\/\/pracowniczademokracja.org\/?p=7391#primaryimage"},"thumbnailUrl":"https:\/\/pracowniczademokracja.org\/wp-content\/uploads\/2020\/12\/strajk.kobiet.kobieta.wachlarze.18.11.2020..jpg","keywords":["Featured"],"articleSection":["Gazeta - grudzie\u0144 2020","Gazeta - grudzie\u0144 2020 - 2cd."],"inLanguage":"pl-PL"},{"@type":"WebPage","@id":"https:\/\/pracowniczademokracja.org\/?p=7391","url":"https:\/\/pracowniczademokracja.org\/?p=7391","name":"Strajki i protesty pracownicze w Polsce - Pracownicza Demokracja","isPartOf":{"@id":"https:\/\/pracowniczademokracja.org\/#website"},"primaryImageOfPage":{"@id":"https:\/\/pracowniczademokracja.org\/?p=7391#primaryimage"},"image":{"@id":"https:\/\/pracowniczademokracja.org\/?p=7391#primaryimage"},"thumbnailUrl":"https:\/\/pracowniczademokracja.org\/wp-content\/uploads\/2020\/12\/strajk.kobiet.kobieta.wachlarze.18.11.2020..jpg","datePublished":"2020-12-01T22:25:00+00:00","dateModified":"2020-12-08T21:48:51+00:00","author":{"@id":"https:\/\/pracowniczademokracja.org\/#\/schema\/person\/111010f0277257eac5a64dace1cd1ad8"},"breadcrumb":{"@id":"https:\/\/pracowniczademokracja.org\/?p=7391#breadcrumb"},"inLanguage":"pl-PL","potentialAction":[{"@type":"ReadAction","target":["https:\/\/pracowniczademokracja.org\/?p=7391"]}]},{"@type":"ImageObject","inLanguage":"pl-PL","@id":"https:\/\/pracowniczademokracja.org\/?p=7391#primaryimage","url":"https:\/\/pracowniczademokracja.org\/wp-content\/uploads\/2020\/12\/strajk.kobiet.kobieta.wachlarze.18.11.2020..jpg","contentUrl":"https:\/\/pracowniczademokracja.org\/wp-content\/uploads\/2020\/12\/strajk.kobiet.kobieta.wachlarze.18.11.2020..jpg","width":1667,"height":1189},{"@type":"BreadcrumbList","@id":"https:\/\/pracowniczademokracja.org\/?p=7391#breadcrumb","itemListElement":[{"@type":"ListItem","position":1,"name":"Strona g\u0142\u00f3wna","item":"https:\/\/pracowniczademokracja.org\/"},{"@type":"ListItem","position":2,"name":"Strajki i protesty pracownicze w Polsce"}]},{"@type":"WebSite","@id":"https:\/\/pracowniczademokracja.org\/#website","url":"https:\/\/pracowniczademokracja.org\/","name":"Pracownicza Demokracja","description":"","potentialAction":[{"@type":"SearchAction","target":{"@type":"EntryPoint","urlTemplate":"https:\/\/pracowniczademokracja.org\/?s={search_term_string}"},"query-input":{"@type":"PropertyValueSpecification","valueRequired":true,"valueName":"search_term_string"}}],"inLanguage":"pl-PL"},{"@type":"Person","@id":"https:\/\/pracowniczademokracja.org\/#\/schema\/person\/111010f0277257eac5a64dace1cd1ad8","name":".","url":"https:\/\/pracowniczademokracja.org\/?author=1"}]}},"_links":{"self":[{"href":"https:\/\/pracowniczademokracja.org\/index.php?rest_route=\/wp\/v2\/posts\/7391","targetHints":{"allow":["GET"]}}],"collection":[{"href":"https:\/\/pracowniczademokracja.org\/index.php?rest_route=\/wp\/v2\/posts"}],"about":[{"href":"https:\/\/pracowniczademokracja.org\/index.php?rest_route=\/wp\/v2\/types\/post"}],"author":[{"embeddable":true,"href":"https:\/\/pracowniczademokracja.org\/index.php?rest_route=\/wp\/v2\/users\/1"}],"replies":[{"embeddable":true,"href":"https:\/\/pracowniczademokracja.org\/index.php?rest_route=%2Fwp%2Fv2%2Fcomments&post=7391"}],"version-history":[{"count":2,"href":"https:\/\/pracowniczademokracja.org\/index.php?rest_route=\/wp\/v2\/posts\/7391\/revisions"}],"predecessor-version":[{"id":7395,"href":"https:\/\/pracowniczademokracja.org\/index.php?rest_route=\/wp\/v2\/posts\/7391\/revisions\/7395"}],"wp:featuredmedia":[{"embeddable":true,"href":"https:\/\/pracowniczademokracja.org\/index.php?rest_route=\/wp\/v2\/media\/7392"}],"wp:attachment":[{"href":"https:\/\/pracowniczademokracja.org\/index.php?rest_route=%2Fwp%2Fv2%2Fmedia&parent=7391"}],"wp:term":[{"taxonomy":"category","embeddable":true,"href":"https:\/\/pracowniczademokracja.org\/index.php?rest_route=%2Fwp%2Fv2%2Fcategories&post=7391"},{"taxonomy":"post_tag","embeddable":true,"href":"https:\/\/pracowniczademokracja.org\/index.php?rest_route=%2Fwp%2Fv2%2Ftags&post=7391"}],"curies":[{"name":"wp","href":"https:\/\/api.w.org\/{rel}","templated":true}]}}