{"id":6366,"date":"2020-02-01T23:30:57","date_gmt":"2020-02-01T22:30:57","guid":{"rendered":"http:\/\/pracowniczademokracja.org\/?p=6366"},"modified":"2020-02-18T22:16:06","modified_gmt":"2020-02-18T21:16:06","slug":"co-slychac","status":"publish","type":"post","link":"https:\/\/pracowniczademokracja.org\/?p=6366","title":{"rendered":"Co s\u0142ycha\u0107?"},"content":{"rendered":"\n<p class=\"has-normal-font-size\"><strong>Kolejny faszysta w IPN<\/strong> <\/p>\n\n\n\n<p><strong>\u201eGdy widze ze protestuja te lewackie degeneraty, lgbtowcy, \npodludzie (&#8230;) precz z lewackim byd\u0142em wygonic je do obory zeby \nprzestali nadal deprawowac mlodzie\u017c albo do kana\u0142u i na wysypisko \nsmieci? [zachowano pisowni\u0119 oryginaln\u0105] \u2013 napisa\u0142 u\u017cytkownik \u201eNar\u00f3d \nPolski\u201d na portalu \u201eDziennika Polskiego\u201d.<\/strong>\n<\/p>\n\n\n\n<p>\n   S\u0105d ustali\u0142, \u017ce to dr Rafa\u0142 Dobrowolski z Komitetu Ochrony Pami\u0119ci \nWalk i M\u0119cze\u0144stwa. W Instytucie Pami\u0119ci Narodowej od lat funkcjonuje \nskrzyd\u0142o narodowo-radykalne. Od pocz\u0105tku kadencji prezesa Jaros\u0142awa \nSzarka jest coraz liczniejsze i bardziej wp\u0142ywowe. Jeden z \nprzedstawicieli tego \u015brodowiska zasiada od 2017 roku w Komitecie Ochrony\n Pami\u0119ci Walk i M\u0119cze\u0144stwa w Lublinie.\n<\/p>\n\n\n\n<p>\n  (?) Dr Rafa\u0142 Dobrowolski jest absolwentem Katolickiego Uniwersytetu \nLubelskiego (?) W 2001 roku napisa\u0142 prac\u0119 seminaryjn\u0105 o Obozie \nNarodowo-Radykalnym, kt\u00f3ra zosta\u0142a opublikowana w sieci przez Narodowe \nOdrodzenie Polski, parti\u0119 otwarcie neofaszystowsk\u0105.\n<\/p>\n\n\n\n<p><strong>OKO.press  30.01.2020<\/strong>\n<\/p>\n\n\n\n<hr class=\"wp-block-separator\"\/>\n\n\n\n<p class=\"has-normal-font-size\"><strong>Dzieci nie s\u0105 priorytetem dla rz\u0105du<\/strong> <\/p>\n\n\n\n<p><em>Dr Agnieszka D\u0105browska, psychiatra dzieci\u0119cy z warszawskiego \no\u015brodka \u201eRelacje\u201d: W ostatnim roku z powodu \u015bmierci samob\u00f3jczej znikn\u0119\u0142y\n w Polsce ponad 3 klasy! Sytuacja jest tragiczna: samob\u00f3jstwo to \nnajcz\u0119stsza przyczyna \u015bmierci polskich dzieci. Cz\u0119stsza ni\u017c choroby \nnowotworowe i wypadki komunikacyjne! <\/em>\n<\/p>\n\n\n\n<p><em>(?) Warunki [w <\/em><strong>dzieci\u0119cych oddzia\u0142ach psychiatrycznych<\/strong><em>]\n s\u0105 koszmarne. Materace klei si\u0119 ta\u015bm\u0105, bo s\u0105 nieraz podziurawione. \nRegularnie na oddziale m\u0142odzie\u017cowym s\u0105 zalane \u0142azienki. Jedna jest \nczynna, a druga nie. I ci\u0105gle panuje wilgo\u0107. W ka\u017cde wakacje trzeba \nodgrzybia\u0107 pomieszczenia. <\/em>\n<\/p>\n\n\n\n<p><em>Pami\u0119tam, \u017ce na jednym z oddzia\u0142\u00f3w by\u0142 tak ogromny grzyb na \n\u015bcianie, \u017ce dzieciaki nadawa\u0142y mu imi\u0119, jak jakiej\u015b postaci z kresk\u00f3wki.\n No i wsz\u0119dzie pomazane \u015bciany, wierszyki o samob\u00f3jstwach, wulgaryzmy? \nTo nie s\u0105 warunki u\u0142atwiaj\u0105ce zdrowienie.<\/em>\n<\/p>\n\n\n\n<p><strong>onet.pl<em>  03.02.2020<\/em><\/strong>\n<\/p>\n","protected":false},"excerpt":{"rendered":"<p>Kolejny faszysta w IPN \u201eGdy widze ze protestuja te lewackie degeneraty, lgbtowcy, podludzie (&#8230;) precz z lewackim byd\u0142em wygonic je do obory zeby przestali nadal deprawowac mlodzie\u017c albo do kana\u0142u i na wysypisko smieci? [zachowano pisowni\u0119 oryginaln\u0105] \u2013 napisa\u0142 u\u017cytkownik \u201eNar\u00f3d Polski\u201d na portalu \u201eDziennika Polskiego\u201d. S\u0105d ustali\u0142, \u017ce to dr Rafa\u0142 Dobrowolski z Komitetu [&hellip;]<\/p>\n","protected":false},"author":1,"featured_media":6367,"comment_status":"closed","ping_status":"closed","sticky":false,"template":"","format":"standard","meta":{"footnotes":""},"categories":[163,164],"tags":[],"class_list":["post-6366","post","type-post","status-publish","format-standard","has-post-thumbnail","hentry","category-gazeta-luty-2020","category-gazeta-luty-2020-cd"],"yoast_head":"<!-- This site is optimized with the Yoast SEO plugin v26.7 - https:\/\/yoast.com\/wordpress\/plugins\/seo\/ -->\n<title>Co s\u0142ycha\u0107? - Pracownicza Demokracja<\/title>\n<meta name=\"robots\" content=\"index, follow, max-snippet:-1, max-image-preview:large, max-video-preview:-1\" \/>\n<link rel=\"canonical\" href=\"https:\/\/pracowniczademokracja.org\/?p=6366\" \/>\n<meta property=\"og:locale\" content=\"pl_PL\" \/>\n<meta property=\"og:type\" content=\"article\" \/>\n<meta property=\"og:title\" content=\"Co s\u0142ycha\u0107? - Pracownicza Demokracja\" \/>\n<meta property=\"og:description\" content=\"Kolejny faszysta w IPN \u201eGdy widze ze protestuja te lewackie degeneraty, lgbtowcy, podludzie (&#8230;) precz z lewackim byd\u0142em wygonic je do obory zeby przestali nadal deprawowac mlodzie\u017c albo do kana\u0142u i na wysypisko smieci? [zachowano pisowni\u0119 oryginaln\u0105] \u2013 napisa\u0142 u\u017cytkownik \u201eNar\u00f3d Polski\u201d na portalu \u201eDziennika Polskiego\u201d. S\u0105d ustali\u0142, \u017ce to dr Rafa\u0142 Dobrowolski z Komitetu [&hellip;]\" \/>\n<meta property=\"og:url\" content=\"https:\/\/pracowniczademokracja.org\/?p=6366\" \/>\n<meta property=\"og:site_name\" content=\"Pracownicza Demokracja\" \/>\n<meta property=\"article:published_time\" content=\"2020-02-01T22:30:57+00:00\" \/>\n<meta property=\"article:modified_time\" content=\"2020-02-18T21:16:06+00:00\" \/>\n<meta property=\"og:image\" content=\"https:\/\/pracowniczademokracja.org\/wp-content\/uploads\/2020\/02\/co.slychac.jpg\" \/>\n\t<meta property=\"og:image:width\" content=\"366\" \/>\n\t<meta property=\"og:image:height\" content=\"64\" \/>\n\t<meta property=\"og:image:type\" content=\"image\/jpeg\" \/>\n<meta name=\"author\" content=\".\" \/>\n<meta name=\"twitter:card\" content=\"summary_large_image\" \/>\n<meta name=\"twitter:label1\" content=\"Napisane przez\" \/>\n\t<meta name=\"twitter:data1\" content=\".\" \/>\n\t<meta name=\"twitter:label2\" content=\"Szacowany czas czytania\" \/>\n\t<meta name=\"twitter:data2\" content=\"1 minuta\" \/>\n<script type=\"application\/ld+json\" class=\"yoast-schema-graph\">{\"@context\":\"https:\/\/schema.org\",\"@graph\":[{\"@type\":\"Article\",\"@id\":\"https:\/\/pracowniczademokracja.org\/?p=6366#article\",\"isPartOf\":{\"@id\":\"https:\/\/pracowniczademokracja.org\/?p=6366\"},\"author\":{\"name\":\".\",\"@id\":\"https:\/\/pracowniczademokracja.org\/#\/schema\/person\/111010f0277257eac5a64dace1cd1ad8\"},\"headline\":\"Co s\u0142ycha\u0107?\",\"datePublished\":\"2020-02-01T22:30:57+00:00\",\"dateModified\":\"2020-02-18T21:16:06+00:00\",\"mainEntityOfPage\":{\"@id\":\"https:\/\/pracowniczademokracja.org\/?p=6366\"},\"wordCount\":292,\"image\":{\"@id\":\"https:\/\/pracowniczademokracja.org\/?p=6366#primaryimage\"},\"thumbnailUrl\":\"https:\/\/pracowniczademokracja.org\/wp-content\/uploads\/2020\/02\/co.slychac.jpg\",\"articleSection\":[\"Gazeta - luty 2020\",\"Gazeta - luty 2020 - cd.\"],\"inLanguage\":\"pl-PL\"},{\"@type\":\"WebPage\",\"@id\":\"https:\/\/pracowniczademokracja.org\/?p=6366\",\"url\":\"https:\/\/pracowniczademokracja.org\/?p=6366\",\"name\":\"Co s\u0142ycha\u0107? - Pracownicza Demokracja\",\"isPartOf\":{\"@id\":\"https:\/\/pracowniczademokracja.org\/#website\"},\"primaryImageOfPage\":{\"@id\":\"https:\/\/pracowniczademokracja.org\/?p=6366#primaryimage\"},\"image\":{\"@id\":\"https:\/\/pracowniczademokracja.org\/?p=6366#primaryimage\"},\"thumbnailUrl\":\"https:\/\/pracowniczademokracja.org\/wp-content\/uploads\/2020\/02\/co.slychac.jpg\",\"datePublished\":\"2020-02-01T22:30:57+00:00\",\"dateModified\":\"2020-02-18T21:16:06+00:00\",\"author\":{\"@id\":\"https:\/\/pracowniczademokracja.org\/#\/schema\/person\/111010f0277257eac5a64dace1cd1ad8\"},\"breadcrumb\":{\"@id\":\"https:\/\/pracowniczademokracja.org\/?p=6366#breadcrumb\"},\"inLanguage\":\"pl-PL\",\"potentialAction\":[{\"@type\":\"ReadAction\",\"target\":[\"https:\/\/pracowniczademokracja.org\/?p=6366\"]}]},{\"@type\":\"ImageObject\",\"inLanguage\":\"pl-PL\",\"@id\":\"https:\/\/pracowniczademokracja.org\/?p=6366#primaryimage\",\"url\":\"https:\/\/pracowniczademokracja.org\/wp-content\/uploads\/2020\/02\/co.slychac.jpg\",\"contentUrl\":\"https:\/\/pracowniczademokracja.org\/wp-content\/uploads\/2020\/02\/co.slychac.jpg\",\"width\":366,\"height\":64},{\"@type\":\"BreadcrumbList\",\"@id\":\"https:\/\/pracowniczademokracja.org\/?p=6366#breadcrumb\",\"itemListElement\":[{\"@type\":\"ListItem\",\"position\":1,\"name\":\"Strona g\u0142\u00f3wna\",\"item\":\"https:\/\/pracowniczademokracja.org\/\"},{\"@type\":\"ListItem\",\"position\":2,\"name\":\"Co s\u0142ycha\u0107?\"}]},{\"@type\":\"WebSite\",\"@id\":\"https:\/\/pracowniczademokracja.org\/#website\",\"url\":\"https:\/\/pracowniczademokracja.org\/\",\"name\":\"Pracownicza Demokracja\",\"description\":\"\",\"potentialAction\":[{\"@type\":\"SearchAction\",\"target\":{\"@type\":\"EntryPoint\",\"urlTemplate\":\"https:\/\/pracowniczademokracja.org\/?s={search_term_string}\"},\"query-input\":{\"@type\":\"PropertyValueSpecification\",\"valueRequired\":true,\"valueName\":\"search_term_string\"}}],\"inLanguage\":\"pl-PL\"},{\"@type\":\"Person\",\"@id\":\"https:\/\/pracowniczademokracja.org\/#\/schema\/person\/111010f0277257eac5a64dace1cd1ad8\",\"name\":\".\",\"url\":\"https:\/\/pracowniczademokracja.org\/?author=1\"}]}<\/script>\n<!-- \/ Yoast SEO plugin. -->","yoast_head_json":{"title":"Co s\u0142ycha\u0107? - Pracownicza Demokracja","robots":{"index":"index","follow":"follow","max-snippet":"max-snippet:-1","max-image-preview":"max-image-preview:large","max-video-preview":"max-video-preview:-1"},"canonical":"https:\/\/pracowniczademokracja.org\/?p=6366","og_locale":"pl_PL","og_type":"article","og_title":"Co s\u0142ycha\u0107? - Pracownicza Demokracja","og_description":"Kolejny faszysta w IPN \u201eGdy widze ze protestuja te lewackie degeneraty, lgbtowcy, podludzie (&#8230;) precz z lewackim byd\u0142em wygonic je do obory zeby przestali nadal deprawowac mlodzie\u017c albo do kana\u0142u i na wysypisko smieci? [zachowano pisowni\u0119 oryginaln\u0105] \u2013 napisa\u0142 u\u017cytkownik \u201eNar\u00f3d Polski\u201d na portalu \u201eDziennika Polskiego\u201d. S\u0105d ustali\u0142, \u017ce to dr Rafa\u0142 Dobrowolski z Komitetu [&hellip;]","og_url":"https:\/\/pracowniczademokracja.org\/?p=6366","og_site_name":"Pracownicza Demokracja","article_published_time":"2020-02-01T22:30:57+00:00","article_modified_time":"2020-02-18T21:16:06+00:00","og_image":[{"width":366,"height":64,"url":"https:\/\/pracowniczademokracja.org\/wp-content\/uploads\/2020\/02\/co.slychac.jpg","type":"image\/jpeg"}],"author":".","twitter_card":"summary_large_image","twitter_misc":{"Napisane przez":".","Szacowany czas czytania":"1 minuta"},"schema":{"@context":"https:\/\/schema.org","@graph":[{"@type":"Article","@id":"https:\/\/pracowniczademokracja.org\/?p=6366#article","isPartOf":{"@id":"https:\/\/pracowniczademokracja.org\/?p=6366"},"author":{"name":".","@id":"https:\/\/pracowniczademokracja.org\/#\/schema\/person\/111010f0277257eac5a64dace1cd1ad8"},"headline":"Co s\u0142ycha\u0107?","datePublished":"2020-02-01T22:30:57+00:00","dateModified":"2020-02-18T21:16:06+00:00","mainEntityOfPage":{"@id":"https:\/\/pracowniczademokracja.org\/?p=6366"},"wordCount":292,"image":{"@id":"https:\/\/pracowniczademokracja.org\/?p=6366#primaryimage"},"thumbnailUrl":"https:\/\/pracowniczademokracja.org\/wp-content\/uploads\/2020\/02\/co.slychac.jpg","articleSection":["Gazeta - luty 2020","Gazeta - luty 2020 - cd."],"inLanguage":"pl-PL"},{"@type":"WebPage","@id":"https:\/\/pracowniczademokracja.org\/?p=6366","url":"https:\/\/pracowniczademokracja.org\/?p=6366","name":"Co s\u0142ycha\u0107? - Pracownicza Demokracja","isPartOf":{"@id":"https:\/\/pracowniczademokracja.org\/#website"},"primaryImageOfPage":{"@id":"https:\/\/pracowniczademokracja.org\/?p=6366#primaryimage"},"image":{"@id":"https:\/\/pracowniczademokracja.org\/?p=6366#primaryimage"},"thumbnailUrl":"https:\/\/pracowniczademokracja.org\/wp-content\/uploads\/2020\/02\/co.slychac.jpg","datePublished":"2020-02-01T22:30:57+00:00","dateModified":"2020-02-18T21:16:06+00:00","author":{"@id":"https:\/\/pracowniczademokracja.org\/#\/schema\/person\/111010f0277257eac5a64dace1cd1ad8"},"breadcrumb":{"@id":"https:\/\/pracowniczademokracja.org\/?p=6366#breadcrumb"},"inLanguage":"pl-PL","potentialAction":[{"@type":"ReadAction","target":["https:\/\/pracowniczademokracja.org\/?p=6366"]}]},{"@type":"ImageObject","inLanguage":"pl-PL","@id":"https:\/\/pracowniczademokracja.org\/?p=6366#primaryimage","url":"https:\/\/pracowniczademokracja.org\/wp-content\/uploads\/2020\/02\/co.slychac.jpg","contentUrl":"https:\/\/pracowniczademokracja.org\/wp-content\/uploads\/2020\/02\/co.slychac.jpg","width":366,"height":64},{"@type":"BreadcrumbList","@id":"https:\/\/pracowniczademokracja.org\/?p=6366#breadcrumb","itemListElement":[{"@type":"ListItem","position":1,"name":"Strona g\u0142\u00f3wna","item":"https:\/\/pracowniczademokracja.org\/"},{"@type":"ListItem","position":2,"name":"Co s\u0142ycha\u0107?"}]},{"@type":"WebSite","@id":"https:\/\/pracowniczademokracja.org\/#website","url":"https:\/\/pracowniczademokracja.org\/","name":"Pracownicza Demokracja","description":"","potentialAction":[{"@type":"SearchAction","target":{"@type":"EntryPoint","urlTemplate":"https:\/\/pracowniczademokracja.org\/?s={search_term_string}"},"query-input":{"@type":"PropertyValueSpecification","valueRequired":true,"valueName":"search_term_string"}}],"inLanguage":"pl-PL"},{"@type":"Person","@id":"https:\/\/pracowniczademokracja.org\/#\/schema\/person\/111010f0277257eac5a64dace1cd1ad8","name":".","url":"https:\/\/pracowniczademokracja.org\/?author=1"}]}},"_links":{"self":[{"href":"https:\/\/pracowniczademokracja.org\/index.php?rest_route=\/wp\/v2\/posts\/6366","targetHints":{"allow":["GET"]}}],"collection":[{"href":"https:\/\/pracowniczademokracja.org\/index.php?rest_route=\/wp\/v2\/posts"}],"about":[{"href":"https:\/\/pracowniczademokracja.org\/index.php?rest_route=\/wp\/v2\/types\/post"}],"author":[{"embeddable":true,"href":"https:\/\/pracowniczademokracja.org\/index.php?rest_route=\/wp\/v2\/users\/1"}],"replies":[{"embeddable":true,"href":"https:\/\/pracowniczademokracja.org\/index.php?rest_route=%2Fwp%2Fv2%2Fcomments&post=6366"}],"version-history":[{"count":2,"href":"https:\/\/pracowniczademokracja.org\/index.php?rest_route=\/wp\/v2\/posts\/6366\/revisions"}],"predecessor-version":[{"id":6369,"href":"https:\/\/pracowniczademokracja.org\/index.php?rest_route=\/wp\/v2\/posts\/6366\/revisions\/6369"}],"wp:featuredmedia":[{"embeddable":true,"href":"https:\/\/pracowniczademokracja.org\/index.php?rest_route=\/wp\/v2\/media\/6367"}],"wp:attachment":[{"href":"https:\/\/pracowniczademokracja.org\/index.php?rest_route=%2Fwp%2Fv2%2Fmedia&parent=6366"}],"wp:term":[{"taxonomy":"category","embeddable":true,"href":"https:\/\/pracowniczademokracja.org\/index.php?rest_route=%2Fwp%2Fv2%2Fcategories&post=6366"},{"taxonomy":"post_tag","embeddable":true,"href":"https:\/\/pracowniczademokracja.org\/index.php?rest_route=%2Fwp%2Fv2%2Ftags&post=6366"}],"curies":[{"name":"wp","href":"https:\/\/api.w.org\/{rel}","templated":true}]}}