{"id":6359,"date":"2020-02-01T23:35:47","date_gmt":"2020-02-01T22:35:47","guid":{"rendered":"http:\/\/pracowniczademokracja.org\/?p=6359"},"modified":"2020-02-18T21:35:36","modified_gmt":"2020-02-18T20:35:36","slug":"globalny-protest-przeciw-rasizmowi-w-8-polskich-miastach-21-marca-2020-r","status":"publish","type":"post","link":"https:\/\/pracowniczademokracja.org\/?p=6359","title":{"rendered":"Globalny protest przeciw rasizmowi w 8 polskich miastach \u2013 21 marca 2020 r."},"content":{"rendered":"\n<figure class=\"wp-block-image\"><img loading=\"lazy\" decoding=\"async\" width=\"960\" height=\"502\" src=\"http:\/\/pracowniczademokracja.org\/wp-content\/uploads\/2020\/02\/swiat.przeciw.rasizmowi.reklama.demo_.21.marca_.jpg\" alt=\"Demonstracja antyrasistowska 21 marca 2020\" class=\"wp-image-6360\" srcset=\"https:\/\/pracowniczademokracja.org\/wp-content\/uploads\/2020\/02\/swiat.przeciw.rasizmowi.reklama.demo_.21.marca_.jpg 960w, https:\/\/pracowniczademokracja.org\/wp-content\/uploads\/2020\/02\/swiat.przeciw.rasizmowi.reklama.demo_.21.marca_-150x78.jpg 150w, https:\/\/pracowniczademokracja.org\/wp-content\/uploads\/2020\/02\/swiat.przeciw.rasizmowi.reklama.demo_.21.marca_-300x157.jpg 300w, https:\/\/pracowniczademokracja.org\/wp-content\/uploads\/2020\/02\/swiat.przeciw.rasizmowi.reklama.demo_.21.marca_-768x402.jpg 768w\" sizes=\"auto, (max-width: 960px) 100vw, 960px\" \/><\/figure>\n\n\n\n<p><strong>Od organizatorek\/\u00f3w:<\/strong>\n<\/p>\n\n\n\n<p><strong>W dniu 21 marca, w wielu krajach, odbywaj\u0105 si\u0119 demonstracje  antyrasistowskie z okazji ustanowionego przez ONZ \u015awiatowego Dnia Walki z Dyskryminacj\u0105 Rasow\u0105, <\/strong> <\/p>\n\n\n\n<p>\n  W tym dniu protestowa\u0107 b\u0119dziemy tak\u017ce w Polsce. Ju\u017c po raz piaty \nZjednoczeni Przeciw Rasizmowi organizuj\u0105 demonstracj\u0119 antyrasistowsk\u0105 w <strong>Warszawie<\/strong>. Odb\u0119dzie si\u0119 tak\u017ce wiele akcji w innych miastach. \n<\/p>\n\n\n\n<p>\n  Ju\u017c wiadomo, \u017ce 21 marca demonstracje odb\u0119d\u0105 si\u0119 w tych miastach: <strong>Bielsko-Bia\u0142a, Cz\u0119stochowa, Gda\u0144sk, Katowice, Pozna\u0144, Kielce, Szczecin.<\/strong> Prawdopodobnie do\u0142\u0105cz\u0105 te\u017c inne. Je\u015bli chcesz zorganizowa\u0107 akcj\u0119 w swoim mie\u015bcie skontaktuj si\u0119 z ZPR: zpr.antyrasizm@gmail.com\n<\/p>\n\n\n\n<p>\n  O kolejnychszczeg\u00f3\u0142ach b\u0119dziemy informowa\u0107 na stronie Zjednoczeni \nPrzeciw Rasizmowi https:\/\/www.facebook.com\/ZjednoczeniPrzeciwRasizmowi\/\n<\/p>\n\n\n\n<p>\n  Oto mi\u0119dzynarodowy apel w sprawie demonstracji:\n<\/p>\n\n\n\n<p><strong>DEMONSTRUJMY DLA \u015aWIATA PRZECIW RASIZMOWI <\/strong>\n<\/p>\n\n\n\n<p><strong>#WorldAgainstRacism #M21<\/strong>\n<\/p>\n\n\n\n<p><strong>Deklaracja dotycz\u0105ca ONZ-owskiego Mi\u0119dzynarodowego <\/strong>\n<strong>Dnia Walki z Rasizmem \u2013 21 marca 2020 r.<\/strong>\n<\/p>\n\n\n\n<p>\n  Zagro\u017cenie rasizmem i faszyzmem ro\u015bnie z dnia na dzie\u0144. Rasizm, \nislamofobia i antysemityzm wsz\u0119dzie si\u0119 nasilaj\u0105. W wyniku tego \ndo\u015bwiadczamy niepokoj\u0105cego wzrostu przest\u0119pstw z nienawi\u015bci. \nPrzeciwstawiamy si\u0119 wszelkim formom rasizmu, bigoterii oraz \nsolidaryzujemy si\u0119 z uchod\u017acami i ze wsp\u00f3lnotami Rom\u00f3w i Sinti.\n<\/p>\n\n\n\n<p>\n  Narastaj\u0105cy op\u00f3r wobec wzrostu faszyzmu, skrajnej prawicy i \nrasistowskiego populizmu ju\u017c istnieje i pokaza\u0142, \u017ce mo\u017ce by\u0107 skuteczny. \nPotrzebujemy teraz wi\u0119kszej jedno\u015bci i solidarno\u015bci mi\u0119dzynarodowej, aby\n stawi\u0107 czo\u0142a rasizmowi i skrajnej prawicy.\n<\/p>\n\n\n\n<p>\n  Z tych i wielu innych powod\u00f3w koordynujemy mi\u0119dzynarodowe demonstracje\n \u015awiat Przeciw Rasizmowi #WorldAgainstRacism 21 marca 2020, z okazji \nMi\u0119dzynarodowego Dnia Walki z Rasizmem ustanowionego przez ONZ.\n<\/p>\n\n\n\n<p>\n  W ubieg\u0142ym roku, w marcu 2019 r., demonstrowali\u015bmy w ponad 60 miastach\n \u015bwiata, z dziesi\u0105tkami tysi\u0119cy ludzi maszeruj\u0105cych przeciw wzrostowi \nskrajnej prawicy, rasizmu i faszyzmu. W tym roku zamierzamy poszerzy\u0107 \nsolidarno\u015b\u0107 mi\u0119dzynarodow\u0105 i walczy\u0107 o wi\u0119ksze demonstracje w kolejnych \nmiejscach na ca\u0142ym \u015bwiecie.\n<\/p>\n","protected":false},"excerpt":{"rendered":"<p>Od organizatorek\/\u00f3w: W dniu 21 marca, w wielu krajach, odbywaj\u0105 si\u0119 demonstracje antyrasistowskie z okazji ustanowionego przez ONZ \u015awiatowego Dnia Walki z Dyskryminacj\u0105 Rasow\u0105, W tym dniu protestowa\u0107 b\u0119dziemy tak\u017ce w Polsce. Ju\u017c po raz piaty Zjednoczeni Przeciw Rasizmowi organizuj\u0105 demonstracj\u0119 antyrasistowsk\u0105 w Warszawie. Odb\u0119dzie si\u0119 tak\u017ce wiele akcji w innych miastach. Ju\u017c wiadomo, \u017ce [&hellip;]<\/p>\n","protected":false},"author":1,"featured_media":6360,"comment_status":"closed","ping_status":"closed","sticky":false,"template":"","format":"standard","meta":{"footnotes":""},"categories":[163,164],"tags":[97],"class_list":["post-6359","post","type-post","status-publish","format-standard","has-post-thumbnail","hentry","category-gazeta-luty-2020","category-gazeta-luty-2020-cd","tag-featured"],"yoast_head":"<!-- This site is optimized with the Yoast SEO plugin v26.7 - https:\/\/yoast.com\/wordpress\/plugins\/seo\/ -->\n<title>Globalny protest przeciw rasizmowi w 8 polskich miastach \u2013 21 marca 2020 r. - Pracownicza Demokracja<\/title>\n<meta name=\"robots\" content=\"index, follow, max-snippet:-1, max-image-preview:large, max-video-preview:-1\" \/>\n<link rel=\"canonical\" href=\"https:\/\/pracowniczademokracja.org\/?p=6359\" \/>\n<meta property=\"og:locale\" content=\"pl_PL\" \/>\n<meta property=\"og:type\" content=\"article\" \/>\n<meta property=\"og:title\" content=\"Globalny protest przeciw rasizmowi w 8 polskich miastach \u2013 21 marca 2020 r. - Pracownicza Demokracja\" \/>\n<meta property=\"og:description\" content=\"Od organizatorek\/\u00f3w: W dniu 21 marca, w wielu krajach, odbywaj\u0105 si\u0119 demonstracje antyrasistowskie z okazji ustanowionego przez ONZ \u015awiatowego Dnia Walki z Dyskryminacj\u0105 Rasow\u0105, W tym dniu protestowa\u0107 b\u0119dziemy tak\u017ce w Polsce. Ju\u017c po raz piaty Zjednoczeni Przeciw Rasizmowi organizuj\u0105 demonstracj\u0119 antyrasistowsk\u0105 w Warszawie. Odb\u0119dzie si\u0119 tak\u017ce wiele akcji w innych miastach. Ju\u017c wiadomo, \u017ce [&hellip;]\" \/>\n<meta property=\"og:url\" content=\"https:\/\/pracowniczademokracja.org\/?p=6359\" \/>\n<meta property=\"og:site_name\" content=\"Pracownicza Demokracja\" \/>\n<meta property=\"article:published_time\" content=\"2020-02-01T22:35:47+00:00\" \/>\n<meta property=\"article:modified_time\" content=\"2020-02-18T20:35:36+00:00\" \/>\n<meta property=\"og:image\" content=\"https:\/\/pracowniczademokracja.org\/wp-content\/uploads\/2020\/02\/swiat.przeciw.rasizmowi.reklama.demo_.21.marca_.jpg\" \/>\n\t<meta property=\"og:image:width\" content=\"960\" \/>\n\t<meta property=\"og:image:height\" content=\"502\" \/>\n\t<meta property=\"og:image:type\" content=\"image\/jpeg\" \/>\n<meta name=\"author\" content=\".\" \/>\n<meta name=\"twitter:card\" content=\"summary_large_image\" \/>\n<meta name=\"twitter:label1\" content=\"Napisane przez\" \/>\n\t<meta name=\"twitter:data1\" content=\".\" \/>\n\t<meta name=\"twitter:label2\" content=\"Szacowany czas czytania\" \/>\n\t<meta name=\"twitter:data2\" content=\"2 minuty\" \/>\n<script type=\"application\/ld+json\" class=\"yoast-schema-graph\">{\"@context\":\"https:\/\/schema.org\",\"@graph\":[{\"@type\":\"Article\",\"@id\":\"https:\/\/pracowniczademokracja.org\/?p=6359#article\",\"isPartOf\":{\"@id\":\"https:\/\/pracowniczademokracja.org\/?p=6359\"},\"author\":{\"name\":\".\",\"@id\":\"https:\/\/pracowniczademokracja.org\/#\/schema\/person\/111010f0277257eac5a64dace1cd1ad8\"},\"headline\":\"Globalny protest przeciw rasizmowi w 8 polskich miastach \u2013 21 marca 2020 r.\",\"datePublished\":\"2020-02-01T22:35:47+00:00\",\"dateModified\":\"2020-02-18T20:35:36+00:00\",\"mainEntityOfPage\":{\"@id\":\"https:\/\/pracowniczademokracja.org\/?p=6359\"},\"wordCount\":318,\"image\":{\"@id\":\"https:\/\/pracowniczademokracja.org\/?p=6359#primaryimage\"},\"thumbnailUrl\":\"https:\/\/pracowniczademokracja.org\/wp-content\/uploads\/2020\/02\/swiat.przeciw.rasizmowi.reklama.demo_.21.marca_.jpg\",\"keywords\":[\"Featured\"],\"articleSection\":[\"Gazeta - luty 2020\",\"Gazeta - luty 2020 - cd.\"],\"inLanguage\":\"pl-PL\"},{\"@type\":\"WebPage\",\"@id\":\"https:\/\/pracowniczademokracja.org\/?p=6359\",\"url\":\"https:\/\/pracowniczademokracja.org\/?p=6359\",\"name\":\"Globalny protest przeciw rasizmowi w 8 polskich miastach \u2013 21 marca 2020 r. - Pracownicza Demokracja\",\"isPartOf\":{\"@id\":\"https:\/\/pracowniczademokracja.org\/#website\"},\"primaryImageOfPage\":{\"@id\":\"https:\/\/pracowniczademokracja.org\/?p=6359#primaryimage\"},\"image\":{\"@id\":\"https:\/\/pracowniczademokracja.org\/?p=6359#primaryimage\"},\"thumbnailUrl\":\"https:\/\/pracowniczademokracja.org\/wp-content\/uploads\/2020\/02\/swiat.przeciw.rasizmowi.reklama.demo_.21.marca_.jpg\",\"datePublished\":\"2020-02-01T22:35:47+00:00\",\"dateModified\":\"2020-02-18T20:35:36+00:00\",\"author\":{\"@id\":\"https:\/\/pracowniczademokracja.org\/#\/schema\/person\/111010f0277257eac5a64dace1cd1ad8\"},\"breadcrumb\":{\"@id\":\"https:\/\/pracowniczademokracja.org\/?p=6359#breadcrumb\"},\"inLanguage\":\"pl-PL\",\"potentialAction\":[{\"@type\":\"ReadAction\",\"target\":[\"https:\/\/pracowniczademokracja.org\/?p=6359\"]}]},{\"@type\":\"ImageObject\",\"inLanguage\":\"pl-PL\",\"@id\":\"https:\/\/pracowniczademokracja.org\/?p=6359#primaryimage\",\"url\":\"https:\/\/pracowniczademokracja.org\/wp-content\/uploads\/2020\/02\/swiat.przeciw.rasizmowi.reklama.demo_.21.marca_.jpg\",\"contentUrl\":\"https:\/\/pracowniczademokracja.org\/wp-content\/uploads\/2020\/02\/swiat.przeciw.rasizmowi.reklama.demo_.21.marca_.jpg\",\"width\":960,\"height\":502},{\"@type\":\"BreadcrumbList\",\"@id\":\"https:\/\/pracowniczademokracja.org\/?p=6359#breadcrumb\",\"itemListElement\":[{\"@type\":\"ListItem\",\"position\":1,\"name\":\"Strona g\u0142\u00f3wna\",\"item\":\"https:\/\/pracowniczademokracja.org\/\"},{\"@type\":\"ListItem\",\"position\":2,\"name\":\"Globalny protest przeciw rasizmowi w 8 polskich miastach \u2013 21 marca 2020 r.\"}]},{\"@type\":\"WebSite\",\"@id\":\"https:\/\/pracowniczademokracja.org\/#website\",\"url\":\"https:\/\/pracowniczademokracja.org\/\",\"name\":\"Pracownicza Demokracja\",\"description\":\"\",\"potentialAction\":[{\"@type\":\"SearchAction\",\"target\":{\"@type\":\"EntryPoint\",\"urlTemplate\":\"https:\/\/pracowniczademokracja.org\/?s={search_term_string}\"},\"query-input\":{\"@type\":\"PropertyValueSpecification\",\"valueRequired\":true,\"valueName\":\"search_term_string\"}}],\"inLanguage\":\"pl-PL\"},{\"@type\":\"Person\",\"@id\":\"https:\/\/pracowniczademokracja.org\/#\/schema\/person\/111010f0277257eac5a64dace1cd1ad8\",\"name\":\".\",\"url\":\"https:\/\/pracowniczademokracja.org\/?author=1\"}]}<\/script>\n<!-- \/ Yoast SEO plugin. -->","yoast_head_json":{"title":"Globalny protest przeciw rasizmowi w 8 polskich miastach \u2013 21 marca 2020 r. - Pracownicza Demokracja","robots":{"index":"index","follow":"follow","max-snippet":"max-snippet:-1","max-image-preview":"max-image-preview:large","max-video-preview":"max-video-preview:-1"},"canonical":"https:\/\/pracowniczademokracja.org\/?p=6359","og_locale":"pl_PL","og_type":"article","og_title":"Globalny protest przeciw rasizmowi w 8 polskich miastach \u2013 21 marca 2020 r. - Pracownicza Demokracja","og_description":"Od organizatorek\/\u00f3w: W dniu 21 marca, w wielu krajach, odbywaj\u0105 si\u0119 demonstracje antyrasistowskie z okazji ustanowionego przez ONZ \u015awiatowego Dnia Walki z Dyskryminacj\u0105 Rasow\u0105, W tym dniu protestowa\u0107 b\u0119dziemy tak\u017ce w Polsce. Ju\u017c po raz piaty Zjednoczeni Przeciw Rasizmowi organizuj\u0105 demonstracj\u0119 antyrasistowsk\u0105 w Warszawie. Odb\u0119dzie si\u0119 tak\u017ce wiele akcji w innych miastach. Ju\u017c wiadomo, \u017ce [&hellip;]","og_url":"https:\/\/pracowniczademokracja.org\/?p=6359","og_site_name":"Pracownicza Demokracja","article_published_time":"2020-02-01T22:35:47+00:00","article_modified_time":"2020-02-18T20:35:36+00:00","og_image":[{"width":960,"height":502,"url":"https:\/\/pracowniczademokracja.org\/wp-content\/uploads\/2020\/02\/swiat.przeciw.rasizmowi.reklama.demo_.21.marca_.jpg","type":"image\/jpeg"}],"author":".","twitter_card":"summary_large_image","twitter_misc":{"Napisane przez":".","Szacowany czas czytania":"2 minuty"},"schema":{"@context":"https:\/\/schema.org","@graph":[{"@type":"Article","@id":"https:\/\/pracowniczademokracja.org\/?p=6359#article","isPartOf":{"@id":"https:\/\/pracowniczademokracja.org\/?p=6359"},"author":{"name":".","@id":"https:\/\/pracowniczademokracja.org\/#\/schema\/person\/111010f0277257eac5a64dace1cd1ad8"},"headline":"Globalny protest przeciw rasizmowi w 8 polskich miastach \u2013 21 marca 2020 r.","datePublished":"2020-02-01T22:35:47+00:00","dateModified":"2020-02-18T20:35:36+00:00","mainEntityOfPage":{"@id":"https:\/\/pracowniczademokracja.org\/?p=6359"},"wordCount":318,"image":{"@id":"https:\/\/pracowniczademokracja.org\/?p=6359#primaryimage"},"thumbnailUrl":"https:\/\/pracowniczademokracja.org\/wp-content\/uploads\/2020\/02\/swiat.przeciw.rasizmowi.reklama.demo_.21.marca_.jpg","keywords":["Featured"],"articleSection":["Gazeta - luty 2020","Gazeta - luty 2020 - cd."],"inLanguage":"pl-PL"},{"@type":"WebPage","@id":"https:\/\/pracowniczademokracja.org\/?p=6359","url":"https:\/\/pracowniczademokracja.org\/?p=6359","name":"Globalny protest przeciw rasizmowi w 8 polskich miastach \u2013 21 marca 2020 r. - Pracownicza Demokracja","isPartOf":{"@id":"https:\/\/pracowniczademokracja.org\/#website"},"primaryImageOfPage":{"@id":"https:\/\/pracowniczademokracja.org\/?p=6359#primaryimage"},"image":{"@id":"https:\/\/pracowniczademokracja.org\/?p=6359#primaryimage"},"thumbnailUrl":"https:\/\/pracowniczademokracja.org\/wp-content\/uploads\/2020\/02\/swiat.przeciw.rasizmowi.reklama.demo_.21.marca_.jpg","datePublished":"2020-02-01T22:35:47+00:00","dateModified":"2020-02-18T20:35:36+00:00","author":{"@id":"https:\/\/pracowniczademokracja.org\/#\/schema\/person\/111010f0277257eac5a64dace1cd1ad8"},"breadcrumb":{"@id":"https:\/\/pracowniczademokracja.org\/?p=6359#breadcrumb"},"inLanguage":"pl-PL","potentialAction":[{"@type":"ReadAction","target":["https:\/\/pracowniczademokracja.org\/?p=6359"]}]},{"@type":"ImageObject","inLanguage":"pl-PL","@id":"https:\/\/pracowniczademokracja.org\/?p=6359#primaryimage","url":"https:\/\/pracowniczademokracja.org\/wp-content\/uploads\/2020\/02\/swiat.przeciw.rasizmowi.reklama.demo_.21.marca_.jpg","contentUrl":"https:\/\/pracowniczademokracja.org\/wp-content\/uploads\/2020\/02\/swiat.przeciw.rasizmowi.reklama.demo_.21.marca_.jpg","width":960,"height":502},{"@type":"BreadcrumbList","@id":"https:\/\/pracowniczademokracja.org\/?p=6359#breadcrumb","itemListElement":[{"@type":"ListItem","position":1,"name":"Strona g\u0142\u00f3wna","item":"https:\/\/pracowniczademokracja.org\/"},{"@type":"ListItem","position":2,"name":"Globalny protest przeciw rasizmowi w 8 polskich miastach \u2013 21 marca 2020 r."}]},{"@type":"WebSite","@id":"https:\/\/pracowniczademokracja.org\/#website","url":"https:\/\/pracowniczademokracja.org\/","name":"Pracownicza Demokracja","description":"","potentialAction":[{"@type":"SearchAction","target":{"@type":"EntryPoint","urlTemplate":"https:\/\/pracowniczademokracja.org\/?s={search_term_string}"},"query-input":{"@type":"PropertyValueSpecification","valueRequired":true,"valueName":"search_term_string"}}],"inLanguage":"pl-PL"},{"@type":"Person","@id":"https:\/\/pracowniczademokracja.org\/#\/schema\/person\/111010f0277257eac5a64dace1cd1ad8","name":".","url":"https:\/\/pracowniczademokracja.org\/?author=1"}]}},"_links":{"self":[{"href":"https:\/\/pracowniczademokracja.org\/index.php?rest_route=\/wp\/v2\/posts\/6359","targetHints":{"allow":["GET"]}}],"collection":[{"href":"https:\/\/pracowniczademokracja.org\/index.php?rest_route=\/wp\/v2\/posts"}],"about":[{"href":"https:\/\/pracowniczademokracja.org\/index.php?rest_route=\/wp\/v2\/types\/post"}],"author":[{"embeddable":true,"href":"https:\/\/pracowniczademokracja.org\/index.php?rest_route=\/wp\/v2\/users\/1"}],"replies":[{"embeddable":true,"href":"https:\/\/pracowniczademokracja.org\/index.php?rest_route=%2Fwp%2Fv2%2Fcomments&post=6359"}],"version-history":[{"count":1,"href":"https:\/\/pracowniczademokracja.org\/index.php?rest_route=\/wp\/v2\/posts\/6359\/revisions"}],"predecessor-version":[{"id":6361,"href":"https:\/\/pracowniczademokracja.org\/index.php?rest_route=\/wp\/v2\/posts\/6359\/revisions\/6361"}],"wp:featuredmedia":[{"embeddable":true,"href":"https:\/\/pracowniczademokracja.org\/index.php?rest_route=\/wp\/v2\/media\/6360"}],"wp:attachment":[{"href":"https:\/\/pracowniczademokracja.org\/index.php?rest_route=%2Fwp%2Fv2%2Fmedia&parent=6359"}],"wp:term":[{"taxonomy":"category","embeddable":true,"href":"https:\/\/pracowniczademokracja.org\/index.php?rest_route=%2Fwp%2Fv2%2Fcategories&post=6359"},{"taxonomy":"post_tag","embeddable":true,"href":"https:\/\/pracowniczademokracja.org\/index.php?rest_route=%2Fwp%2Fv2%2Ftags&post=6359"}],"curies":[{"name":"wp","href":"https:\/\/api.w.org\/{rel}","templated":true}]}}