{"id":6342,"date":"2020-02-01T23:31:54","date_gmt":"2020-02-01T22:31:54","guid":{"rendered":"http:\/\/pracowniczademokracja.org\/?p=6342"},"modified":"2020-02-18T22:19:11","modified_gmt":"2020-02-18T21:19:11","slug":"demonstracja-klimatyczna-w-warszawie-najpierw-ludzie-potem-zyski","status":"publish","type":"post","link":"https:\/\/pracowniczademokracja.org\/?p=6342","title":{"rendered":"Demonstracja klimatyczna w Warszawie \u2013 \u201eNajpierw ludzie, potem zyski!\u201d"},"content":{"rendered":"\n<figure class=\"wp-block-image is-resized\"><img loading=\"lazy\" decoding=\"async\" src=\"http:\/\/pracowniczademokracja.org\/wp-content\/uploads\/2020\/02\/demonstracja.klimatyczna.warszawa.17.01.2020.jpg\" alt=\"17.01.20 Warszawa\" class=\"wp-image-6343\" width=\"469\" height=\"351\" srcset=\"https:\/\/pracowniczademokracja.org\/wp-content\/uploads\/2020\/02\/demonstracja.klimatyczna.warszawa.17.01.2020.jpg 798w, https:\/\/pracowniczademokracja.org\/wp-content\/uploads\/2020\/02\/demonstracja.klimatyczna.warszawa.17.01.2020-150x112.jpg 150w, https:\/\/pracowniczademokracja.org\/wp-content\/uploads\/2020\/02\/demonstracja.klimatyczna.warszawa.17.01.2020-300x225.jpg 300w, https:\/\/pracowniczademokracja.org\/wp-content\/uploads\/2020\/02\/demonstracja.klimatyczna.warszawa.17.01.2020-768x576.jpg 768w\" sizes=\"auto, (max-width: 469px) 100vw, 469px\" \/><\/figure>\n\n\n\n<p><strong>W pi\u0105tek, 17 stycznia demonstracja klimatyczna \nprzemaszerowa\u0142a ulicami centrum Warszawy. Uczestnicy i uczestniczki \nprotestowali przeciwko szkodliwej polityce rz\u0105dz\u0105cych w Polsce i na \n\u015bwiecie. <\/strong>\n<\/p>\n\n\n\n<p>\n  Alex z ruchu Extinction Rebellion t\u0142umaczy\u0142 znaczenie nazwy protestu ?\n \u201eOstatni bal\u201d.  \u201eRz\u0105dz\u0105cy i wielki biznes dalej sobie baluj\u0105. Dzia\u0142aj\u0105 \ntak, jakby\u015bmy nie mieli dowod\u00f3w od naukowc\u00f3w, \u017ce musimy zmieni\u0107 \nca\u0142kowicie to, jak funkcjonuje ca\u0142a nasza gospodarka. \u017beby zachowa\u0107 \n\u015bwiat dla naszych dzieci, musimy dzia\u0142a\u0107 szybko\u201d \u2013 powiedzia\u0142. W\u015br\u00f3d \nskandowanych hase\u0142 s\u0142ycha\u0107 by\u0142o: \u201eNajpierw ludzie, potem zyski\u201d i \n?Zmie\u0144my system, a nie klimat\u201d. Demonstracj\u0119 zorganizowa\u0142 Strajk dla \nZiemi. \n<\/p>\n\n\n\n<p>\n  Dzi\u015b protesty klimatyczne wyst\u0119puj\u0105 w Polsce bardzo cz\u0119sto. Cieszy, \u017ce\n wiedza o post\u0119puj\u0105cej katastrofie klimatycznej jest coraz bardziej \npowszechna. Nale\u017cy teraz mobilizowa\u0107 jak najwi\u0119cej ludzi do kolejnych \nakcji.\n<\/p>\n\n\n\n<p>\n  Brak skutecznych dzia\u0142a\u0144 rz\u0105dz\u0105cych w sprawie zmian klimatycznych nie \nwynika z braku wiedzy. Jest spowodowany pogoni\u0105 za zyskiem za wszelk\u0105 \ncen\u0119. \n<\/p>\n\n\n\n<p><strong>Pracownicy<\/strong>\n<\/p>\n\n\n\n<figure class=\"wp-block-image is-resized\"><img loading=\"lazy\" decoding=\"async\" src=\"http:\/\/pracowniczademokracja.org\/wp-content\/uploads\/2020\/02\/baner.czujesz.klimat.walcz_.z.systemem.17.012020.jpg\" alt=\"17.01.20 Warszawa\" class=\"wp-image-6344\" width=\"456\" height=\"341\" srcset=\"https:\/\/pracowniczademokracja.org\/wp-content\/uploads\/2020\/02\/baner.czujesz.klimat.walcz_.z.systemem.17.012020.jpg 798w, https:\/\/pracowniczademokracja.org\/wp-content\/uploads\/2020\/02\/baner.czujesz.klimat.walcz_.z.systemem.17.012020-150x112.jpg 150w, https:\/\/pracowniczademokracja.org\/wp-content\/uploads\/2020\/02\/baner.czujesz.klimat.walcz_.z.systemem.17.012020-300x225.jpg 300w, https:\/\/pracowniczademokracja.org\/wp-content\/uploads\/2020\/02\/baner.czujesz.klimat.walcz_.z.systemem.17.012020-768x576.jpg 768w\" sizes=\"auto, (max-width: 456px) 100vw, 456px\" \/><\/figure>\n\n\n\n<p>\n  A zyski tworzy ludzka praca, dlatego ruchowi potrzebna jest si\u0142a \nzorganizowanych pracownik\u00f3w. Musimy wi\u0119c podj\u0105\u0107 trudne zadanie w\u0142\u0105czenia\n w ruch klimatyczny zwi\u0105zk\u00f3w zawodowych. \n<\/p>\n\n\n\n<p>\n  Jednym z podstawowych postulat\u00f3w ruchu klimatycznego jest \n?sprawiedliwa transformacja\u201d \u2013 czyli \u017c\u0105danie, by zmiana systemu na \ngospodark\u0119 opart\u0105 na odnawialnych \u017ar\u00f3d\u0142ach energii by\u0142a sprawiedliwa \nspo\u0142ecznie. \n<\/p>\n\n\n\n<p>\n  To wymaga udzia\u0142u i kontroli pracownik\u00f3w, kt\u00f3rzy produkuj\u0105 energi\u0119 i \nwszelkie dobra spo\u0142eczne. I w ko\u0144cu to pracownicy s\u0105 w stanie stworzy\u0107 \nspo\u0142ecze\u0144stwo, w kt\u00f3rym \u015brodowisko naturalne jest chronione, a ludzkie \npotrzeby zaspakajane.\n<\/p>\n","protected":false},"excerpt":{"rendered":"<p>W pi\u0105tek, 17 stycznia demonstracja klimatyczna przemaszerowa\u0142a ulicami centrum Warszawy. Uczestnicy i uczestniczki protestowali przeciwko szkodliwej polityce rz\u0105dz\u0105cych w Polsce i na \u015bwiecie. Alex z ruchu Extinction Rebellion t\u0142umaczy\u0142 znaczenie nazwy protestu ? \u201eOstatni bal\u201d. \u201eRz\u0105dz\u0105cy i wielki biznes dalej sobie baluj\u0105. Dzia\u0142aj\u0105 tak, jakby\u015bmy nie mieli dowod\u00f3w od naukowc\u00f3w, \u017ce musimy zmieni\u0107 ca\u0142kowicie to, [&hellip;]<\/p>\n","protected":false},"author":1,"featured_media":6343,"comment_status":"closed","ping_status":"closed","sticky":false,"template":"","format":"standard","meta":{"footnotes":""},"categories":[163,164],"tags":[97],"class_list":["post-6342","post","type-post","status-publish","format-standard","has-post-thumbnail","hentry","category-gazeta-luty-2020","category-gazeta-luty-2020-cd","tag-featured"],"yoast_head":"<!-- This site is optimized with the Yoast SEO plugin v26.7 - https:\/\/yoast.com\/wordpress\/plugins\/seo\/ -->\n<title>Demonstracja klimatyczna w Warszawie \u2013 \u201eNajpierw ludzie, potem zyski!\u201d - Pracownicza Demokracja<\/title>\n<meta name=\"robots\" content=\"index, follow, max-snippet:-1, max-image-preview:large, max-video-preview:-1\" \/>\n<link rel=\"canonical\" href=\"https:\/\/pracowniczademokracja.org\/?p=6342\" \/>\n<meta property=\"og:locale\" content=\"pl_PL\" \/>\n<meta property=\"og:type\" content=\"article\" \/>\n<meta property=\"og:title\" content=\"Demonstracja klimatyczna w Warszawie \u2013 \u201eNajpierw ludzie, potem zyski!\u201d - Pracownicza Demokracja\" \/>\n<meta property=\"og:description\" content=\"W pi\u0105tek, 17 stycznia demonstracja klimatyczna przemaszerowa\u0142a ulicami centrum Warszawy. Uczestnicy i uczestniczki protestowali przeciwko szkodliwej polityce rz\u0105dz\u0105cych w Polsce i na \u015bwiecie. Alex z ruchu Extinction Rebellion t\u0142umaczy\u0142 znaczenie nazwy protestu ? \u201eOstatni bal\u201d. \u201eRz\u0105dz\u0105cy i wielki biznes dalej sobie baluj\u0105. Dzia\u0142aj\u0105 tak, jakby\u015bmy nie mieli dowod\u00f3w od naukowc\u00f3w, \u017ce musimy zmieni\u0107 ca\u0142kowicie to, [&hellip;]\" \/>\n<meta property=\"og:url\" content=\"https:\/\/pracowniczademokracja.org\/?p=6342\" \/>\n<meta property=\"og:site_name\" content=\"Pracownicza Demokracja\" \/>\n<meta property=\"article:published_time\" content=\"2020-02-01T22:31:54+00:00\" \/>\n<meta property=\"article:modified_time\" content=\"2020-02-18T21:19:11+00:00\" \/>\n<meta property=\"og:image\" content=\"https:\/\/pracowniczademokracja.org\/wp-content\/uploads\/2020\/02\/demonstracja.klimatyczna.warszawa.17.01.2020.jpg\" \/>\n\t<meta property=\"og:image:width\" content=\"798\" \/>\n\t<meta property=\"og:image:height\" content=\"598\" \/>\n\t<meta property=\"og:image:type\" content=\"image\/jpeg\" \/>\n<meta name=\"author\" content=\".\" \/>\n<meta name=\"twitter:card\" content=\"summary_large_image\" \/>\n<meta name=\"twitter:label1\" content=\"Napisane przez\" \/>\n\t<meta name=\"twitter:data1\" content=\".\" \/>\n\t<meta name=\"twitter:label2\" content=\"Szacowany czas czytania\" \/>\n\t<meta name=\"twitter:data2\" content=\"1 minuta\" \/>\n<script type=\"application\/ld+json\" class=\"yoast-schema-graph\">{\"@context\":\"https:\/\/schema.org\",\"@graph\":[{\"@type\":\"Article\",\"@id\":\"https:\/\/pracowniczademokracja.org\/?p=6342#article\",\"isPartOf\":{\"@id\":\"https:\/\/pracowniczademokracja.org\/?p=6342\"},\"author\":{\"name\":\".\",\"@id\":\"https:\/\/pracowniczademokracja.org\/#\/schema\/person\/111010f0277257eac5a64dace1cd1ad8\"},\"headline\":\"Demonstracja klimatyczna w Warszawie \u2013 \u201eNajpierw ludzie, potem zyski!\u201d\",\"datePublished\":\"2020-02-01T22:31:54+00:00\",\"dateModified\":\"2020-02-18T21:19:11+00:00\",\"mainEntityOfPage\":{\"@id\":\"https:\/\/pracowniczademokracja.org\/?p=6342\"},\"wordCount\":273,\"image\":{\"@id\":\"https:\/\/pracowniczademokracja.org\/?p=6342#primaryimage\"},\"thumbnailUrl\":\"https:\/\/pracowniczademokracja.org\/wp-content\/uploads\/2020\/02\/demonstracja.klimatyczna.warszawa.17.01.2020.jpg\",\"keywords\":[\"Featured\"],\"articleSection\":[\"Gazeta - luty 2020\",\"Gazeta - luty 2020 - cd.\"],\"inLanguage\":\"pl-PL\"},{\"@type\":\"WebPage\",\"@id\":\"https:\/\/pracowniczademokracja.org\/?p=6342\",\"url\":\"https:\/\/pracowniczademokracja.org\/?p=6342\",\"name\":\"Demonstracja klimatyczna w Warszawie \u2013 \u201eNajpierw ludzie, potem zyski!\u201d - Pracownicza Demokracja\",\"isPartOf\":{\"@id\":\"https:\/\/pracowniczademokracja.org\/#website\"},\"primaryImageOfPage\":{\"@id\":\"https:\/\/pracowniczademokracja.org\/?p=6342#primaryimage\"},\"image\":{\"@id\":\"https:\/\/pracowniczademokracja.org\/?p=6342#primaryimage\"},\"thumbnailUrl\":\"https:\/\/pracowniczademokracja.org\/wp-content\/uploads\/2020\/02\/demonstracja.klimatyczna.warszawa.17.01.2020.jpg\",\"datePublished\":\"2020-02-01T22:31:54+00:00\",\"dateModified\":\"2020-02-18T21:19:11+00:00\",\"author\":{\"@id\":\"https:\/\/pracowniczademokracja.org\/#\/schema\/person\/111010f0277257eac5a64dace1cd1ad8\"},\"breadcrumb\":{\"@id\":\"https:\/\/pracowniczademokracja.org\/?p=6342#breadcrumb\"},\"inLanguage\":\"pl-PL\",\"potentialAction\":[{\"@type\":\"ReadAction\",\"target\":[\"https:\/\/pracowniczademokracja.org\/?p=6342\"]}]},{\"@type\":\"ImageObject\",\"inLanguage\":\"pl-PL\",\"@id\":\"https:\/\/pracowniczademokracja.org\/?p=6342#primaryimage\",\"url\":\"https:\/\/pracowniczademokracja.org\/wp-content\/uploads\/2020\/02\/demonstracja.klimatyczna.warszawa.17.01.2020.jpg\",\"contentUrl\":\"https:\/\/pracowniczademokracja.org\/wp-content\/uploads\/2020\/02\/demonstracja.klimatyczna.warszawa.17.01.2020.jpg\",\"width\":798,\"height\":598},{\"@type\":\"BreadcrumbList\",\"@id\":\"https:\/\/pracowniczademokracja.org\/?p=6342#breadcrumb\",\"itemListElement\":[{\"@type\":\"ListItem\",\"position\":1,\"name\":\"Strona g\u0142\u00f3wna\",\"item\":\"https:\/\/pracowniczademokracja.org\/\"},{\"@type\":\"ListItem\",\"position\":2,\"name\":\"Demonstracja klimatyczna w Warszawie \u2013 \u201eNajpierw ludzie, potem zyski!\u201d\"}]},{\"@type\":\"WebSite\",\"@id\":\"https:\/\/pracowniczademokracja.org\/#website\",\"url\":\"https:\/\/pracowniczademokracja.org\/\",\"name\":\"Pracownicza Demokracja\",\"description\":\"\",\"potentialAction\":[{\"@type\":\"SearchAction\",\"target\":{\"@type\":\"EntryPoint\",\"urlTemplate\":\"https:\/\/pracowniczademokracja.org\/?s={search_term_string}\"},\"query-input\":{\"@type\":\"PropertyValueSpecification\",\"valueRequired\":true,\"valueName\":\"search_term_string\"}}],\"inLanguage\":\"pl-PL\"},{\"@type\":\"Person\",\"@id\":\"https:\/\/pracowniczademokracja.org\/#\/schema\/person\/111010f0277257eac5a64dace1cd1ad8\",\"name\":\".\",\"url\":\"https:\/\/pracowniczademokracja.org\/?author=1\"}]}<\/script>\n<!-- \/ Yoast SEO plugin. -->","yoast_head_json":{"title":"Demonstracja klimatyczna w Warszawie \u2013 \u201eNajpierw ludzie, potem zyski!\u201d - Pracownicza Demokracja","robots":{"index":"index","follow":"follow","max-snippet":"max-snippet:-1","max-image-preview":"max-image-preview:large","max-video-preview":"max-video-preview:-1"},"canonical":"https:\/\/pracowniczademokracja.org\/?p=6342","og_locale":"pl_PL","og_type":"article","og_title":"Demonstracja klimatyczna w Warszawie \u2013 \u201eNajpierw ludzie, potem zyski!\u201d - Pracownicza Demokracja","og_description":"W pi\u0105tek, 17 stycznia demonstracja klimatyczna przemaszerowa\u0142a ulicami centrum Warszawy. Uczestnicy i uczestniczki protestowali przeciwko szkodliwej polityce rz\u0105dz\u0105cych w Polsce i na \u015bwiecie. Alex z ruchu Extinction Rebellion t\u0142umaczy\u0142 znaczenie nazwy protestu ? \u201eOstatni bal\u201d. \u201eRz\u0105dz\u0105cy i wielki biznes dalej sobie baluj\u0105. Dzia\u0142aj\u0105 tak, jakby\u015bmy nie mieli dowod\u00f3w od naukowc\u00f3w, \u017ce musimy zmieni\u0107 ca\u0142kowicie to, [&hellip;]","og_url":"https:\/\/pracowniczademokracja.org\/?p=6342","og_site_name":"Pracownicza Demokracja","article_published_time":"2020-02-01T22:31:54+00:00","article_modified_time":"2020-02-18T21:19:11+00:00","og_image":[{"width":798,"height":598,"url":"https:\/\/pracowniczademokracja.org\/wp-content\/uploads\/2020\/02\/demonstracja.klimatyczna.warszawa.17.01.2020.jpg","type":"image\/jpeg"}],"author":".","twitter_card":"summary_large_image","twitter_misc":{"Napisane przez":".","Szacowany czas czytania":"1 minuta"},"schema":{"@context":"https:\/\/schema.org","@graph":[{"@type":"Article","@id":"https:\/\/pracowniczademokracja.org\/?p=6342#article","isPartOf":{"@id":"https:\/\/pracowniczademokracja.org\/?p=6342"},"author":{"name":".","@id":"https:\/\/pracowniczademokracja.org\/#\/schema\/person\/111010f0277257eac5a64dace1cd1ad8"},"headline":"Demonstracja klimatyczna w Warszawie \u2013 \u201eNajpierw ludzie, potem zyski!\u201d","datePublished":"2020-02-01T22:31:54+00:00","dateModified":"2020-02-18T21:19:11+00:00","mainEntityOfPage":{"@id":"https:\/\/pracowniczademokracja.org\/?p=6342"},"wordCount":273,"image":{"@id":"https:\/\/pracowniczademokracja.org\/?p=6342#primaryimage"},"thumbnailUrl":"https:\/\/pracowniczademokracja.org\/wp-content\/uploads\/2020\/02\/demonstracja.klimatyczna.warszawa.17.01.2020.jpg","keywords":["Featured"],"articleSection":["Gazeta - luty 2020","Gazeta - luty 2020 - cd."],"inLanguage":"pl-PL"},{"@type":"WebPage","@id":"https:\/\/pracowniczademokracja.org\/?p=6342","url":"https:\/\/pracowniczademokracja.org\/?p=6342","name":"Demonstracja klimatyczna w Warszawie \u2013 \u201eNajpierw ludzie, potem zyski!\u201d - Pracownicza Demokracja","isPartOf":{"@id":"https:\/\/pracowniczademokracja.org\/#website"},"primaryImageOfPage":{"@id":"https:\/\/pracowniczademokracja.org\/?p=6342#primaryimage"},"image":{"@id":"https:\/\/pracowniczademokracja.org\/?p=6342#primaryimage"},"thumbnailUrl":"https:\/\/pracowniczademokracja.org\/wp-content\/uploads\/2020\/02\/demonstracja.klimatyczna.warszawa.17.01.2020.jpg","datePublished":"2020-02-01T22:31:54+00:00","dateModified":"2020-02-18T21:19:11+00:00","author":{"@id":"https:\/\/pracowniczademokracja.org\/#\/schema\/person\/111010f0277257eac5a64dace1cd1ad8"},"breadcrumb":{"@id":"https:\/\/pracowniczademokracja.org\/?p=6342#breadcrumb"},"inLanguage":"pl-PL","potentialAction":[{"@type":"ReadAction","target":["https:\/\/pracowniczademokracja.org\/?p=6342"]}]},{"@type":"ImageObject","inLanguage":"pl-PL","@id":"https:\/\/pracowniczademokracja.org\/?p=6342#primaryimage","url":"https:\/\/pracowniczademokracja.org\/wp-content\/uploads\/2020\/02\/demonstracja.klimatyczna.warszawa.17.01.2020.jpg","contentUrl":"https:\/\/pracowniczademokracja.org\/wp-content\/uploads\/2020\/02\/demonstracja.klimatyczna.warszawa.17.01.2020.jpg","width":798,"height":598},{"@type":"BreadcrumbList","@id":"https:\/\/pracowniczademokracja.org\/?p=6342#breadcrumb","itemListElement":[{"@type":"ListItem","position":1,"name":"Strona g\u0142\u00f3wna","item":"https:\/\/pracowniczademokracja.org\/"},{"@type":"ListItem","position":2,"name":"Demonstracja klimatyczna w Warszawie \u2013 \u201eNajpierw ludzie, potem zyski!\u201d"}]},{"@type":"WebSite","@id":"https:\/\/pracowniczademokracja.org\/#website","url":"https:\/\/pracowniczademokracja.org\/","name":"Pracownicza Demokracja","description":"","potentialAction":[{"@type":"SearchAction","target":{"@type":"EntryPoint","urlTemplate":"https:\/\/pracowniczademokracja.org\/?s={search_term_string}"},"query-input":{"@type":"PropertyValueSpecification","valueRequired":true,"valueName":"search_term_string"}}],"inLanguage":"pl-PL"},{"@type":"Person","@id":"https:\/\/pracowniczademokracja.org\/#\/schema\/person\/111010f0277257eac5a64dace1cd1ad8","name":".","url":"https:\/\/pracowniczademokracja.org\/?author=1"}]}},"_links":{"self":[{"href":"https:\/\/pracowniczademokracja.org\/index.php?rest_route=\/wp\/v2\/posts\/6342","targetHints":{"allow":["GET"]}}],"collection":[{"href":"https:\/\/pracowniczademokracja.org\/index.php?rest_route=\/wp\/v2\/posts"}],"about":[{"href":"https:\/\/pracowniczademokracja.org\/index.php?rest_route=\/wp\/v2\/types\/post"}],"author":[{"embeddable":true,"href":"https:\/\/pracowniczademokracja.org\/index.php?rest_route=\/wp\/v2\/users\/1"}],"replies":[{"embeddable":true,"href":"https:\/\/pracowniczademokracja.org\/index.php?rest_route=%2Fwp%2Fv2%2Fcomments&post=6342"}],"version-history":[{"count":2,"href":"https:\/\/pracowniczademokracja.org\/index.php?rest_route=\/wp\/v2\/posts\/6342\/revisions"}],"predecessor-version":[{"id":6346,"href":"https:\/\/pracowniczademokracja.org\/index.php?rest_route=\/wp\/v2\/posts\/6342\/revisions\/6346"}],"wp:featuredmedia":[{"embeddable":true,"href":"https:\/\/pracowniczademokracja.org\/index.php?rest_route=\/wp\/v2\/media\/6343"}],"wp:attachment":[{"href":"https:\/\/pracowniczademokracja.org\/index.php?rest_route=%2Fwp%2Fv2%2Fmedia&parent=6342"}],"wp:term":[{"taxonomy":"category","embeddable":true,"href":"https:\/\/pracowniczademokracja.org\/index.php?rest_route=%2Fwp%2Fv2%2Fcategories&post=6342"},{"taxonomy":"post_tag","embeddable":true,"href":"https:\/\/pracowniczademokracja.org\/index.php?rest_route=%2Fwp%2Fv2%2Ftags&post=6342"}],"curies":[{"name":"wp","href":"https:\/\/api.w.org\/{rel}","templated":true}]}}