{"id":6332,"date":"2020-02-01T23:50:28","date_gmt":"2020-02-01T22:50:28","guid":{"rendered":"http:\/\/pracowniczademokracja.org\/?p=6332"},"modified":"2020-02-17T00:01:42","modified_gmt":"2020-02-16T23:01:42","slug":"potezne-strajki-we-francji-nie-mozemy-poddac-sie-macronowi","status":"publish","type":"post","link":"https:\/\/pracowniczademokracja.org\/?p=6332","title":{"rendered":"Pot\u0119\u017cne strajki we Francji \u2013 \u201eNie mo\u017cemy podda\u0107 si\u0119 Macronowi\u201d"},"content":{"rendered":"\n<figure class=\"wp-block-image\"><img loading=\"lazy\" decoding=\"async\" width=\"1000\" height=\"667\" src=\"http:\/\/pracowniczademokracja.org\/wp-content\/uploads\/2020\/02\/strajk.generalny.demo_.paryz_.28.12.2019.jpg\" alt=\"Strajkuj\u0105cy w Pary\u017cu.\" class=\"wp-image-6333\" srcset=\"https:\/\/pracowniczademokracja.org\/wp-content\/uploads\/2020\/02\/strajk.generalny.demo_.paryz_.28.12.2019.jpg 1000w, https:\/\/pracowniczademokracja.org\/wp-content\/uploads\/2020\/02\/strajk.generalny.demo_.paryz_.28.12.2019-150x100.jpg 150w, https:\/\/pracowniczademokracja.org\/wp-content\/uploads\/2020\/02\/strajk.generalny.demo_.paryz_.28.12.2019-300x200.jpg 300w, https:\/\/pracowniczademokracja.org\/wp-content\/uploads\/2020\/02\/strajk.generalny.demo_.paryz_.28.12.2019-768x512.jpg 768w\" sizes=\"auto, (max-width: 1000px) 100vw, 1000px\" \/><figcaption>Strajkuj\u0105cy w Pary\u017cu.<\/figcaption><\/figure>\n\n\n\n<p><strong>Dzie\u0144 pot\u0119\u017cnych strajk\u00f3w i demonstracji we Francji o\u017cywi\u0142 \nbitw\u0119 przeciwko atakom na emerytury. Ponad 50 dni min\u0119\u0142o od momentu \nrozpocz\u0119cia walki przeciwko atakowi prezydenta Emmanuela Macrona (5 \ngrudnia), a miliony pracownik\u00f3w wci\u0105\u017c s\u0105 gotowe do walki. <\/strong>\n<\/p>\n\n\n\n<p>\n  Si\u00f3dmy dzie\u0144 og\u00f3lnokrajowej akcji 24 stycznia przypad\u0142 na moment, \nkiedy zako\u0144czy\u0142 si\u0119 bezterminowy strajk w systemie komunikacji \npublicznej RATP w Pary\u017cu i na wi\u0119kszo\u015bci linii kolejowych. Pomimo tego \nzar\u00f3wno w RATP, jak i na kolei, wyst\u0105pi\u0142y powa\u017cne zak\u0142\u00f3cenia. \nStrajkuj\u0105cy nauczyciele, pracownicy szpitali, dokerzy, stra\u017cacy i inni \ndo\u0142\u0105czyli do masowych demonstracji. Centrala zwi\u0105zkowa CGT poda\u0142a, \u017ce w \nca\u0142ym kraju w akcjach wzi\u0119\u0142o udzia\u0142 1,3 miliona ludzi. \n<\/p>\n\n\n\n<p>\n  W Pary\u017cu demonstrowa\u0142o pomi\u0119dzy 350 a 400 tys. ludzi. To by\u0107 mo\u017ce \nnajwi\u0119ksza do tej pory manifestacja w walce przeciwko pr\u00f3bie Macrona \nzmuszenia wi\u0119kszo\u015bci ludzi, by pracowali d\u0142u\u017cej za mniejsze emerytury. \n<\/p>\n\n\n\n<p>\n  O\u017cywia\u0142a j\u0105 bojowa determinacja, by pokaza\u0107, \u017ce walka si\u0119 jeszcze nie \nsko\u0144czy\u0142a. W Hawrze, portowym mie\u015bcie na p\u00f3\u0142nocy, pracownicy elektrowni \nod\u0142\u0105czyli pr\u0105d klientom biznesowym w momencie, gdy na ulicach miasta \nzaczyna\u0142a si\u0119 60-tysi\u0119czna demonstracja. Macron skrytykowa\u0142, jak to \nnazwa\u0142, \u201eakty przemocy i radykalizm niekt\u00f3rych taktyk blokady\u201d. Wezwa\u0142 \nr\u00f3wnie\u017c do \u201enajwy\u017cszej stanowczo\u015bci wobec ich sprawc\u00f3w\u201d. \n<\/p>\n\n\n\n<p><strong>Dzie\u0144 akcji<\/strong>\n<\/p>\n\n\n\n<p>\n  Strajkuj\u0105ca nauczycielka Marie m\u00f3wi: \u201eNie mo\u017cemy si\u0119 teraz podda\u0107, \ncho\u0107 niekt\u00f3rzy liderzy zwi\u0105zkowi poddadz\u0105 si\u0119, a inni te\u017c nie b\u0119d\u0105 \nwalczy\u0107 do ko\u0144ca. To wspaniale, \u017ce r\u00f3\u017cni strajkuj\u0105cy \u0142\u0105cz\u0105 si\u0119 \nniezale\u017cnie od przynale\u017cno\u015bci zwi\u0105zkowej. Potrzebujemy tego wi\u0119cej \u2013 \noraz sta\u0142ego czerpania z ducha \u017b\u00f3\u0142tych Kamizelek\u201d. \n<\/p>\n\n\n\n<p>\n  24 stycznia zosta\u0142 wybrany na dzie\u0144 akcji, gdy\u017c tego dnia zmiany w \nemeryturach zosta\u0142y przedstawione w Radzie Pa\u0144stwa. To by\u0142 ostatni krok \nprzed przes\u0142aniem ich do parlamentu 17 lutego. Reprezentuj\u0105ca \nestabliszment Rada Pa\u0144stwa o\u015bwiad- czy\u0142a, \u017ce nie otrzyma\u0142a wystarczaj\u0105co\n du\u017co czasu, by przestudiowa\u0107 ustaw\u0119. \n<\/p>\n\n\n\n<p>\n  Jednak Macron naciska \u2013 tak jak i protestuj\u0105cy. \u201eNasza determinacja \npozostaje niewzruszona\u201d &#8211; powiedzia\u0142 reporterom Yves Veyrier, szef \nzwi\u0105zku Force Ouvri?re przed demonstracj\u0105 w Pary\u017cu. \u201eMamy przed sob\u0105 \ntygodnie i miesi\u0105ce protest\u00f3w\u201d. \n<\/p>\n\n\n\n<p>\n  Akcja zorganizowana pod koniec stycznia przez 4 konfederacje zwi\u0105zkowe\n i 4 zwi\u0105zki studenckie i uczniowskie musi by\u0107 punktem startu dla \nbardziej d\u0142ugotrwa\u0142ych strajk\u00f3w. \n<\/p>\n\n\n\n<p><strong>Pracownicy mno\u017c\u0105 naciski na zwi\u0105zki, by organizowa\u0142y strajki<\/strong>\n<\/p>\n\n\n\n<p>\n  Wida\u0107 zdecydowane \u201eutwardzenie\u201d w\u015br\u00f3d tych, kt\u00f3rzy tworz\u0105 j\u0105dro ruchu,\n a do akcji wkraczaj\u0105 nowe si\u0142y. Studenci uniwersytet\u00f3w, kt\u00f3rzy do tej \npory grali niewielk\u0105 rol\u0119 w walce, teraz zaczynaj\u0105 by\u0107 bardziej \nwidoczni. Nauczyciele i uczniowie \u0142\u0105cz\u0105 r\u00f3wnie\u017c walk\u0119 o emerytury z \nbitw\u0105 przeciwko nowemu systemowi \u201enieustannego testowania\u201d w szko\u0142ach. \nUczniowski bojkot i akcje pracownicze na niekt\u00f3rych terenach spowodowa\u0142y\n odwo\u0142anie egzamin\u00f3w. \n<\/p>\n\n\n\n<p>\n  To wzmocni\u0142o walk\u0119 o emerytury. Grupa szeregowych pracownik\u00f3w, \nstrajkuj\u0105cych na kolei i w RATP, coraz cz\u0119\u015bciej podejmuje niezale\u017cne \ndzia\u0142ania, n\u0119kaj\u0105c ministr\u00f3w i lobbuj\u0105c u przyw\u00f3dc\u00f3w zwi\u0105zkowych.\n<\/p>\n\n\n\n<p>\n  Jednym ze znak\u00f3w politycznego fermentu w\u015br\u00f3d do\u0142\u00f3w zwi\u0105zkowych jest \ndecyzja niekt\u00f3rych cz\u0142onk\u00f3w federacji zwi\u0105zkowej CFDT o podarciu swych \nkart cz\u0142onkowskich. To wyraz ich w\u015bciek\u0142o\u015bci na przyw\u00f3dc\u00f3w, kt\u00f3rzy \nwycofali si\u0119 z walki. \n<\/p>\n\n\n\n<p>\n  Wielkim znakiem zapytania jest to, co nast\u0105pi teraz. 24 stycznia by\u0142 \nsukcesem, ale to nie mo\u017ce by\u0107 jednorazowy epizod. Musz\u0105 za nim pod\u0105\u017cy\u0107 \nbezterminowe strajki. \n<\/p>\n\n\n\n<p style=\"text-align:right\"><strong>Charlie Kimber<\/strong>\n<\/p>\n\n\n\n<p style=\"text-align:right\"><strong>T\u0142umaczy\u0142 Jacek Szyma\u0144ski<\/strong>\n<\/p>\n","protected":false},"excerpt":{"rendered":"<p>Dzie\u0144 pot\u0119\u017cnych strajk\u00f3w i demonstracji we Francji o\u017cywi\u0142 bitw\u0119 przeciwko atakom na emerytury. Ponad 50 dni min\u0119\u0142o od momentu rozpocz\u0119cia walki przeciwko atakowi prezydenta Emmanuela Macrona (5 grudnia), a miliony pracownik\u00f3w wci\u0105\u017c s\u0105 gotowe do walki. Si\u00f3dmy dzie\u0144 og\u00f3lnokrajowej akcji 24 stycznia przypad\u0142 na moment, kiedy zako\u0144czy\u0142 si\u0119 bezterminowy strajk w systemie komunikacji publicznej RATP [&hellip;]<\/p>\n","protected":false},"author":1,"featured_media":6333,"comment_status":"closed","ping_status":"closed","sticky":false,"template":"","format":"standard","meta":{"footnotes":""},"categories":[163],"tags":[97],"class_list":["post-6332","post","type-post","status-publish","format-standard","has-post-thumbnail","hentry","category-gazeta-luty-2020","tag-featured"],"yoast_head":"<!-- This site is optimized with the Yoast SEO plugin v26.7 - https:\/\/yoast.com\/wordpress\/plugins\/seo\/ -->\n<title>Pot\u0119\u017cne strajki we Francji \u2013 \u201eNie mo\u017cemy podda\u0107 si\u0119 Macronowi\u201d - Pracownicza Demokracja<\/title>\n<meta name=\"robots\" content=\"index, follow, max-snippet:-1, max-image-preview:large, max-video-preview:-1\" \/>\n<link rel=\"canonical\" href=\"https:\/\/pracowniczademokracja.org\/?p=6332\" \/>\n<meta property=\"og:locale\" content=\"pl_PL\" \/>\n<meta property=\"og:type\" content=\"article\" \/>\n<meta property=\"og:title\" content=\"Pot\u0119\u017cne strajki we Francji \u2013 \u201eNie mo\u017cemy podda\u0107 si\u0119 Macronowi\u201d - Pracownicza Demokracja\" \/>\n<meta property=\"og:description\" content=\"Dzie\u0144 pot\u0119\u017cnych strajk\u00f3w i demonstracji we Francji o\u017cywi\u0142 bitw\u0119 przeciwko atakom na emerytury. Ponad 50 dni min\u0119\u0142o od momentu rozpocz\u0119cia walki przeciwko atakowi prezydenta Emmanuela Macrona (5 grudnia), a miliony pracownik\u00f3w wci\u0105\u017c s\u0105 gotowe do walki. Si\u00f3dmy dzie\u0144 og\u00f3lnokrajowej akcji 24 stycznia przypad\u0142 na moment, kiedy zako\u0144czy\u0142 si\u0119 bezterminowy strajk w systemie komunikacji publicznej RATP [&hellip;]\" \/>\n<meta property=\"og:url\" content=\"https:\/\/pracowniczademokracja.org\/?p=6332\" \/>\n<meta property=\"og:site_name\" content=\"Pracownicza Demokracja\" \/>\n<meta property=\"article:published_time\" content=\"2020-02-01T22:50:28+00:00\" \/>\n<meta property=\"article:modified_time\" content=\"2020-02-16T23:01:42+00:00\" \/>\n<meta property=\"og:image\" content=\"https:\/\/pracowniczademokracja.org\/wp-content\/uploads\/2020\/02\/strajk.generalny.demo_.paryz_.28.12.2019.jpg\" \/>\n\t<meta property=\"og:image:width\" content=\"1000\" \/>\n\t<meta property=\"og:image:height\" content=\"667\" \/>\n\t<meta property=\"og:image:type\" content=\"image\/jpeg\" \/>\n<meta name=\"author\" content=\".\" \/>\n<meta name=\"twitter:card\" content=\"summary_large_image\" \/>\n<meta name=\"twitter:label1\" content=\"Napisane przez\" \/>\n\t<meta name=\"twitter:data1\" content=\".\" \/>\n\t<meta name=\"twitter:label2\" content=\"Szacowany czas czytania\" \/>\n\t<meta name=\"twitter:data2\" content=\"3 minuty\" \/>\n<script type=\"application\/ld+json\" class=\"yoast-schema-graph\">{\"@context\":\"https:\/\/schema.org\",\"@graph\":[{\"@type\":\"Article\",\"@id\":\"https:\/\/pracowniczademokracja.org\/?p=6332#article\",\"isPartOf\":{\"@id\":\"https:\/\/pracowniczademokracja.org\/?p=6332\"},\"author\":{\"name\":\".\",\"@id\":\"https:\/\/pracowniczademokracja.org\/#\/schema\/person\/111010f0277257eac5a64dace1cd1ad8\"},\"headline\":\"Pot\u0119\u017cne strajki we Francji \u2013 \u201eNie mo\u017cemy podda\u0107 si\u0119 Macronowi\u201d\",\"datePublished\":\"2020-02-01T22:50:28+00:00\",\"dateModified\":\"2020-02-16T23:01:42+00:00\",\"mainEntityOfPage\":{\"@id\":\"https:\/\/pracowniczademokracja.org\/?p=6332\"},\"wordCount\":623,\"image\":{\"@id\":\"https:\/\/pracowniczademokracja.org\/?p=6332#primaryimage\"},\"thumbnailUrl\":\"https:\/\/pracowniczademokracja.org\/wp-content\/uploads\/2020\/02\/strajk.generalny.demo_.paryz_.28.12.2019.jpg\",\"keywords\":[\"Featured\"],\"articleSection\":[\"Gazeta - luty 2020\"],\"inLanguage\":\"pl-PL\"},{\"@type\":\"WebPage\",\"@id\":\"https:\/\/pracowniczademokracja.org\/?p=6332\",\"url\":\"https:\/\/pracowniczademokracja.org\/?p=6332\",\"name\":\"Pot\u0119\u017cne strajki we Francji \u2013 \u201eNie mo\u017cemy podda\u0107 si\u0119 Macronowi\u201d - Pracownicza Demokracja\",\"isPartOf\":{\"@id\":\"https:\/\/pracowniczademokracja.org\/#website\"},\"primaryImageOfPage\":{\"@id\":\"https:\/\/pracowniczademokracja.org\/?p=6332#primaryimage\"},\"image\":{\"@id\":\"https:\/\/pracowniczademokracja.org\/?p=6332#primaryimage\"},\"thumbnailUrl\":\"https:\/\/pracowniczademokracja.org\/wp-content\/uploads\/2020\/02\/strajk.generalny.demo_.paryz_.28.12.2019.jpg\",\"datePublished\":\"2020-02-01T22:50:28+00:00\",\"dateModified\":\"2020-02-16T23:01:42+00:00\",\"author\":{\"@id\":\"https:\/\/pracowniczademokracja.org\/#\/schema\/person\/111010f0277257eac5a64dace1cd1ad8\"},\"breadcrumb\":{\"@id\":\"https:\/\/pracowniczademokracja.org\/?p=6332#breadcrumb\"},\"inLanguage\":\"pl-PL\",\"potentialAction\":[{\"@type\":\"ReadAction\",\"target\":[\"https:\/\/pracowniczademokracja.org\/?p=6332\"]}]},{\"@type\":\"ImageObject\",\"inLanguage\":\"pl-PL\",\"@id\":\"https:\/\/pracowniczademokracja.org\/?p=6332#primaryimage\",\"url\":\"https:\/\/pracowniczademokracja.org\/wp-content\/uploads\/2020\/02\/strajk.generalny.demo_.paryz_.28.12.2019.jpg\",\"contentUrl\":\"https:\/\/pracowniczademokracja.org\/wp-content\/uploads\/2020\/02\/strajk.generalny.demo_.paryz_.28.12.2019.jpg\",\"width\":1000,\"height\":667},{\"@type\":\"BreadcrumbList\",\"@id\":\"https:\/\/pracowniczademokracja.org\/?p=6332#breadcrumb\",\"itemListElement\":[{\"@type\":\"ListItem\",\"position\":1,\"name\":\"Strona g\u0142\u00f3wna\",\"item\":\"https:\/\/pracowniczademokracja.org\/\"},{\"@type\":\"ListItem\",\"position\":2,\"name\":\"Pot\u0119\u017cne strajki we Francji \u2013 \u201eNie mo\u017cemy podda\u0107 si\u0119 Macronowi\u201d\"}]},{\"@type\":\"WebSite\",\"@id\":\"https:\/\/pracowniczademokracja.org\/#website\",\"url\":\"https:\/\/pracowniczademokracja.org\/\",\"name\":\"Pracownicza Demokracja\",\"description\":\"\",\"potentialAction\":[{\"@type\":\"SearchAction\",\"target\":{\"@type\":\"EntryPoint\",\"urlTemplate\":\"https:\/\/pracowniczademokracja.org\/?s={search_term_string}\"},\"query-input\":{\"@type\":\"PropertyValueSpecification\",\"valueRequired\":true,\"valueName\":\"search_term_string\"}}],\"inLanguage\":\"pl-PL\"},{\"@type\":\"Person\",\"@id\":\"https:\/\/pracowniczademokracja.org\/#\/schema\/person\/111010f0277257eac5a64dace1cd1ad8\",\"name\":\".\",\"url\":\"https:\/\/pracowniczademokracja.org\/?author=1\"}]}<\/script>\n<!-- \/ Yoast SEO plugin. -->","yoast_head_json":{"title":"Pot\u0119\u017cne strajki we Francji \u2013 \u201eNie mo\u017cemy podda\u0107 si\u0119 Macronowi\u201d - Pracownicza Demokracja","robots":{"index":"index","follow":"follow","max-snippet":"max-snippet:-1","max-image-preview":"max-image-preview:large","max-video-preview":"max-video-preview:-1"},"canonical":"https:\/\/pracowniczademokracja.org\/?p=6332","og_locale":"pl_PL","og_type":"article","og_title":"Pot\u0119\u017cne strajki we Francji \u2013 \u201eNie mo\u017cemy podda\u0107 si\u0119 Macronowi\u201d - Pracownicza Demokracja","og_description":"Dzie\u0144 pot\u0119\u017cnych strajk\u00f3w i demonstracji we Francji o\u017cywi\u0142 bitw\u0119 przeciwko atakom na emerytury. Ponad 50 dni min\u0119\u0142o od momentu rozpocz\u0119cia walki przeciwko atakowi prezydenta Emmanuela Macrona (5 grudnia), a miliony pracownik\u00f3w wci\u0105\u017c s\u0105 gotowe do walki. Si\u00f3dmy dzie\u0144 og\u00f3lnokrajowej akcji 24 stycznia przypad\u0142 na moment, kiedy zako\u0144czy\u0142 si\u0119 bezterminowy strajk w systemie komunikacji publicznej RATP [&hellip;]","og_url":"https:\/\/pracowniczademokracja.org\/?p=6332","og_site_name":"Pracownicza Demokracja","article_published_time":"2020-02-01T22:50:28+00:00","article_modified_time":"2020-02-16T23:01:42+00:00","og_image":[{"width":1000,"height":667,"url":"https:\/\/pracowniczademokracja.org\/wp-content\/uploads\/2020\/02\/strajk.generalny.demo_.paryz_.28.12.2019.jpg","type":"image\/jpeg"}],"author":".","twitter_card":"summary_large_image","twitter_misc":{"Napisane przez":".","Szacowany czas czytania":"3 minuty"},"schema":{"@context":"https:\/\/schema.org","@graph":[{"@type":"Article","@id":"https:\/\/pracowniczademokracja.org\/?p=6332#article","isPartOf":{"@id":"https:\/\/pracowniczademokracja.org\/?p=6332"},"author":{"name":".","@id":"https:\/\/pracowniczademokracja.org\/#\/schema\/person\/111010f0277257eac5a64dace1cd1ad8"},"headline":"Pot\u0119\u017cne strajki we Francji \u2013 \u201eNie mo\u017cemy podda\u0107 si\u0119 Macronowi\u201d","datePublished":"2020-02-01T22:50:28+00:00","dateModified":"2020-02-16T23:01:42+00:00","mainEntityOfPage":{"@id":"https:\/\/pracowniczademokracja.org\/?p=6332"},"wordCount":623,"image":{"@id":"https:\/\/pracowniczademokracja.org\/?p=6332#primaryimage"},"thumbnailUrl":"https:\/\/pracowniczademokracja.org\/wp-content\/uploads\/2020\/02\/strajk.generalny.demo_.paryz_.28.12.2019.jpg","keywords":["Featured"],"articleSection":["Gazeta - luty 2020"],"inLanguage":"pl-PL"},{"@type":"WebPage","@id":"https:\/\/pracowniczademokracja.org\/?p=6332","url":"https:\/\/pracowniczademokracja.org\/?p=6332","name":"Pot\u0119\u017cne strajki we Francji \u2013 \u201eNie mo\u017cemy podda\u0107 si\u0119 Macronowi\u201d - Pracownicza Demokracja","isPartOf":{"@id":"https:\/\/pracowniczademokracja.org\/#website"},"primaryImageOfPage":{"@id":"https:\/\/pracowniczademokracja.org\/?p=6332#primaryimage"},"image":{"@id":"https:\/\/pracowniczademokracja.org\/?p=6332#primaryimage"},"thumbnailUrl":"https:\/\/pracowniczademokracja.org\/wp-content\/uploads\/2020\/02\/strajk.generalny.demo_.paryz_.28.12.2019.jpg","datePublished":"2020-02-01T22:50:28+00:00","dateModified":"2020-02-16T23:01:42+00:00","author":{"@id":"https:\/\/pracowniczademokracja.org\/#\/schema\/person\/111010f0277257eac5a64dace1cd1ad8"},"breadcrumb":{"@id":"https:\/\/pracowniczademokracja.org\/?p=6332#breadcrumb"},"inLanguage":"pl-PL","potentialAction":[{"@type":"ReadAction","target":["https:\/\/pracowniczademokracja.org\/?p=6332"]}]},{"@type":"ImageObject","inLanguage":"pl-PL","@id":"https:\/\/pracowniczademokracja.org\/?p=6332#primaryimage","url":"https:\/\/pracowniczademokracja.org\/wp-content\/uploads\/2020\/02\/strajk.generalny.demo_.paryz_.28.12.2019.jpg","contentUrl":"https:\/\/pracowniczademokracja.org\/wp-content\/uploads\/2020\/02\/strajk.generalny.demo_.paryz_.28.12.2019.jpg","width":1000,"height":667},{"@type":"BreadcrumbList","@id":"https:\/\/pracowniczademokracja.org\/?p=6332#breadcrumb","itemListElement":[{"@type":"ListItem","position":1,"name":"Strona g\u0142\u00f3wna","item":"https:\/\/pracowniczademokracja.org\/"},{"@type":"ListItem","position":2,"name":"Pot\u0119\u017cne strajki we Francji \u2013 \u201eNie mo\u017cemy podda\u0107 si\u0119 Macronowi\u201d"}]},{"@type":"WebSite","@id":"https:\/\/pracowniczademokracja.org\/#website","url":"https:\/\/pracowniczademokracja.org\/","name":"Pracownicza Demokracja","description":"","potentialAction":[{"@type":"SearchAction","target":{"@type":"EntryPoint","urlTemplate":"https:\/\/pracowniczademokracja.org\/?s={search_term_string}"},"query-input":{"@type":"PropertyValueSpecification","valueRequired":true,"valueName":"search_term_string"}}],"inLanguage":"pl-PL"},{"@type":"Person","@id":"https:\/\/pracowniczademokracja.org\/#\/schema\/person\/111010f0277257eac5a64dace1cd1ad8","name":".","url":"https:\/\/pracowniczademokracja.org\/?author=1"}]}},"_links":{"self":[{"href":"https:\/\/pracowniczademokracja.org\/index.php?rest_route=\/wp\/v2\/posts\/6332","targetHints":{"allow":["GET"]}}],"collection":[{"href":"https:\/\/pracowniczademokracja.org\/index.php?rest_route=\/wp\/v2\/posts"}],"about":[{"href":"https:\/\/pracowniczademokracja.org\/index.php?rest_route=\/wp\/v2\/types\/post"}],"author":[{"embeddable":true,"href":"https:\/\/pracowniczademokracja.org\/index.php?rest_route=\/wp\/v2\/users\/1"}],"replies":[{"embeddable":true,"href":"https:\/\/pracowniczademokracja.org\/index.php?rest_route=%2Fwp%2Fv2%2Fcomments&post=6332"}],"version-history":[{"count":1,"href":"https:\/\/pracowniczademokracja.org\/index.php?rest_route=\/wp\/v2\/posts\/6332\/revisions"}],"predecessor-version":[{"id":6334,"href":"https:\/\/pracowniczademokracja.org\/index.php?rest_route=\/wp\/v2\/posts\/6332\/revisions\/6334"}],"wp:featuredmedia":[{"embeddable":true,"href":"https:\/\/pracowniczademokracja.org\/index.php?rest_route=\/wp\/v2\/media\/6333"}],"wp:attachment":[{"href":"https:\/\/pracowniczademokracja.org\/index.php?rest_route=%2Fwp%2Fv2%2Fmedia&parent=6332"}],"wp:term":[{"taxonomy":"category","embeddable":true,"href":"https:\/\/pracowniczademokracja.org\/index.php?rest_route=%2Fwp%2Fv2%2Fcategories&post=6332"},{"taxonomy":"post_tag","embeddable":true,"href":"https:\/\/pracowniczademokracja.org\/index.php?rest_route=%2Fwp%2Fv2%2Ftags&post=6332"}],"curies":[{"name":"wp","href":"https:\/\/api.w.org\/{rel}","templated":true}]}}