{"id":6329,"date":"2020-02-01T23:53:08","date_gmt":"2020-02-01T22:53:08","guid":{"rendered":"http:\/\/pracowniczademokracja.org\/?p=6329"},"modified":"2020-02-16T23:56:13","modified_gmt":"2020-02-16T22:56:13","slug":"ogromny-strajk-w-indiach-poteznym-ciosem-w-nacjonalistyczny-rzad","status":"publish","type":"post","link":"https:\/\/pracowniczademokracja.org\/?p=6329","title":{"rendered":"Ogromny strajk w Indiach pot\u0119\u017cnym ciosem w nacjonalistyczny rz\u0105d"},"content":{"rendered":"\n<figure class=\"wp-block-image\"><img loading=\"lazy\" decoding=\"async\" width=\"1024\" height=\"576\" src=\"http:\/\/pracowniczademokracja.org\/wp-content\/uploads\/2020\/02\/strajk.generalny.indie_.08.01.2020-1024x576.jpg\" alt=\"08.01.20 Ahmadabad. Strajkuj\u0105ce kobiety.\" class=\"wp-image-6330\" srcset=\"https:\/\/pracowniczademokracja.org\/wp-content\/uploads\/2020\/02\/strajk.generalny.indie_.08.01.2020-1024x576.jpg 1024w, https:\/\/pracowniczademokracja.org\/wp-content\/uploads\/2020\/02\/strajk.generalny.indie_.08.01.2020-150x84.jpg 150w, https:\/\/pracowniczademokracja.org\/wp-content\/uploads\/2020\/02\/strajk.generalny.indie_.08.01.2020-300x169.jpg 300w, https:\/\/pracowniczademokracja.org\/wp-content\/uploads\/2020\/02\/strajk.generalny.indie_.08.01.2020-768x432.jpg 768w, https:\/\/pracowniczademokracja.org\/wp-content\/uploads\/2020\/02\/strajk.generalny.indie_.08.01.2020.jpg 1366w\" sizes=\"auto, (max-width: 1024px) 100vw, 1024px\" \/><figcaption>08.01.20 Ahmadabad. Strajkuj\u0105ce kobiety.<\/figcaption><\/figure>\n\n\n\n<p><strong>Miliony pracownik\u00f3w w Indiach przeprowadzi\u0142y 8 stycznia \njednodniowy strajk przeciwko nacjonalistycznemu rz\u0105dowi Narendry \nModiego. Niekt\u00f3re zwi\u0105zki twierdz\u0105, \u017ce wzi\u0119\u0142o w nim udzia\u0142 250 milion\u00f3w \nludzi \u2013 prawie jedna pi\u0105ta ca\u0142ej populacji. <\/strong>\n<\/p>\n\n\n\n<p>\n  Po wyborach wiosn\u0105 zesz\u0142ego roku Indyjska Partia Ludowa (BJP) cieszy\u0142a\n si\u0119 du\u017c\u0105 popularno\u015bci\u0105. Osi\u0105gn\u0119\u0142a ona tak przyt\u0142aczaj\u0105ce zwyci\u0119stwo w \nparlamencie, \u017ce wielu na lewicy my\u015bla\u0142o, i\u017c \u017cadna opozycja nie jest \nmo\u017cliwa. Jednak strajki, w po\u0142\u0105czeniu z ogromnym ruchem protestu \nprzeciwko lansowanej przez Modiego anty- islamskiej ustawie o \nobywatelstwie, jak r\u00f3wnie\u017c narastaj\u0105c\u0105 rewolt\u0105 studenck\u0105, pokaza\u0142y, \u017ce \nwalka z prawic\u0105 jest mo\u017cliwa. \n<\/p>\n\n\n\n<p>\n  Strajki zatrzyma\u0142y koleje i autobusy, oraz zamkn\u0119\u0142y r\u00f3\u017cne firmy od \nbank\u00f3w do kopalni w\u0119gla.  Wiele stan\u00f3w donosi\u0142o o ca\u0142kowitym zamkni\u0119ciu \nmiasteczek i centr\u00f3w du\u017cych miast. W Bengalu Zachodnim strajkuj\u0105cy \ntoczyli walki z policj\u0105 pal\u0105c autobusy, pr\u00f3buj\u0105ce przejecha\u0107 przez \npikiety strajkowe. Jednocze\u015bnie blokowano tory kolejowe, by uniemo\u017cliwi\u0107\n podr\u00f3\u017c do centr\u00f3w miast. W Thiruvananthapuram, stolicy po\u0142udniowego \nstanu Kerala, ulice by\u0142y wype\u0142nione strajkuj\u0105cymi pracownikami nios\u0105cymi\n czerwone flagi. \n<\/p>\n\n\n\n<p>\n  W po\u0142udniowym stanie Andhra Pradesh policja aresztowa\u0142a lider\u00f3w partii\n lewicowych i zwi\u0105zk\u00f3w zawodowych, pr\u00f3buj\u0105cych blokowa\u0107 drog\u0119, by \nzatrzyma\u0107 nale\u017c\u0105ce do pa\u0144stwa autobusy. Studenci i nauczyciele na \nUniwersytecie Pend\u017cab w Patiali zablokowali sw\u00f3j kampus, podczas gdy \nruch na otaczaj\u0105cych go ulicach stan\u0105\u0142 w korku z powodu strajku. \n<\/p>\n\n\n\n<p>\n  Zwi\u0105zki zawodowe podj\u0119\u0142y akcj\u0119 z zwi\u0105zku z szeregiem problem\u00f3w \ngospodarczych, w tym z p\u0142acami, emeryturami i prywatyzacj\u0105. Gwa\u0142towne \nspowolnienie wzrostu gospodarczego doprowadzi\u0142o do szybkiego wzrostu \nbezrobocia, szczeg\u00f3lnie w\u015br\u00f3d absolwent\u00f3w studi\u00f3w. Jednocze\u015bnie \npropozycja prywatyzacji pa\u0144stwowych linii lotniczych, bank\u00f3w, elektrowni\n i kopal\u0144 uczyni\u0142a realnym widmo masowych zwolnie\u0144 milion\u00f3w ludzi. \nCiesz\u0105c si\u0119 popularno\u015bci\u0105 w\u015br\u00f3d pracownik\u00f3w, strajk przyci\u0105gn\u0105\u0142 r\u00f3wnie\u017c \nrolnik\u00f3w i student\u00f3w. Narastaj\u0105cy kryzys w rolnictwie doprowadzi\u0142 w 2019\n r. do tysi\u0119cy samob\u00f3jstw w\u015br\u00f3d rolnik\u00f3w. Obci\u0119cie dop\u0142at do paliwa oraz\n rosn\u0105ce ceny nawoz\u00f3w i pestycyd\u00f3w sprawi\u0142y, \u017ce utrzymanie si\u0119 z \ndrobnych gospodarstw rolnych sta\u0142o si\u0119 prawie niemo\u017cliwe. Gdy wok\u00f3\u0142 \nubogich zaciska si\u0119 p\u0119tla d\u0142ugu i okrutnych w\u0142a\u015bcicieli, wielu zostaje \npopchni\u0119tych do zabicia siebie i swoich rodzin. \n<\/p>\n\n\n\n<p>\n  \u015arodowiskiem student\u00f3w r\u00f3wnie\u017c wstrz\u0105sn\u0119\u0142a fala atak\u00f3w. W po\u0142owie \nstycznia gang prawicowych bandzior\u00f3w w\u0142ama\u0142 si\u0119 do presti\u017cowego \nuniwersytetu im. Jawaharlala Nehru w New Delhi i zaatakowa\u0142 student\u00f3w \nznanych z popierania radykalnej lewicy. Gdy zbiry zacz\u0119\u0142y bi\u0107 \nbezbronnych student\u00f3w \u017celaznymi pr\u0119tami, policja Modiego sta\u0142a opodal i \nprzygl\u0105da\u0142a si\u0119. Wkroczy\u0142a do akcji p\u00f3\u017aniej \u2013 tylko po to, by aresztowa\u0107\n niekt\u00f3re z ofiar. Nagrania wideo z ataku wywo\u0142a\u0142y fal\u0119 oburzenia w \nca\u0142ych Indiach. Prawica i policja zosta\u0142y zmuszone do spreparowania \nszeregu kiepsko zmy\u015blonych historii, maj\u0105cych wyja\u015bni\u0107 co si\u0119 sta\u0142o. \n<\/p>\n\n\n\n<p>\n  Zwi\u0105zki koordynuj\u0105ce strajki doda\u0142y do swoich list z \u017c\u0105daniami \npostulat przyznania wsparcia rannych student\u00f3w. Co wa\u017cne, po\u0142\u0105czy\u0142y one \nswoje strajki z kampani\u0105 przeciw forsowanym przez Modiego antyislamskim \nprawom. To niezwykle istotny fakt. Muzu\u0142manie s\u0105 obiektem nieustaj\u0105cych \natak\u00f3w, od kiedy w grudniu zesz\u0142ego roku przyj\u0119to dyskryminuj\u0105c\u0105 ustaw\u0119 o\n obywatelstwie. W odpowiedzi na nowe prawo wybuch\u0142 szeroki ruch \nprotestu. W Uttar Pradesh, najbardziej muzu\u0142ma\u0144skim stanie Indii, \npolicja zachowuje si\u0119 tak, jakby zosta\u0142a spuszczona z \u0142a\u0144cucha. Bije ona\n i wtr\u0105ca do wi\u0119zienia nawet nastolatki, o\u015bmielaj\u0105ce si\u0119 krzycze\u0107 w \nsprzeciwie: \u201eNie b\u0119dziemy pokazywa\u0107 naszych dokument\u00f3w!\u201d\n<\/p>\n\n\n\n<p>\n  Ogromne poparcie dla strajku pokaza\u0142o potencja\u0142 w \u0142\u0105czeniu wielu \nproblem\u00f3w w jeden ruch przeciwko Modiemu. Wybory z zesz\u0142ego roku \npokaza\u0142y, jak\u0105 pomy\u0142k\u0105 by\u0142o zwlekanie z dzia\u0142aniem i wyczekiwanie na \nparlamentarn\u0105 lewic\u0119 czy libera\u0142\u00f3w z Partii Kongresowej. \n<\/p>\n\n\n\n<p>\n  Indyjskie zwi\u0105zki zawodowe maj\u0105 w zwyczaju zwo\u0142ywa\u0107 z powodzeniem \njedno- lub dwu-dniowe strajki, a nast\u0119pnie opuszcza\u0107 pole bitwy w \nnadziei, \u017ce nowy rz\u0105d przyjdzie im na ratunek. Stawka jest teraz zbyt \nwysoka na tego rodzaju manewry. \n<\/p>\n\n\n\n<p style=\"text-align:right\"><strong>T\u0142umaczy\u0142 Jacek Szyma\u0144ski<\/strong>\n<\/p>\n\n\n\n<p><em>Artyku\u0142 ukaza\u0142 si\u0119 w brytyjskim tygodniku <\/em>Socialist Worker. <\/p>\n","protected":false},"excerpt":{"rendered":"<p>Miliony pracownik\u00f3w w Indiach przeprowadzi\u0142y 8 stycznia jednodniowy strajk przeciwko nacjonalistycznemu rz\u0105dowi Narendry Modiego. Niekt\u00f3re zwi\u0105zki twierdz\u0105, \u017ce wzi\u0119\u0142o w nim udzia\u0142 250 milion\u00f3w ludzi \u2013 prawie jedna pi\u0105ta ca\u0142ej populacji. Po wyborach wiosn\u0105 zesz\u0142ego roku Indyjska Partia Ludowa (BJP) cieszy\u0142a si\u0119 du\u017c\u0105 popularno\u015bci\u0105. Osi\u0105gn\u0119\u0142a ona tak przyt\u0142aczaj\u0105ce zwyci\u0119stwo w parlamencie, \u017ce wielu na lewicy [&hellip;]<\/p>\n","protected":false},"author":1,"featured_media":6330,"comment_status":"closed","ping_status":"closed","sticky":false,"template":"","format":"standard","meta":{"footnotes":""},"categories":[163],"tags":[97],"class_list":["post-6329","post","type-post","status-publish","format-standard","has-post-thumbnail","hentry","category-gazeta-luty-2020","tag-featured"],"yoast_head":"<!-- This site is optimized with the Yoast SEO plugin v26.7 - https:\/\/yoast.com\/wordpress\/plugins\/seo\/ -->\n<title>Ogromny strajk w Indiach pot\u0119\u017cnym ciosem w nacjonalistyczny rz\u0105d - Pracownicza Demokracja<\/title>\n<meta name=\"robots\" content=\"index, follow, max-snippet:-1, max-image-preview:large, max-video-preview:-1\" \/>\n<link rel=\"canonical\" href=\"https:\/\/pracowniczademokracja.org\/?p=6329\" \/>\n<meta property=\"og:locale\" content=\"pl_PL\" \/>\n<meta property=\"og:type\" content=\"article\" \/>\n<meta property=\"og:title\" content=\"Ogromny strajk w Indiach pot\u0119\u017cnym ciosem w nacjonalistyczny rz\u0105d - Pracownicza Demokracja\" \/>\n<meta property=\"og:description\" content=\"Miliony pracownik\u00f3w w Indiach przeprowadzi\u0142y 8 stycznia jednodniowy strajk przeciwko nacjonalistycznemu rz\u0105dowi Narendry Modiego. Niekt\u00f3re zwi\u0105zki twierdz\u0105, \u017ce wzi\u0119\u0142o w nim udzia\u0142 250 milion\u00f3w ludzi \u2013 prawie jedna pi\u0105ta ca\u0142ej populacji. Po wyborach wiosn\u0105 zesz\u0142ego roku Indyjska Partia Ludowa (BJP) cieszy\u0142a si\u0119 du\u017c\u0105 popularno\u015bci\u0105. Osi\u0105gn\u0119\u0142a ona tak przyt\u0142aczaj\u0105ce zwyci\u0119stwo w parlamencie, \u017ce wielu na lewicy [&hellip;]\" \/>\n<meta property=\"og:url\" content=\"https:\/\/pracowniczademokracja.org\/?p=6329\" \/>\n<meta property=\"og:site_name\" content=\"Pracownicza Demokracja\" \/>\n<meta property=\"article:published_time\" content=\"2020-02-01T22:53:08+00:00\" \/>\n<meta property=\"article:modified_time\" content=\"2020-02-16T22:56:13+00:00\" \/>\n<meta property=\"og:image\" content=\"https:\/\/pracowniczademokracja.org\/wp-content\/uploads\/2020\/02\/strajk.generalny.indie_.08.01.2020.jpg\" \/>\n\t<meta property=\"og:image:width\" content=\"1366\" \/>\n\t<meta property=\"og:image:height\" content=\"768\" \/>\n\t<meta property=\"og:image:type\" content=\"image\/jpeg\" \/>\n<meta name=\"author\" content=\".\" \/>\n<meta name=\"twitter:card\" content=\"summary_large_image\" \/>\n<meta name=\"twitter:label1\" content=\"Napisane przez\" \/>\n\t<meta name=\"twitter:data1\" content=\".\" \/>\n\t<meta name=\"twitter:label2\" content=\"Szacowany czas czytania\" \/>\n\t<meta name=\"twitter:data2\" content=\"4 minuty\" \/>\n<script type=\"application\/ld+json\" class=\"yoast-schema-graph\">{\"@context\":\"https:\/\/schema.org\",\"@graph\":[{\"@type\":\"Article\",\"@id\":\"https:\/\/pracowniczademokracja.org\/?p=6329#article\",\"isPartOf\":{\"@id\":\"https:\/\/pracowniczademokracja.org\/?p=6329\"},\"author\":{\"name\":\".\",\"@id\":\"https:\/\/pracowniczademokracja.org\/#\/schema\/person\/111010f0277257eac5a64dace1cd1ad8\"},\"headline\":\"Ogromny strajk w Indiach pot\u0119\u017cnym ciosem w nacjonalistyczny rz\u0105d\",\"datePublished\":\"2020-02-01T22:53:08+00:00\",\"dateModified\":\"2020-02-16T22:56:13+00:00\",\"mainEntityOfPage\":{\"@id\":\"https:\/\/pracowniczademokracja.org\/?p=6329\"},\"wordCount\":751,\"image\":{\"@id\":\"https:\/\/pracowniczademokracja.org\/?p=6329#primaryimage\"},\"thumbnailUrl\":\"https:\/\/pracowniczademokracja.org\/wp-content\/uploads\/2020\/02\/strajk.generalny.indie_.08.01.2020.jpg\",\"keywords\":[\"Featured\"],\"articleSection\":[\"Gazeta - luty 2020\"],\"inLanguage\":\"pl-PL\"},{\"@type\":\"WebPage\",\"@id\":\"https:\/\/pracowniczademokracja.org\/?p=6329\",\"url\":\"https:\/\/pracowniczademokracja.org\/?p=6329\",\"name\":\"Ogromny strajk w Indiach pot\u0119\u017cnym ciosem w nacjonalistyczny rz\u0105d - Pracownicza Demokracja\",\"isPartOf\":{\"@id\":\"https:\/\/pracowniczademokracja.org\/#website\"},\"primaryImageOfPage\":{\"@id\":\"https:\/\/pracowniczademokracja.org\/?p=6329#primaryimage\"},\"image\":{\"@id\":\"https:\/\/pracowniczademokracja.org\/?p=6329#primaryimage\"},\"thumbnailUrl\":\"https:\/\/pracowniczademokracja.org\/wp-content\/uploads\/2020\/02\/strajk.generalny.indie_.08.01.2020.jpg\",\"datePublished\":\"2020-02-01T22:53:08+00:00\",\"dateModified\":\"2020-02-16T22:56:13+00:00\",\"author\":{\"@id\":\"https:\/\/pracowniczademokracja.org\/#\/schema\/person\/111010f0277257eac5a64dace1cd1ad8\"},\"breadcrumb\":{\"@id\":\"https:\/\/pracowniczademokracja.org\/?p=6329#breadcrumb\"},\"inLanguage\":\"pl-PL\",\"potentialAction\":[{\"@type\":\"ReadAction\",\"target\":[\"https:\/\/pracowniczademokracja.org\/?p=6329\"]}]},{\"@type\":\"ImageObject\",\"inLanguage\":\"pl-PL\",\"@id\":\"https:\/\/pracowniczademokracja.org\/?p=6329#primaryimage\",\"url\":\"https:\/\/pracowniczademokracja.org\/wp-content\/uploads\/2020\/02\/strajk.generalny.indie_.08.01.2020.jpg\",\"contentUrl\":\"https:\/\/pracowniczademokracja.org\/wp-content\/uploads\/2020\/02\/strajk.generalny.indie_.08.01.2020.jpg\",\"width\":1366,\"height\":768,\"caption\":\"Members of various trade unions shout slogans during a general strike called by various trade unions in Ahmadabad, India, Wednesday, Jan. 8, 2020. Trade unions have called for a country-wide strike Wednesday to protest against what they call the \\\"anti-workers and anti-people\\\" policies of the government led by Prime Minister Narendra Modi. (AP Photo\/Ajit Solanki)\"},{\"@type\":\"BreadcrumbList\",\"@id\":\"https:\/\/pracowniczademokracja.org\/?p=6329#breadcrumb\",\"itemListElement\":[{\"@type\":\"ListItem\",\"position\":1,\"name\":\"Strona g\u0142\u00f3wna\",\"item\":\"https:\/\/pracowniczademokracja.org\/\"},{\"@type\":\"ListItem\",\"position\":2,\"name\":\"Ogromny strajk w Indiach pot\u0119\u017cnym ciosem w nacjonalistyczny rz\u0105d\"}]},{\"@type\":\"WebSite\",\"@id\":\"https:\/\/pracowniczademokracja.org\/#website\",\"url\":\"https:\/\/pracowniczademokracja.org\/\",\"name\":\"Pracownicza Demokracja\",\"description\":\"\",\"potentialAction\":[{\"@type\":\"SearchAction\",\"target\":{\"@type\":\"EntryPoint\",\"urlTemplate\":\"https:\/\/pracowniczademokracja.org\/?s={search_term_string}\"},\"query-input\":{\"@type\":\"PropertyValueSpecification\",\"valueRequired\":true,\"valueName\":\"search_term_string\"}}],\"inLanguage\":\"pl-PL\"},{\"@type\":\"Person\",\"@id\":\"https:\/\/pracowniczademokracja.org\/#\/schema\/person\/111010f0277257eac5a64dace1cd1ad8\",\"name\":\".\",\"url\":\"https:\/\/pracowniczademokracja.org\/?author=1\"}]}<\/script>\n<!-- \/ Yoast SEO plugin. -->","yoast_head_json":{"title":"Ogromny strajk w Indiach pot\u0119\u017cnym ciosem w nacjonalistyczny rz\u0105d - Pracownicza Demokracja","robots":{"index":"index","follow":"follow","max-snippet":"max-snippet:-1","max-image-preview":"max-image-preview:large","max-video-preview":"max-video-preview:-1"},"canonical":"https:\/\/pracowniczademokracja.org\/?p=6329","og_locale":"pl_PL","og_type":"article","og_title":"Ogromny strajk w Indiach pot\u0119\u017cnym ciosem w nacjonalistyczny rz\u0105d - Pracownicza Demokracja","og_description":"Miliony pracownik\u00f3w w Indiach przeprowadzi\u0142y 8 stycznia jednodniowy strajk przeciwko nacjonalistycznemu rz\u0105dowi Narendry Modiego. Niekt\u00f3re zwi\u0105zki twierdz\u0105, \u017ce wzi\u0119\u0142o w nim udzia\u0142 250 milion\u00f3w ludzi \u2013 prawie jedna pi\u0105ta ca\u0142ej populacji. Po wyborach wiosn\u0105 zesz\u0142ego roku Indyjska Partia Ludowa (BJP) cieszy\u0142a si\u0119 du\u017c\u0105 popularno\u015bci\u0105. Osi\u0105gn\u0119\u0142a ona tak przyt\u0142aczaj\u0105ce zwyci\u0119stwo w parlamencie, \u017ce wielu na lewicy [&hellip;]","og_url":"https:\/\/pracowniczademokracja.org\/?p=6329","og_site_name":"Pracownicza Demokracja","article_published_time":"2020-02-01T22:53:08+00:00","article_modified_time":"2020-02-16T22:56:13+00:00","og_image":[{"width":1366,"height":768,"url":"https:\/\/pracowniczademokracja.org\/wp-content\/uploads\/2020\/02\/strajk.generalny.indie_.08.01.2020.jpg","type":"image\/jpeg"}],"author":".","twitter_card":"summary_large_image","twitter_misc":{"Napisane przez":".","Szacowany czas czytania":"4 minuty"},"schema":{"@context":"https:\/\/schema.org","@graph":[{"@type":"Article","@id":"https:\/\/pracowniczademokracja.org\/?p=6329#article","isPartOf":{"@id":"https:\/\/pracowniczademokracja.org\/?p=6329"},"author":{"name":".","@id":"https:\/\/pracowniczademokracja.org\/#\/schema\/person\/111010f0277257eac5a64dace1cd1ad8"},"headline":"Ogromny strajk w Indiach pot\u0119\u017cnym ciosem w nacjonalistyczny rz\u0105d","datePublished":"2020-02-01T22:53:08+00:00","dateModified":"2020-02-16T22:56:13+00:00","mainEntityOfPage":{"@id":"https:\/\/pracowniczademokracja.org\/?p=6329"},"wordCount":751,"image":{"@id":"https:\/\/pracowniczademokracja.org\/?p=6329#primaryimage"},"thumbnailUrl":"https:\/\/pracowniczademokracja.org\/wp-content\/uploads\/2020\/02\/strajk.generalny.indie_.08.01.2020.jpg","keywords":["Featured"],"articleSection":["Gazeta - luty 2020"],"inLanguage":"pl-PL"},{"@type":"WebPage","@id":"https:\/\/pracowniczademokracja.org\/?p=6329","url":"https:\/\/pracowniczademokracja.org\/?p=6329","name":"Ogromny strajk w Indiach pot\u0119\u017cnym ciosem w nacjonalistyczny rz\u0105d - Pracownicza Demokracja","isPartOf":{"@id":"https:\/\/pracowniczademokracja.org\/#website"},"primaryImageOfPage":{"@id":"https:\/\/pracowniczademokracja.org\/?p=6329#primaryimage"},"image":{"@id":"https:\/\/pracowniczademokracja.org\/?p=6329#primaryimage"},"thumbnailUrl":"https:\/\/pracowniczademokracja.org\/wp-content\/uploads\/2020\/02\/strajk.generalny.indie_.08.01.2020.jpg","datePublished":"2020-02-01T22:53:08+00:00","dateModified":"2020-02-16T22:56:13+00:00","author":{"@id":"https:\/\/pracowniczademokracja.org\/#\/schema\/person\/111010f0277257eac5a64dace1cd1ad8"},"breadcrumb":{"@id":"https:\/\/pracowniczademokracja.org\/?p=6329#breadcrumb"},"inLanguage":"pl-PL","potentialAction":[{"@type":"ReadAction","target":["https:\/\/pracowniczademokracja.org\/?p=6329"]}]},{"@type":"ImageObject","inLanguage":"pl-PL","@id":"https:\/\/pracowniczademokracja.org\/?p=6329#primaryimage","url":"https:\/\/pracowniczademokracja.org\/wp-content\/uploads\/2020\/02\/strajk.generalny.indie_.08.01.2020.jpg","contentUrl":"https:\/\/pracowniczademokracja.org\/wp-content\/uploads\/2020\/02\/strajk.generalny.indie_.08.01.2020.jpg","width":1366,"height":768,"caption":"Members of various trade unions shout slogans during a general strike called by various trade unions in Ahmadabad, India, Wednesday, Jan. 8, 2020. Trade unions have called for a country-wide strike Wednesday to protest against what they call the \"anti-workers and anti-people\" policies of the government led by Prime Minister Narendra Modi. (AP Photo\/Ajit Solanki)"},{"@type":"BreadcrumbList","@id":"https:\/\/pracowniczademokracja.org\/?p=6329#breadcrumb","itemListElement":[{"@type":"ListItem","position":1,"name":"Strona g\u0142\u00f3wna","item":"https:\/\/pracowniczademokracja.org\/"},{"@type":"ListItem","position":2,"name":"Ogromny strajk w Indiach pot\u0119\u017cnym ciosem w nacjonalistyczny rz\u0105d"}]},{"@type":"WebSite","@id":"https:\/\/pracowniczademokracja.org\/#website","url":"https:\/\/pracowniczademokracja.org\/","name":"Pracownicza Demokracja","description":"","potentialAction":[{"@type":"SearchAction","target":{"@type":"EntryPoint","urlTemplate":"https:\/\/pracowniczademokracja.org\/?s={search_term_string}"},"query-input":{"@type":"PropertyValueSpecification","valueRequired":true,"valueName":"search_term_string"}}],"inLanguage":"pl-PL"},{"@type":"Person","@id":"https:\/\/pracowniczademokracja.org\/#\/schema\/person\/111010f0277257eac5a64dace1cd1ad8","name":".","url":"https:\/\/pracowniczademokracja.org\/?author=1"}]}},"_links":{"self":[{"href":"https:\/\/pracowniczademokracja.org\/index.php?rest_route=\/wp\/v2\/posts\/6329","targetHints":{"allow":["GET"]}}],"collection":[{"href":"https:\/\/pracowniczademokracja.org\/index.php?rest_route=\/wp\/v2\/posts"}],"about":[{"href":"https:\/\/pracowniczademokracja.org\/index.php?rest_route=\/wp\/v2\/types\/post"}],"author":[{"embeddable":true,"href":"https:\/\/pracowniczademokracja.org\/index.php?rest_route=\/wp\/v2\/users\/1"}],"replies":[{"embeddable":true,"href":"https:\/\/pracowniczademokracja.org\/index.php?rest_route=%2Fwp%2Fv2%2Fcomments&post=6329"}],"version-history":[{"count":1,"href":"https:\/\/pracowniczademokracja.org\/index.php?rest_route=\/wp\/v2\/posts\/6329\/revisions"}],"predecessor-version":[{"id":6331,"href":"https:\/\/pracowniczademokracja.org\/index.php?rest_route=\/wp\/v2\/posts\/6329\/revisions\/6331"}],"wp:featuredmedia":[{"embeddable":true,"href":"https:\/\/pracowniczademokracja.org\/index.php?rest_route=\/wp\/v2\/media\/6330"}],"wp:attachment":[{"href":"https:\/\/pracowniczademokracja.org\/index.php?rest_route=%2Fwp%2Fv2%2Fmedia&parent=6329"}],"wp:term":[{"taxonomy":"category","embeddable":true,"href":"https:\/\/pracowniczademokracja.org\/index.php?rest_route=%2Fwp%2Fv2%2Fcategories&post=6329"},{"taxonomy":"post_tag","embeddable":true,"href":"https:\/\/pracowniczademokracja.org\/index.php?rest_route=%2Fwp%2Fv2%2Ftags&post=6329"}],"curies":[{"name":"wp","href":"https:\/\/api.w.org\/{rel}","templated":true}]}}