{"id":6312,"date":"2020-02-01T23:59:42","date_gmt":"2020-02-01T22:59:42","guid":{"rendered":"http:\/\/pracowniczademokracja.org\/?p=6312"},"modified":"2020-02-16T23:03:29","modified_gmt":"2020-02-16T22:03:29","slug":"miliardy-na-f-35-kosztowny-cien-waszyngtonu","status":"publish","type":"post","link":"https:\/\/pracowniczademokracja.org\/?p=6312","title":{"rendered":"Pieni\u0105dze na szpitale  \u2013 NIE na F-35!"},"content":{"rendered":"\n<h4 class=\"wp-block-heading\">Miliardy na F-35 \u2013  kosztowny cie\u0144 Waszyngtonu<\/h4>\n\n\n\n<figure class=\"wp-block-image\"><img loading=\"lazy\" decoding=\"async\" width=\"749\" height=\"499\" src=\"http:\/\/pracowniczademokracja.org\/wp-content\/uploads\/2020\/02\/duda.morawiecki.blaszczak.ambasador.usa_.31.01.2020.jpg\" alt=\"Ambasadorka USA Mosbacher, Duda, Morawiecki i B\u0142aszczak.\" class=\"wp-image-6313\" srcset=\"https:\/\/pracowniczademokracja.org\/wp-content\/uploads\/2020\/02\/duda.morawiecki.blaszczak.ambasador.usa_.31.01.2020.jpg 749w, https:\/\/pracowniczademokracja.org\/wp-content\/uploads\/2020\/02\/duda.morawiecki.blaszczak.ambasador.usa_.31.01.2020-150x100.jpg 150w, https:\/\/pracowniczademokracja.org\/wp-content\/uploads\/2020\/02\/duda.morawiecki.blaszczak.ambasador.usa_.31.01.2020-300x200.jpg 300w\" sizes=\"auto, (max-width: 749px) 100vw, 749px\" \/><figcaption>Ambasadorka USA Mosbacher, Duda, Morawiecki i B\u0142aszczak.<\/figcaption><\/figure>\n\n\n\n<p><strong>Dumny szef Ministerstwa Obrony Narodowej Mariusz B\u0142aszczak \npodpisa\u0142 31 stycznia porozumienie o zakupie 32 sztuk samolot\u00f3w F-35. \nKoszt \u2013 4,6 mld dolar\u00f3w, czyli ok. 18 mld z\u0142. <\/strong>\n<\/p>\n\n\n\n<p>\n  Dostosowanie do nowych samolot\u00f3w infrastruktury, szkolenia pilot\u00f3w i \npersonelu naziemnego, a w ko\u0144cu eksploatacja, mog\u0105 w kolejnych \nkilkunastu latach kosztowa\u0107 nawet dwa razy wi\u0119cej ni\u017c ta suma. Cena \ngodziny lotu F-35, wynosi ok. 44 tys. dolar\u00f3w. No, ale sprzedawca \u2013 \nnajwi\u0119kszy handlarz broni\u0105 na \u015bwiecie, ameryka\u0144ski koncern Lockheed \nMartin \u2013 obiecuje, \u017ce ma zosta\u0107 zredukowana do 25 tys. dolar\u00f3w. \n<\/p>\n\n\n\n<p>\n  Nowe zakupy B\u0142aszczaka id\u0105 w parze z rekordem wydatk\u00f3w z bud\u017cetu \npa\u0144stwa na cele wojskowe w Polsce \u2013 w 2020 r. maj\u0105 one wynie\u015b\u0107 prawie \ndok\u0142adnie 50 mld z\u0142 (z czego ponad 49 mld to bud\u017cet MON). Suma ta \nstanowi wzrost o ponad 5 mld z\u0142 (o 11,5%) w por\u00f3wnaniu z rokiem \npoprzednim. Wydatki militarne si\u0119gn\u0105\u0107 maj\u0105 2,1 proc. PKB. To niemal \ndok\u0142adnie dwa razy tyle co wydatki bud\u017cetowe na nauk\u0119 i szkolnictwo \nwy\u017csze.\n<\/p>\n\n\n\n<p>\n  Przypomnijmy, \u017ce plany rz\u0105du id\u0105 jeszcze dalej. Na podstawie znowelizowanej w lipcu 2019 r. <em>Ustawy o przebudowie, modernizacji technicznej oraz finansowaniu Si\u0142 Zbrojnych RP<\/em>,\n coroczne wydatki z bud\u017cetu pa\u0144stwa na \u201epotrzeby obronne\u201d maj\u0105 wynie\u015b\u0107 \n2,2 proc. PKB w latach 2021-2023, rosn\u0105c nast\u0119pnie do 2,5 proc. w 2030 \nr. \n<\/p>\n\n\n\n<p>\n  Mimo tych rekordowych wydatk\u00f3w, nie jest jasne, czy zakup F-35 b\u0119dzie \nfinansowany w ich ramach. Prezydent Andrzej Duda wola\u0142by bowiem \nprzeznaczy\u0107 na to dodatkowe \u015brodki, by pieni\u0119dzy starczy\u0142o tak\u017ce na inne\n zakupy? W czerwcu 2019 r. prezydencki minister Andrzej Dera m\u00f3wi\u0142 o \nplanach przeznaczenia na kupno F-35 \u015brodk\u00f3w \u201ez oddzielnej puli, nie z \nbud\u017cetu Ministerstwa Obrony Narodowej\u201d. \n<\/p>\n\n\n\n<p><strong>Wielka pompa <\/strong>\n<\/p>\n\n\n\n<p>\n  Uderzaj\u0105ce jest to, \u017ce rz\u0105dz\u0105cy w \u017caden spos\u00f3b nie ukrywaj\u0105 swojej \nmilitarystycznej rozrzutno\u015bci. Przeciwnie \u2013 traktuj\u0105 j\u0105 jako pow\u00f3d do \ndumy. Na ceremonii podpisania zakupu F-35 obecni byli zar\u00f3wno prezydent,\n jak i premier. Ca\u0142o\u015b\u0107 odbywa\u0142a si\u0119 w atmosferze wielkiej pompy. \u201eCiesz\u0119\n si\u0119, bo to ogromnie wzmacnia nasz\u0105 pozycj\u0119 na arenie mi\u0119dzynarodowej, \npokazuje, \u017ce Polska jest licz\u0105cym si\u0119 partnerem\u201d \u2013 m\u00f3wi\u0142 Duda, \nwspominaj\u0105c tak\u017ce o wykonywanych ju\u017c polskich lotach obserwacyjnych na \nBliskim Wschodzie. \n<\/p>\n\n\n\n<p>\n  Morawiecki stwierdzi\u0142 natomiast, \u017ce \u201ewchodzimy w now\u0105 epok\u0119, gdzie \nmamy ogromn\u0105 determinacj\u0119 przeznaczania coraz wi\u0119kszej puli \u015brodk\u00f3w na \nuzbrojenie\u201d \u2013 s\u0142owa niewiarygodne w swej szczero\u015bci. No, i \u017ce \u201ePolska \nprzez z ok\u0142adem 200 lat stara si\u0119 pozby\u0107 d\u0142ugiego rosyjskiego cienia, \nkt\u00f3ry dominowa\u0142 nad t\u0105 cz\u0119\u015bci\u0105 Europy\u201d, a dzi\u0119ki zakupowi F-35 \u201ecie\u0144 ten\n b\u0119dzie coraz dalej odsuwa\u0142 si\u0119 od Rzeczpospolitej\u201d. \n<\/p>\n\n\n\n<p><strong>Wojny<\/strong>\n<\/p>\n\n\n\n<p>\n  Pomijaj\u0105c ju\u017c fakt, \u017ce w czasie tych z \u201eok\u0142adem 200 lat\u201d rozmaite \ncienie si\u0119 nad t\u0105 cz\u0119\u015bci\u0105 Europy k\u0142ad\u0142y (w\u0142\u0105cznie z niewielkim udzia\u0142em \ncienia polskiego), Morawiecki oczywi\u015bcie nie wspomnia\u0142, \u017ce od dekad \nPolska jest ju\u017c w cieniu zupe\u0142nie innym. I to w jego ramach zd\u0105\u017cy\u0142a \nwesprze\u0107 kilka wojen, w dw\u00f3ch z nich \u2013 w Iraku i Afganistanie \u2013 aktywnie\n uczestnicz\u0105c. Teraz, za grube miliardy, czyni go wi\u0119kszym, wzmacniaj\u0105c \nameryka\u0144ski sektor zbrojeniowy i w\u0142asn\u0105 podleg\u0142o\u015b\u0107 wobec Waszyngtonu. \n<\/p>\n\n\n\n<p>\n  W s\u0142owach rz\u0105dz\u0105cych, pe\u0142nych frazes\u00f3w o \u201ebezpiecze\u0144stwie\u201d, nietrudno \nodnale\u017a\u0107 rzeczywiste cele programu zbroje\u0144. Wizja Polski jako \nprzyklejonego do USA \u201elidera regionu\u201d, rywalizuj\u0105cego o wp\u0142ywy z Rosj\u0105 w\n pa\u0144stwach dawnego ZSRR i gotowego do uczestnictwa w dalekich wojnach, \nbyle tylko potwierdzi\u0107 w\u0142asne cz\u0142onkostwo w \u201e\u015bwiecie zachodnim\u201d \u2013 \nw\u0142a\u015bnie to przy\u015bwieca militarystycznym zakupom polskich rz\u0105dz\u0105cych. \n<\/p>\n\n\n\n<p><strong>Mieszkania zamiast my\u015bliwc\u00f3w<\/strong>\n<\/p>\n\n\n\n<p>\n  W\u0142adzy uchodzi to jednak na sucho, gdy\u017c wizja ta podzielana jest przez\n znaczn\u0105 wi\u0119kszo\u015b\u0107 polskiej \u201eklasy politycznej\u201d. Krytyka zakupu F-35, \nje\u015bli w og\u00f3le ma miejsce, dotyczy g\u0142\u00f3wnie spraw drugorz\u0119dnych (brak \nkonsultacji czy przetargu), a nie samego sensu programu zbroje\u0144.\n<\/p>\n\n\n\n<p>\n  Dotyczy to nawet najbardziej lewicowych pos\u0142\u00f3w w dzisiejszym Sejmie. \nMaciej Konieczny z Lewicy Razem s\u0142usznie wskaza\u0142, \u017ce za pieni\u0105dze wydane\n na F-35 <em>\u201emo\u017cna zapewni\u0107 minimaln\u0105 emerytur\u0119 w wysoko\u015bci 1,6 tys. z\u0142 wszystkim emerytom, mo\u017cna wybudowa\u0107 75 tys. mieszka\u0144\u201d. Doda<\/em>\u0142<em>, \u017ce \u201eto s\u0105 wydatki na kt\u00f3re pieni\u0119dzy w bud\u017cecie brakuje\u201d<\/em>.\n Zaraz jednak uzupe\u0142ni\u0142, \u017ce \u201eoczywi\u015bcie\u201d politycy Lewicy nie s\u0105 \n?naiwnymi pacyfistami\u201d, a modernizacja polskiej armii r\u00f3wnie\u017c dla nich \npowinna by\u0107 priorytetem. \n<\/p>\n\n\n\n<p>\n  Zarzutem wobec rz\u0105dz\u0105cych by\u0142 <em>brak rozpatrzenia wyboru spo\u015br\u00f3d innych my\u015bliwc\u00f3w, jak europejskie Eurofighter czy Gripen.<\/em>\n Konieczny pyta\u0142, czy \u201eta niezwykle kosztowna decyzja zosta\u0142a podj\u0119ta w \ninteresie polskiego spo\u0142ecze\u0144stwa, czy jedynie w interesie ameryka\u0144skich\n korporacji?\u201d. Takie pytanie zawsze cieszy. Jednak wydanie miliard\u00f3w na \neuropejskie militaria tak\u017ce nie by\u0142oby \u201ew interesie polskiego \nspo\u0142ecze\u0144stwa\u201d, tylko polskich panuj\u0105cych. A prawdziw\u0105 naiwno\u015bci\u0105 jest \ns\u0105dzi\u0107, \u017ce europejskie korporacje zbrojeniowe s\u0105 przyjemniejsze od \nameryka\u0144skich.\n<\/p>\n\n\n\n<p><strong>Imperializm<\/strong>\n<\/p>\n\n\n\n<p>\n  Niestety \u017cyjemy w \u015bwiatowym systemie kapitalistycznym. W jego ramach \nkonkuruj\u0105 nie tylko coraz wi\u0119ksze korporacje, ale i pa\u0144stwa, w tym w \nistotnej mierze poprzez budowanie i wykorzystywanie swojej si\u0142y \nzbrojnej. Dotyczy to imperialistycznych mocarstw, jak Rosja, Chiny, \nFrancja, Brytania czy wci\u0105\u017c pod wzgl\u0119dem si\u0142y zbrojnej i prowadzonych \nwojen najwi\u0119ksze z nich \u2013 Stany Zjednoczone. \n<\/p>\n\n\n\n<p>\n  Jednak te\u017c mniejszych, regionalnych imperializm\u00f3w w stylu Polski. \nPa\u0144stwa kapitalistyczne s\u0105 w swoim DNA niezmiennie \u201eantypacyfistyczne\u201d, \nwi\u0119c zwalczanie militaryzacji powinno by\u0107 r\u00f3wnie niezmiennie cz\u0119\u015bci\u0105 \ndzia\u0142a\u0144 ruchu pracowniczego. W ka\u017cdym pa\u0144stwie, b\u0119d\u0105cym cz\u0119\u015bci\u0105 \n\u015bwiatowego czy regionalnego wy\u015bcigu zbroje\u0144, powinni\u015bmy zwalcza\u0107 p\u0119d ku \nnim, gdy\u017c to w\u0142a\u015bnie pracownicy i inni ludzie niezamo\u017cni s\u0105 ostatecznie \nich ofiarami. I to nie tylko dlatego (cho\u0107 tak\u017ce), \u017ce miliardy na F-35 \nmog\u0142yby trafi\u0107 na szpitale czy mieszkania. Inna postawa to prosta droga \ndo wleczenia si\u0119 w ogonie B\u0142aszczak\u00f3w tego \u015bwiata.\n<\/p>\n\n\n\n<p style=\"text-align:right\"><strong>Filip Ilkowski<\/strong>\n<\/p>\n","protected":false},"excerpt":{"rendered":"<p>Miliardy na F-35 \u2013 kosztowny cie\u0144 Waszyngtonu Dumny szef Ministerstwa Obrony Narodowej Mariusz B\u0142aszczak podpisa\u0142 31 stycznia porozumienie o zakupie 32 sztuk samolot\u00f3w F-35. Koszt \u2013 4,6 mld dolar\u00f3w, czyli ok. 18 mld z\u0142. Dostosowanie do nowych samolot\u00f3w infrastruktury, szkolenia pilot\u00f3w i personelu naziemnego, a w ko\u0144cu eksploatacja, mog\u0105 w kolejnych kilkunastu latach kosztowa\u0107 nawet [&hellip;]<\/p>\n","protected":false},"author":1,"featured_media":6313,"comment_status":"closed","ping_status":"closed","sticky":false,"template":"","format":"standard","meta":{"footnotes":""},"categories":[163],"tags":[97],"class_list":["post-6312","post","type-post","status-publish","format-standard","has-post-thumbnail","hentry","category-gazeta-luty-2020","tag-featured"],"yoast_head":"<!-- This site is optimized with the Yoast SEO plugin v26.7 - https:\/\/yoast.com\/wordpress\/plugins\/seo\/ -->\n<title>Pieni\u0105dze na szpitale \u2013 NIE na F-35! - Pracownicza Demokracja<\/title>\n<meta name=\"robots\" content=\"index, follow, max-snippet:-1, max-image-preview:large, max-video-preview:-1\" \/>\n<link rel=\"canonical\" href=\"https:\/\/pracowniczademokracja.org\/?p=6312\" \/>\n<meta property=\"og:locale\" content=\"pl_PL\" \/>\n<meta property=\"og:type\" content=\"article\" \/>\n<meta property=\"og:title\" content=\"Pieni\u0105dze na szpitale \u2013 NIE na F-35! - Pracownicza Demokracja\" \/>\n<meta property=\"og:description\" content=\"Miliardy na F-35 \u2013 kosztowny cie\u0144 Waszyngtonu Dumny szef Ministerstwa Obrony Narodowej Mariusz B\u0142aszczak podpisa\u0142 31 stycznia porozumienie o zakupie 32 sztuk samolot\u00f3w F-35. Koszt \u2013 4,6 mld dolar\u00f3w, czyli ok. 18 mld z\u0142. Dostosowanie do nowych samolot\u00f3w infrastruktury, szkolenia pilot\u00f3w i personelu naziemnego, a w ko\u0144cu eksploatacja, mog\u0105 w kolejnych kilkunastu latach kosztowa\u0107 nawet [&hellip;]\" \/>\n<meta property=\"og:url\" content=\"https:\/\/pracowniczademokracja.org\/?p=6312\" \/>\n<meta property=\"og:site_name\" content=\"Pracownicza Demokracja\" \/>\n<meta property=\"article:published_time\" content=\"2020-02-01T22:59:42+00:00\" \/>\n<meta property=\"article:modified_time\" content=\"2020-02-16T22:03:29+00:00\" \/>\n<meta property=\"og:image\" content=\"https:\/\/pracowniczademokracja.org\/wp-content\/uploads\/2020\/02\/duda.morawiecki.blaszczak.ambasador.usa_.31.01.2020.jpg\" \/>\n\t<meta property=\"og:image:width\" content=\"749\" \/>\n\t<meta property=\"og:image:height\" content=\"499\" \/>\n\t<meta property=\"og:image:type\" content=\"image\/jpeg\" \/>\n<meta name=\"author\" content=\".\" \/>\n<meta name=\"twitter:card\" content=\"summary_large_image\" \/>\n<meta name=\"twitter:label1\" content=\"Napisane przez\" \/>\n\t<meta name=\"twitter:data1\" content=\".\" \/>\n\t<meta name=\"twitter:label2\" content=\"Szacowany czas czytania\" \/>\n\t<meta name=\"twitter:data2\" content=\"5 minut\" \/>\n<script type=\"application\/ld+json\" class=\"yoast-schema-graph\">{\"@context\":\"https:\/\/schema.org\",\"@graph\":[{\"@type\":\"Article\",\"@id\":\"https:\/\/pracowniczademokracja.org\/?p=6312#article\",\"isPartOf\":{\"@id\":\"https:\/\/pracowniczademokracja.org\/?p=6312\"},\"author\":{\"name\":\".\",\"@id\":\"https:\/\/pracowniczademokracja.org\/#\/schema\/person\/111010f0277257eac5a64dace1cd1ad8\"},\"headline\":\"Pieni\u0105dze na szpitale \u2013 NIE na F-35!\",\"datePublished\":\"2020-02-01T22:59:42+00:00\",\"dateModified\":\"2020-02-16T22:03:29+00:00\",\"mainEntityOfPage\":{\"@id\":\"https:\/\/pracowniczademokracja.org\/?p=6312\"},\"wordCount\":998,\"image\":{\"@id\":\"https:\/\/pracowniczademokracja.org\/?p=6312#primaryimage\"},\"thumbnailUrl\":\"https:\/\/pracowniczademokracja.org\/wp-content\/uploads\/2020\/02\/duda.morawiecki.blaszczak.ambasador.usa_.31.01.2020.jpg\",\"keywords\":[\"Featured\"],\"articleSection\":[\"Gazeta - luty 2020\"],\"inLanguage\":\"pl-PL\"},{\"@type\":\"WebPage\",\"@id\":\"https:\/\/pracowniczademokracja.org\/?p=6312\",\"url\":\"https:\/\/pracowniczademokracja.org\/?p=6312\",\"name\":\"Pieni\u0105dze na szpitale \u2013 NIE na F-35! - Pracownicza Demokracja\",\"isPartOf\":{\"@id\":\"https:\/\/pracowniczademokracja.org\/#website\"},\"primaryImageOfPage\":{\"@id\":\"https:\/\/pracowniczademokracja.org\/?p=6312#primaryimage\"},\"image\":{\"@id\":\"https:\/\/pracowniczademokracja.org\/?p=6312#primaryimage\"},\"thumbnailUrl\":\"https:\/\/pracowniczademokracja.org\/wp-content\/uploads\/2020\/02\/duda.morawiecki.blaszczak.ambasador.usa_.31.01.2020.jpg\",\"datePublished\":\"2020-02-01T22:59:42+00:00\",\"dateModified\":\"2020-02-16T22:03:29+00:00\",\"author\":{\"@id\":\"https:\/\/pracowniczademokracja.org\/#\/schema\/person\/111010f0277257eac5a64dace1cd1ad8\"},\"breadcrumb\":{\"@id\":\"https:\/\/pracowniczademokracja.org\/?p=6312#breadcrumb\"},\"inLanguage\":\"pl-PL\",\"potentialAction\":[{\"@type\":\"ReadAction\",\"target\":[\"https:\/\/pracowniczademokracja.org\/?p=6312\"]}]},{\"@type\":\"ImageObject\",\"inLanguage\":\"pl-PL\",\"@id\":\"https:\/\/pracowniczademokracja.org\/?p=6312#primaryimage\",\"url\":\"https:\/\/pracowniczademokracja.org\/wp-content\/uploads\/2020\/02\/duda.morawiecki.blaszczak.ambasador.usa_.31.01.2020.jpg\",\"contentUrl\":\"https:\/\/pracowniczademokracja.org\/wp-content\/uploads\/2020\/02\/duda.morawiecki.blaszczak.ambasador.usa_.31.01.2020.jpg\",\"width\":749,\"height\":499},{\"@type\":\"BreadcrumbList\",\"@id\":\"https:\/\/pracowniczademokracja.org\/?p=6312#breadcrumb\",\"itemListElement\":[{\"@type\":\"ListItem\",\"position\":1,\"name\":\"Strona g\u0142\u00f3wna\",\"item\":\"https:\/\/pracowniczademokracja.org\/\"},{\"@type\":\"ListItem\",\"position\":2,\"name\":\"Pieni\u0105dze na szpitale \u2013 NIE na F-35!\"}]},{\"@type\":\"WebSite\",\"@id\":\"https:\/\/pracowniczademokracja.org\/#website\",\"url\":\"https:\/\/pracowniczademokracja.org\/\",\"name\":\"Pracownicza Demokracja\",\"description\":\"\",\"potentialAction\":[{\"@type\":\"SearchAction\",\"target\":{\"@type\":\"EntryPoint\",\"urlTemplate\":\"https:\/\/pracowniczademokracja.org\/?s={search_term_string}\"},\"query-input\":{\"@type\":\"PropertyValueSpecification\",\"valueRequired\":true,\"valueName\":\"search_term_string\"}}],\"inLanguage\":\"pl-PL\"},{\"@type\":\"Person\",\"@id\":\"https:\/\/pracowniczademokracja.org\/#\/schema\/person\/111010f0277257eac5a64dace1cd1ad8\",\"name\":\".\",\"url\":\"https:\/\/pracowniczademokracja.org\/?author=1\"}]}<\/script>\n<!-- \/ Yoast SEO plugin. -->","yoast_head_json":{"title":"Pieni\u0105dze na szpitale \u2013 NIE na F-35! - Pracownicza Demokracja","robots":{"index":"index","follow":"follow","max-snippet":"max-snippet:-1","max-image-preview":"max-image-preview:large","max-video-preview":"max-video-preview:-1"},"canonical":"https:\/\/pracowniczademokracja.org\/?p=6312","og_locale":"pl_PL","og_type":"article","og_title":"Pieni\u0105dze na szpitale \u2013 NIE na F-35! - Pracownicza Demokracja","og_description":"Miliardy na F-35 \u2013 kosztowny cie\u0144 Waszyngtonu Dumny szef Ministerstwa Obrony Narodowej Mariusz B\u0142aszczak podpisa\u0142 31 stycznia porozumienie o zakupie 32 sztuk samolot\u00f3w F-35. Koszt \u2013 4,6 mld dolar\u00f3w, czyli ok. 18 mld z\u0142. Dostosowanie do nowych samolot\u00f3w infrastruktury, szkolenia pilot\u00f3w i personelu naziemnego, a w ko\u0144cu eksploatacja, mog\u0105 w kolejnych kilkunastu latach kosztowa\u0107 nawet [&hellip;]","og_url":"https:\/\/pracowniczademokracja.org\/?p=6312","og_site_name":"Pracownicza Demokracja","article_published_time":"2020-02-01T22:59:42+00:00","article_modified_time":"2020-02-16T22:03:29+00:00","og_image":[{"width":749,"height":499,"url":"https:\/\/pracowniczademokracja.org\/wp-content\/uploads\/2020\/02\/duda.morawiecki.blaszczak.ambasador.usa_.31.01.2020.jpg","type":"image\/jpeg"}],"author":".","twitter_card":"summary_large_image","twitter_misc":{"Napisane przez":".","Szacowany czas czytania":"5 minut"},"schema":{"@context":"https:\/\/schema.org","@graph":[{"@type":"Article","@id":"https:\/\/pracowniczademokracja.org\/?p=6312#article","isPartOf":{"@id":"https:\/\/pracowniczademokracja.org\/?p=6312"},"author":{"name":".","@id":"https:\/\/pracowniczademokracja.org\/#\/schema\/person\/111010f0277257eac5a64dace1cd1ad8"},"headline":"Pieni\u0105dze na szpitale \u2013 NIE na F-35!","datePublished":"2020-02-01T22:59:42+00:00","dateModified":"2020-02-16T22:03:29+00:00","mainEntityOfPage":{"@id":"https:\/\/pracowniczademokracja.org\/?p=6312"},"wordCount":998,"image":{"@id":"https:\/\/pracowniczademokracja.org\/?p=6312#primaryimage"},"thumbnailUrl":"https:\/\/pracowniczademokracja.org\/wp-content\/uploads\/2020\/02\/duda.morawiecki.blaszczak.ambasador.usa_.31.01.2020.jpg","keywords":["Featured"],"articleSection":["Gazeta - luty 2020"],"inLanguage":"pl-PL"},{"@type":"WebPage","@id":"https:\/\/pracowniczademokracja.org\/?p=6312","url":"https:\/\/pracowniczademokracja.org\/?p=6312","name":"Pieni\u0105dze na szpitale \u2013 NIE na F-35! - Pracownicza Demokracja","isPartOf":{"@id":"https:\/\/pracowniczademokracja.org\/#website"},"primaryImageOfPage":{"@id":"https:\/\/pracowniczademokracja.org\/?p=6312#primaryimage"},"image":{"@id":"https:\/\/pracowniczademokracja.org\/?p=6312#primaryimage"},"thumbnailUrl":"https:\/\/pracowniczademokracja.org\/wp-content\/uploads\/2020\/02\/duda.morawiecki.blaszczak.ambasador.usa_.31.01.2020.jpg","datePublished":"2020-02-01T22:59:42+00:00","dateModified":"2020-02-16T22:03:29+00:00","author":{"@id":"https:\/\/pracowniczademokracja.org\/#\/schema\/person\/111010f0277257eac5a64dace1cd1ad8"},"breadcrumb":{"@id":"https:\/\/pracowniczademokracja.org\/?p=6312#breadcrumb"},"inLanguage":"pl-PL","potentialAction":[{"@type":"ReadAction","target":["https:\/\/pracowniczademokracja.org\/?p=6312"]}]},{"@type":"ImageObject","inLanguage":"pl-PL","@id":"https:\/\/pracowniczademokracja.org\/?p=6312#primaryimage","url":"https:\/\/pracowniczademokracja.org\/wp-content\/uploads\/2020\/02\/duda.morawiecki.blaszczak.ambasador.usa_.31.01.2020.jpg","contentUrl":"https:\/\/pracowniczademokracja.org\/wp-content\/uploads\/2020\/02\/duda.morawiecki.blaszczak.ambasador.usa_.31.01.2020.jpg","width":749,"height":499},{"@type":"BreadcrumbList","@id":"https:\/\/pracowniczademokracja.org\/?p=6312#breadcrumb","itemListElement":[{"@type":"ListItem","position":1,"name":"Strona g\u0142\u00f3wna","item":"https:\/\/pracowniczademokracja.org\/"},{"@type":"ListItem","position":2,"name":"Pieni\u0105dze na szpitale \u2013 NIE na F-35!"}]},{"@type":"WebSite","@id":"https:\/\/pracowniczademokracja.org\/#website","url":"https:\/\/pracowniczademokracja.org\/","name":"Pracownicza Demokracja","description":"","potentialAction":[{"@type":"SearchAction","target":{"@type":"EntryPoint","urlTemplate":"https:\/\/pracowniczademokracja.org\/?s={search_term_string}"},"query-input":{"@type":"PropertyValueSpecification","valueRequired":true,"valueName":"search_term_string"}}],"inLanguage":"pl-PL"},{"@type":"Person","@id":"https:\/\/pracowniczademokracja.org\/#\/schema\/person\/111010f0277257eac5a64dace1cd1ad8","name":".","url":"https:\/\/pracowniczademokracja.org\/?author=1"}]}},"_links":{"self":[{"href":"https:\/\/pracowniczademokracja.org\/index.php?rest_route=\/wp\/v2\/posts\/6312","targetHints":{"allow":["GET"]}}],"collection":[{"href":"https:\/\/pracowniczademokracja.org\/index.php?rest_route=\/wp\/v2\/posts"}],"about":[{"href":"https:\/\/pracowniczademokracja.org\/index.php?rest_route=\/wp\/v2\/types\/post"}],"author":[{"embeddable":true,"href":"https:\/\/pracowniczademokracja.org\/index.php?rest_route=\/wp\/v2\/users\/1"}],"replies":[{"embeddable":true,"href":"https:\/\/pracowniczademokracja.org\/index.php?rest_route=%2Fwp%2Fv2%2Fcomments&post=6312"}],"version-history":[{"count":5,"href":"https:\/\/pracowniczademokracja.org\/index.php?rest_route=\/wp\/v2\/posts\/6312\/revisions"}],"predecessor-version":[{"id":6319,"href":"https:\/\/pracowniczademokracja.org\/index.php?rest_route=\/wp\/v2\/posts\/6312\/revisions\/6319"}],"wp:featuredmedia":[{"embeddable":true,"href":"https:\/\/pracowniczademokracja.org\/index.php?rest_route=\/wp\/v2\/media\/6313"}],"wp:attachment":[{"href":"https:\/\/pracowniczademokracja.org\/index.php?rest_route=%2Fwp%2Fv2%2Fmedia&parent=6312"}],"wp:term":[{"taxonomy":"category","embeddable":true,"href":"https:\/\/pracowniczademokracja.org\/index.php?rest_route=%2Fwp%2Fv2%2Fcategories&post=6312"},{"taxonomy":"post_tag","embeddable":true,"href":"https:\/\/pracowniczademokracja.org\/index.php?rest_route=%2Fwp%2Fv2%2Ftags&post=6312"}],"curies":[{"name":"wp","href":"https:\/\/api.w.org\/{rel}","templated":true}]}}