{"id":5934,"date":"2019-09-01T23:50:07","date_gmt":"2019-09-01T21:50:07","guid":{"rendered":"http:\/\/pracowniczademokracja.org\/?p=5934"},"modified":"2019-10-14T00:11:37","modified_gmt":"2019-10-13T22:11:37","slug":"granice-ue-przyczyna-smierci-prawie-tysiaca-migrantow","status":"publish","type":"post","link":"https:\/\/pracowniczademokracja.org\/?p=5934","title":{"rendered":"Granice UE przyczyn\u0105 \u015bmierci prawie tysi\u0105ca migrant\u00f3w"},"content":{"rendered":"\n<figure class=\"wp-block-image is-resized\"><img loading=\"lazy\" decoding=\"async\" src=\"http:\/\/pracowniczademokracja.org\/wp-content\/uploads\/2019\/10\/migranci.morze_.srodziemne-1024x576.jpg\" alt=\"Migranci w Morzu \u015ar\u00f3dziemnym.\" class=\"wp-image-5935\" width=\"493\" height=\"277\" srcset=\"https:\/\/pracowniczademokracja.org\/wp-content\/uploads\/2019\/10\/migranci.morze_.srodziemne-1024x576.jpg 1024w, https:\/\/pracowniczademokracja.org\/wp-content\/uploads\/2019\/10\/migranci.morze_.srodziemne-150x84.jpg 150w, https:\/\/pracowniczademokracja.org\/wp-content\/uploads\/2019\/10\/migranci.morze_.srodziemne-300x169.jpg 300w, https:\/\/pracowniczademokracja.org\/wp-content\/uploads\/2019\/10\/migranci.morze_.srodziemne-768x432.jpg 768w, https:\/\/pracowniczademokracja.org\/wp-content\/uploads\/2019\/10\/migranci.morze_.srodziemne.jpg 1100w\" sizes=\"auto, (max-width: 493px) 100vw, 493px\" \/><\/figure>\n\n\n\n<p><strong>Wed\u0142ug Mi\u0119dzynarodowej Organizacji do Spraw Migracji od \nstycznia do sierpnia tego roku w Morzu \u015ar\u00f3dziemnym uton\u0119\u0142o ponad 800 \nuchod\u017ac\u00f3w. Wi\u0119kszo\u015b\u0107 z 843 ofiar \u2013 dok\u0142adnie 578 \u2013 zgin\u0119\u0142a w centralnej \ncz\u0119\u015bci akwenu, kt\u00f3ra rozci\u0105ga si\u0119 pomi\u0119dzy Libi\u0105 a W\u0142ochami. To jest \nnajbardziej niebezpieczna trasa dla uchod\u017ac\u00f3w szukaj\u0105cych schronienia w \nEuropie. <\/strong>\n<\/p>\n\n\n\n<p>\n  Kolejne ograniczenia nak\u0142adane przez Uni\u0119 Europejsk\u0105 i jej pa\u0144stwa \ncz\u0142onkowskie zamkn\u0119\u0142y bezpieczniejsze trasy. Szlak w\u0142oski mo\u017ce teraz \nsta\u0107 si\u0119 jeszcze bardziej \u015bmierciono\u015bny. Matteo Salvini, skrajnie \nprawicowy minister spraw wewn\u0119trznych W\u0142och, przeforsowa\u0142 prawo \nnak\u0142adaj\u0105ce ogromne grzywny na okr\u0119ty wykorzystywane do poszukiwania i \nratowania uchod\u017ac\u00f3w. Kapitanowie takich jednostek mog\u0105 zosta\u0107 ukarani \ngrzywn\u0105 w wysoko\u015bci 1 mln euro, je\u015bli okr\u0119t wp\u0142ynie bez pozwolenia do \nw\u0142oskiego portu. To odstraszy organizacje pozarz\u0105dowe, kt\u00f3re mog\u0142yby \nchcie\u0107 organizowa\u0107 misje ratunkowe. \n<\/p>\n\n\n\n<p>\n  Jednocze\u015bnie UE wydaje 100 mln euro na szpiegowskie drony, kt\u00f3re maj\u0105 \ninformowa\u0107 libijsk\u0105 stra\u017c przybrze\u017cn\u0105 o pozycji \u0142odzi z uchod\u017acami. \nStra\u017c b\u0119dzie nast\u0119pnie zabiera\u0107 uchod\u017ac\u00f3w z powrotem do Afryki \nP\u00f3\u0142nocnej, gdzie grozi im sprzeda\u017c na aukcji niewolnik\u00f3w, molestowanie \nseksualne i tortury. \n<\/p>\n\n\n\n<p>\n  Uchod\u017acy uciekaj\u0105 przed wojn\u0105, dyktaturami, n\u0119dz\u0105 i zmianami klimatu \u2013 jedynym rozwi\u0105zaniem jest otwarcie przed nimi granic. \n<\/p>\n\n\n\n<p style=\"text-align:right\"><strong>Tom\u00e1\u0161 Tengely-Evans<\/strong>\n<\/p>\n\n\n\n<p style=\"text-align:right\"><strong>T\u0142umaczy\u0142 Jacek Szyma\u0144ski<\/strong>\n<\/p>\n","protected":false},"excerpt":{"rendered":"<p>Wed\u0142ug Mi\u0119dzynarodowej Organizacji do Spraw Migracji od stycznia do sierpnia tego roku w Morzu \u015ar\u00f3dziemnym uton\u0119\u0142o ponad 800 uchod\u017ac\u00f3w. Wi\u0119kszo\u015b\u0107 z 843 ofiar \u2013 dok\u0142adnie 578 \u2013 zgin\u0119\u0142a w centralnej cz\u0119\u015bci akwenu, kt\u00f3ra rozci\u0105ga si\u0119 pomi\u0119dzy Libi\u0105 a W\u0142ochami. To jest najbardziej niebezpieczna trasa dla uchod\u017ac\u00f3w szukaj\u0105cych schronienia w Europie. Kolejne ograniczenia nak\u0142adane przez Uni\u0119 [&hellip;]<\/p>\n","protected":false},"author":1,"featured_media":5935,"comment_status":"closed","ping_status":"closed","sticky":false,"template":"","format":"standard","meta":{"footnotes":""},"categories":[154],"tags":[],"class_list":["post-5934","post","type-post","status-publish","format-standard","has-post-thumbnail","hentry","category-gazeta-wrzesien-2019"],"yoast_head":"<!-- This site is optimized with the Yoast SEO plugin v26.7 - https:\/\/yoast.com\/wordpress\/plugins\/seo\/ -->\n<title>Granice UE przyczyn\u0105 \u015bmierci prawie tysi\u0105ca migrant\u00f3w - Pracownicza Demokracja<\/title>\n<meta name=\"robots\" content=\"index, follow, max-snippet:-1, max-image-preview:large, max-video-preview:-1\" \/>\n<link rel=\"canonical\" href=\"https:\/\/pracowniczademokracja.org\/?p=5934\" \/>\n<meta property=\"og:locale\" content=\"pl_PL\" \/>\n<meta property=\"og:type\" content=\"article\" \/>\n<meta property=\"og:title\" content=\"Granice UE przyczyn\u0105 \u015bmierci prawie tysi\u0105ca migrant\u00f3w - Pracownicza Demokracja\" \/>\n<meta property=\"og:description\" content=\"Wed\u0142ug Mi\u0119dzynarodowej Organizacji do Spraw Migracji od stycznia do sierpnia tego roku w Morzu \u015ar\u00f3dziemnym uton\u0119\u0142o ponad 800 uchod\u017ac\u00f3w. Wi\u0119kszo\u015b\u0107 z 843 ofiar \u2013 dok\u0142adnie 578 \u2013 zgin\u0119\u0142a w centralnej cz\u0119\u015bci akwenu, kt\u00f3ra rozci\u0105ga si\u0119 pomi\u0119dzy Libi\u0105 a W\u0142ochami. To jest najbardziej niebezpieczna trasa dla uchod\u017ac\u00f3w szukaj\u0105cych schronienia w Europie. Kolejne ograniczenia nak\u0142adane przez Uni\u0119 [&hellip;]\" \/>\n<meta property=\"og:url\" content=\"https:\/\/pracowniczademokracja.org\/?p=5934\" \/>\n<meta property=\"og:site_name\" content=\"Pracownicza Demokracja\" \/>\n<meta property=\"article:published_time\" content=\"2019-09-01T21:50:07+00:00\" \/>\n<meta property=\"article:modified_time\" content=\"2019-10-13T22:11:37+00:00\" \/>\n<meta property=\"og:image\" content=\"https:\/\/pracowniczademokracja.org\/wp-content\/uploads\/2019\/10\/migranci.morze_.srodziemne.jpg\" \/>\n\t<meta property=\"og:image:width\" content=\"1100\" \/>\n\t<meta property=\"og:image:height\" content=\"619\" \/>\n\t<meta property=\"og:image:type\" content=\"image\/jpeg\" \/>\n<meta name=\"author\" content=\".\" \/>\n<meta name=\"twitter:card\" content=\"summary_large_image\" \/>\n<meta name=\"twitter:label1\" content=\"Napisane przez\" \/>\n\t<meta name=\"twitter:data1\" content=\".\" \/>\n\t<meta name=\"twitter:label2\" content=\"Szacowany czas czytania\" \/>\n\t<meta name=\"twitter:data2\" content=\"1 minuta\" \/>\n<script type=\"application\/ld+json\" class=\"yoast-schema-graph\">{\"@context\":\"https:\/\/schema.org\",\"@graph\":[{\"@type\":\"Article\",\"@id\":\"https:\/\/pracowniczademokracja.org\/?p=5934#article\",\"isPartOf\":{\"@id\":\"https:\/\/pracowniczademokracja.org\/?p=5934\"},\"author\":{\"name\":\".\",\"@id\":\"https:\/\/pracowniczademokracja.org\/#\/schema\/person\/111010f0277257eac5a64dace1cd1ad8\"},\"headline\":\"Granice UE przyczyn\u0105 \u015bmierci prawie tysi\u0105ca migrant\u00f3w\",\"datePublished\":\"2019-09-01T21:50:07+00:00\",\"dateModified\":\"2019-10-13T22:11:37+00:00\",\"mainEntityOfPage\":{\"@id\":\"https:\/\/pracowniczademokracja.org\/?p=5934\"},\"wordCount\":241,\"image\":{\"@id\":\"https:\/\/pracowniczademokracja.org\/?p=5934#primaryimage\"},\"thumbnailUrl\":\"https:\/\/pracowniczademokracja.org\/wp-content\/uploads\/2019\/10\/migranci.morze_.srodziemne.jpg\",\"articleSection\":[\"Gazeta - wrzesie\u0144 2019\"],\"inLanguage\":\"pl-PL\"},{\"@type\":\"WebPage\",\"@id\":\"https:\/\/pracowniczademokracja.org\/?p=5934\",\"url\":\"https:\/\/pracowniczademokracja.org\/?p=5934\",\"name\":\"Granice UE przyczyn\u0105 \u015bmierci prawie tysi\u0105ca migrant\u00f3w - Pracownicza Demokracja\",\"isPartOf\":{\"@id\":\"https:\/\/pracowniczademokracja.org\/#website\"},\"primaryImageOfPage\":{\"@id\":\"https:\/\/pracowniczademokracja.org\/?p=5934#primaryimage\"},\"image\":{\"@id\":\"https:\/\/pracowniczademokracja.org\/?p=5934#primaryimage\"},\"thumbnailUrl\":\"https:\/\/pracowniczademokracja.org\/wp-content\/uploads\/2019\/10\/migranci.morze_.srodziemne.jpg\",\"datePublished\":\"2019-09-01T21:50:07+00:00\",\"dateModified\":\"2019-10-13T22:11:37+00:00\",\"author\":{\"@id\":\"https:\/\/pracowniczademokracja.org\/#\/schema\/person\/111010f0277257eac5a64dace1cd1ad8\"},\"breadcrumb\":{\"@id\":\"https:\/\/pracowniczademokracja.org\/?p=5934#breadcrumb\"},\"inLanguage\":\"pl-PL\",\"potentialAction\":[{\"@type\":\"ReadAction\",\"target\":[\"https:\/\/pracowniczademokracja.org\/?p=5934\"]}]},{\"@type\":\"ImageObject\",\"inLanguage\":\"pl-PL\",\"@id\":\"https:\/\/pracowniczademokracja.org\/?p=5934#primaryimage\",\"url\":\"https:\/\/pracowniczademokracja.org\/wp-content\/uploads\/2019\/10\/migranci.morze_.srodziemne.jpg\",\"contentUrl\":\"https:\/\/pracowniczademokracja.org\/wp-content\/uploads\/2019\/10\/migranci.morze_.srodziemne.jpg\",\"width\":1100,\"height\":619},{\"@type\":\"BreadcrumbList\",\"@id\":\"https:\/\/pracowniczademokracja.org\/?p=5934#breadcrumb\",\"itemListElement\":[{\"@type\":\"ListItem\",\"position\":1,\"name\":\"Strona g\u0142\u00f3wna\",\"item\":\"https:\/\/pracowniczademokracja.org\/\"},{\"@type\":\"ListItem\",\"position\":2,\"name\":\"Granice UE przyczyn\u0105 \u015bmierci prawie tysi\u0105ca migrant\u00f3w\"}]},{\"@type\":\"WebSite\",\"@id\":\"https:\/\/pracowniczademokracja.org\/#website\",\"url\":\"https:\/\/pracowniczademokracja.org\/\",\"name\":\"Pracownicza Demokracja\",\"description\":\"\",\"potentialAction\":[{\"@type\":\"SearchAction\",\"target\":{\"@type\":\"EntryPoint\",\"urlTemplate\":\"https:\/\/pracowniczademokracja.org\/?s={search_term_string}\"},\"query-input\":{\"@type\":\"PropertyValueSpecification\",\"valueRequired\":true,\"valueName\":\"search_term_string\"}}],\"inLanguage\":\"pl-PL\"},{\"@type\":\"Person\",\"@id\":\"https:\/\/pracowniczademokracja.org\/#\/schema\/person\/111010f0277257eac5a64dace1cd1ad8\",\"name\":\".\",\"url\":\"https:\/\/pracowniczademokracja.org\/?author=1\"}]}<\/script>\n<!-- \/ Yoast SEO plugin. -->","yoast_head_json":{"title":"Granice UE przyczyn\u0105 \u015bmierci prawie tysi\u0105ca migrant\u00f3w - Pracownicza Demokracja","robots":{"index":"index","follow":"follow","max-snippet":"max-snippet:-1","max-image-preview":"max-image-preview:large","max-video-preview":"max-video-preview:-1"},"canonical":"https:\/\/pracowniczademokracja.org\/?p=5934","og_locale":"pl_PL","og_type":"article","og_title":"Granice UE przyczyn\u0105 \u015bmierci prawie tysi\u0105ca migrant\u00f3w - Pracownicza Demokracja","og_description":"Wed\u0142ug Mi\u0119dzynarodowej Organizacji do Spraw Migracji od stycznia do sierpnia tego roku w Morzu \u015ar\u00f3dziemnym uton\u0119\u0142o ponad 800 uchod\u017ac\u00f3w. Wi\u0119kszo\u015b\u0107 z 843 ofiar \u2013 dok\u0142adnie 578 \u2013 zgin\u0119\u0142a w centralnej cz\u0119\u015bci akwenu, kt\u00f3ra rozci\u0105ga si\u0119 pomi\u0119dzy Libi\u0105 a W\u0142ochami. To jest najbardziej niebezpieczna trasa dla uchod\u017ac\u00f3w szukaj\u0105cych schronienia w Europie. Kolejne ograniczenia nak\u0142adane przez Uni\u0119 [&hellip;]","og_url":"https:\/\/pracowniczademokracja.org\/?p=5934","og_site_name":"Pracownicza Demokracja","article_published_time":"2019-09-01T21:50:07+00:00","article_modified_time":"2019-10-13T22:11:37+00:00","og_image":[{"width":1100,"height":619,"url":"https:\/\/pracowniczademokracja.org\/wp-content\/uploads\/2019\/10\/migranci.morze_.srodziemne.jpg","type":"image\/jpeg"}],"author":".","twitter_card":"summary_large_image","twitter_misc":{"Napisane przez":".","Szacowany czas czytania":"1 minuta"},"schema":{"@context":"https:\/\/schema.org","@graph":[{"@type":"Article","@id":"https:\/\/pracowniczademokracja.org\/?p=5934#article","isPartOf":{"@id":"https:\/\/pracowniczademokracja.org\/?p=5934"},"author":{"name":".","@id":"https:\/\/pracowniczademokracja.org\/#\/schema\/person\/111010f0277257eac5a64dace1cd1ad8"},"headline":"Granice UE przyczyn\u0105 \u015bmierci prawie tysi\u0105ca migrant\u00f3w","datePublished":"2019-09-01T21:50:07+00:00","dateModified":"2019-10-13T22:11:37+00:00","mainEntityOfPage":{"@id":"https:\/\/pracowniczademokracja.org\/?p=5934"},"wordCount":241,"image":{"@id":"https:\/\/pracowniczademokracja.org\/?p=5934#primaryimage"},"thumbnailUrl":"https:\/\/pracowniczademokracja.org\/wp-content\/uploads\/2019\/10\/migranci.morze_.srodziemne.jpg","articleSection":["Gazeta - wrzesie\u0144 2019"],"inLanguage":"pl-PL"},{"@type":"WebPage","@id":"https:\/\/pracowniczademokracja.org\/?p=5934","url":"https:\/\/pracowniczademokracja.org\/?p=5934","name":"Granice UE przyczyn\u0105 \u015bmierci prawie tysi\u0105ca migrant\u00f3w - Pracownicza Demokracja","isPartOf":{"@id":"https:\/\/pracowniczademokracja.org\/#website"},"primaryImageOfPage":{"@id":"https:\/\/pracowniczademokracja.org\/?p=5934#primaryimage"},"image":{"@id":"https:\/\/pracowniczademokracja.org\/?p=5934#primaryimage"},"thumbnailUrl":"https:\/\/pracowniczademokracja.org\/wp-content\/uploads\/2019\/10\/migranci.morze_.srodziemne.jpg","datePublished":"2019-09-01T21:50:07+00:00","dateModified":"2019-10-13T22:11:37+00:00","author":{"@id":"https:\/\/pracowniczademokracja.org\/#\/schema\/person\/111010f0277257eac5a64dace1cd1ad8"},"breadcrumb":{"@id":"https:\/\/pracowniczademokracja.org\/?p=5934#breadcrumb"},"inLanguage":"pl-PL","potentialAction":[{"@type":"ReadAction","target":["https:\/\/pracowniczademokracja.org\/?p=5934"]}]},{"@type":"ImageObject","inLanguage":"pl-PL","@id":"https:\/\/pracowniczademokracja.org\/?p=5934#primaryimage","url":"https:\/\/pracowniczademokracja.org\/wp-content\/uploads\/2019\/10\/migranci.morze_.srodziemne.jpg","contentUrl":"https:\/\/pracowniczademokracja.org\/wp-content\/uploads\/2019\/10\/migranci.morze_.srodziemne.jpg","width":1100,"height":619},{"@type":"BreadcrumbList","@id":"https:\/\/pracowniczademokracja.org\/?p=5934#breadcrumb","itemListElement":[{"@type":"ListItem","position":1,"name":"Strona g\u0142\u00f3wna","item":"https:\/\/pracowniczademokracja.org\/"},{"@type":"ListItem","position":2,"name":"Granice UE przyczyn\u0105 \u015bmierci prawie tysi\u0105ca migrant\u00f3w"}]},{"@type":"WebSite","@id":"https:\/\/pracowniczademokracja.org\/#website","url":"https:\/\/pracowniczademokracja.org\/","name":"Pracownicza Demokracja","description":"","potentialAction":[{"@type":"SearchAction","target":{"@type":"EntryPoint","urlTemplate":"https:\/\/pracowniczademokracja.org\/?s={search_term_string}"},"query-input":{"@type":"PropertyValueSpecification","valueRequired":true,"valueName":"search_term_string"}}],"inLanguage":"pl-PL"},{"@type":"Person","@id":"https:\/\/pracowniczademokracja.org\/#\/schema\/person\/111010f0277257eac5a64dace1cd1ad8","name":".","url":"https:\/\/pracowniczademokracja.org\/?author=1"}]}},"_links":{"self":[{"href":"https:\/\/pracowniczademokracja.org\/index.php?rest_route=\/wp\/v2\/posts\/5934","targetHints":{"allow":["GET"]}}],"collection":[{"href":"https:\/\/pracowniczademokracja.org\/index.php?rest_route=\/wp\/v2\/posts"}],"about":[{"href":"https:\/\/pracowniczademokracja.org\/index.php?rest_route=\/wp\/v2\/types\/post"}],"author":[{"embeddable":true,"href":"https:\/\/pracowniczademokracja.org\/index.php?rest_route=\/wp\/v2\/users\/1"}],"replies":[{"embeddable":true,"href":"https:\/\/pracowniczademokracja.org\/index.php?rest_route=%2Fwp%2Fv2%2Fcomments&post=5934"}],"version-history":[{"count":1,"href":"https:\/\/pracowniczademokracja.org\/index.php?rest_route=\/wp\/v2\/posts\/5934\/revisions"}],"predecessor-version":[{"id":5936,"href":"https:\/\/pracowniczademokracja.org\/index.php?rest_route=\/wp\/v2\/posts\/5934\/revisions\/5936"}],"wp:featuredmedia":[{"embeddable":true,"href":"https:\/\/pracowniczademokracja.org\/index.php?rest_route=\/wp\/v2\/media\/5935"}],"wp:attachment":[{"href":"https:\/\/pracowniczademokracja.org\/index.php?rest_route=%2Fwp%2Fv2%2Fmedia&parent=5934"}],"wp:term":[{"taxonomy":"category","embeddable":true,"href":"https:\/\/pracowniczademokracja.org\/index.php?rest_route=%2Fwp%2Fv2%2Fcategories&post=5934"},{"taxonomy":"post_tag","embeddable":true,"href":"https:\/\/pracowniczademokracja.org\/index.php?rest_route=%2Fwp%2Fv2%2Ftags&post=5934"}],"curies":[{"name":"wp","href":"https:\/\/api.w.org\/{rel}","templated":true}]}}