{"id":3697,"date":"2015-07-01T23:54:04","date_gmt":"2015-07-01T22:54:04","guid":{"rendered":"http:\/\/pracowniczademokracja.home.pl\/autoinstalator\/wordpress\/?p=3697"},"modified":"2015-09-22T14:36:24","modified_gmt":"2015-09-22T13:36:24","slug":"budujmy-lewice-bez-sld","status":"publish","type":"post","link":"https:\/\/pracowniczademokracja.org\/?p=3697","title":{"rendered":"Budujmy lewic\u0119 bez SLD"},"content":{"rendered":"<div id=\"attachment_3698\" style=\"width: 310px\" class=\"wp-caption alignnone\"><a href=\"http:\/\/pracowniczademokracja.home.pl\/autoinstalator\/wordpress\/?attachment_id=3698\" rel=\"attachment wp-att-3698\"><img loading=\"lazy\" decoding=\"async\" aria-describedby=\"caption-attachment-3698\" class=\"size-medium wp-image-3698\" src=\"http:\/\/pracowniczademokracja.home.pl\/autoinstalator\/wordpress\/wp-content\/uploads\/2015\/09\/nowacka.gawkowski-300x168.jpg\" alt=\"29.06.15 Wsp\u00f3\u0142przewodnicz\u0105ca Twojego Ruchu Barbara Nowacka  i sekretarz generalny SLD Krzysztof Gawkowski. Nie t\u0119dy droga.\" width=\"300\" height=\"168\" \/><\/a><p id=\"caption-attachment-3698\" class=\"wp-caption-text\">29.06.15 Wsp\u00f3\u0142przewodnicz\u0105ca Twojego Ruchu Barbara Nowacka<br \/>i sekretarz generalny SLD Krzysztof Gawkowski. Nie t\u0119dy droga.<\/p><\/div>\n<p><strong><span id=\"inserted9916\" style=\"font-size: 16px;\">O\u015bwiadczenie Pracowniczej Demokracji\u00a0 &#8211;\u00a0 18.06.2015<\/span><\/strong><\/p>\n<p><strong>Pracownicza Demokracja, dzia\u0142aj\u0105ca w ramach Ruchu Sprawiedliwo\u015bci Spo\u0142ecznej,\u00a0 przeciwstawia si\u0119 wszelkim umowom wyborczym z SLD.<\/strong><\/p>\n<p>Z zaniepokojeniem obserwowali\u015bmy spotkanie, kt\u00f3re odby\u0142o si\u0119 w siedzibie OPZZ 17 czerwca. Zaproszenie przez OPZZ lewicowych organizacji by\u0142o tak naprawd\u0119 zaproszeniem do jakiej\u015b formy tworzenia sojuszu wyborczego z SLD. Obecno\u015b\u0107 Leszka Millera tylko to potwierdzi\u0142a.<\/p>\n<p>Dzi\u015b SLD traci spo\u0142eczne poparcie, dlatego nie m\u00f3g\u0142 zaprosi\u0107 lewicowych organizacji we w\u0142asnym imieniu.<\/p>\n<p>SLD wielokrotnie pokaza\u0142, \u017ce dzia\u0142a wbrew interesom zwyk\u0142ych ludzi. Je\u015bli chcemy budowa\u0107 lewic\u0119 z prawdziwego zdarzenia, nasz\u0105 rol\u0105 nie mo\u017ce by\u0107 ratowanie ton\u0105cej partii Millera.<\/p>\n<p>Lewica powinna jak najbardziej reprezentowa\u0107 d\u0105\u017cenia walcz\u0105cych zwi\u0105zkowc\u00f3w. W tym celu musi przekonywa\u0107 OPZZ do zerwania politycznego sojuszu z SLD.<\/p>\n<p>Uwa\u017camy, \u017ce wybory parlamentarne s\u0105 wa\u017cn\u0105 aren\u0105 dla przekonywania milion\u00f3w ludzi do lewicowej polityki walki z wyzyskiem i dyskryminacj\u0105.<\/p>\n<p>Walka wyborcza jest jednak tylko \u015brodkiem do podniesienia poziomu walki poza parlamentem \u2013 dlatego lewica musi uczestniczy\u0107 w kampaniach przeciw ci\u0119ciom i eksmisjom, w demonstracjach ulicznych i strajkach. Prawdziwe zmiany w polityce s\u0105 mo\u017cliwe tylko wtedy, kiedy zwykli ludzie stawiaj\u0105 aktywny op\u00f3r.<\/p>\n<p>Od 2014 roku cz\u0142onkowie Pracowniczej Demokracji wsp\u00f3\u0142tworz\u0105 Ruch Sprawiedliwo\u015bci Spo\u0142ecznej, by przesun\u0105\u0107 polityk\u0119 w Polsce w lewo. Pozostaje to naszym celem.<\/p>\n<p>Apelujemy do wszystkich ludzi autentycznej lewicy, w tym naszych wsp\u00f3\u0142towarzyszy i nasze wsp\u00f3\u0142towarzyszki w RSS, by nie uczestniczy\u0107 ani w zespole programowym powo\u0142anym 17 czerwca wsp\u00f3lnie z SLD ani w jakiejkolwiek innej wsp\u00f3\u0142pracy wyborczej z SLD. Nasz\u0105 racj\u0105 bytu jest pokazanie, \u017ce alternatywna lewica wobec tej skompromitowanej partii jest mo\u017cliwa.<\/p>\n","protected":false},"excerpt":{"rendered":"<p>O\u015bwiadczenie Pracowniczej Demokracji\u00a0 &#8211;\u00a0 18.06.2015 Pracownicza Demokracja, dzia\u0142aj\u0105ca w ramach Ruchu Sprawiedliwo\u015bci Spo\u0142ecznej,\u00a0 przeciwstawia si\u0119 wszelkim umowom wyborczym z SLD. Z zaniepokojeniem obserwowali\u015bmy spotkanie, kt\u00f3re odby\u0142o si\u0119 w siedzibie OPZZ 17 czerwca. Zaproszenie przez OPZZ lewicowych organizacji by\u0142o tak naprawd\u0119 zaproszeniem do jakiej\u015b formy tworzenia sojuszu wyborczego z SLD. Obecno\u015b\u0107 Leszka Millera tylko to potwierdzi\u0142a. [&hellip;]<\/p>\n","protected":false},"author":1,"featured_media":3698,"comment_status":"closed","ping_status":"closed","sticky":false,"template":"","format":"standard","meta":{"footnotes":""},"categories":[86],"tags":[],"class_list":["post-3697","post","type-post","status-publish","format-standard","has-post-thumbnail","hentry","category-gazeta-lipiec-sierpien-2015"],"yoast_head":"<!-- This site is optimized with the Yoast SEO plugin v26.7 - https:\/\/yoast.com\/wordpress\/plugins\/seo\/ -->\n<title>Budujmy lewic\u0119 bez SLD - Pracownicza Demokracja<\/title>\n<meta name=\"robots\" content=\"index, follow, max-snippet:-1, max-image-preview:large, max-video-preview:-1\" \/>\n<link rel=\"canonical\" href=\"https:\/\/pracowniczademokracja.org\/?p=3697\" \/>\n<meta property=\"og:locale\" content=\"pl_PL\" \/>\n<meta property=\"og:type\" content=\"article\" \/>\n<meta property=\"og:title\" content=\"Budujmy lewic\u0119 bez SLD - Pracownicza Demokracja\" \/>\n<meta property=\"og:description\" content=\"O\u015bwiadczenie Pracowniczej Demokracji\u00a0 &#8211;\u00a0 18.06.2015 Pracownicza Demokracja, dzia\u0142aj\u0105ca w ramach Ruchu Sprawiedliwo\u015bci Spo\u0142ecznej,\u00a0 przeciwstawia si\u0119 wszelkim umowom wyborczym z SLD. Z zaniepokojeniem obserwowali\u015bmy spotkanie, kt\u00f3re odby\u0142o si\u0119 w siedzibie OPZZ 17 czerwca. Zaproszenie przez OPZZ lewicowych organizacji by\u0142o tak naprawd\u0119 zaproszeniem do jakiej\u015b formy tworzenia sojuszu wyborczego z SLD. Obecno\u015b\u0107 Leszka Millera tylko to potwierdzi\u0142a. [&hellip;]\" \/>\n<meta property=\"og:url\" content=\"https:\/\/pracowniczademokracja.org\/?p=3697\" \/>\n<meta property=\"og:site_name\" content=\"Pracownicza Demokracja\" \/>\n<meta property=\"article:published_time\" content=\"2015-07-01T22:54:04+00:00\" \/>\n<meta property=\"article:modified_time\" content=\"2015-09-22T13:36:24+00:00\" \/>\n<meta property=\"og:image\" content=\"https:\/\/pracowniczademokracja.org\/wp-content\/uploads\/2015\/09\/nowacka.gawkowski.jpg\" \/>\n\t<meta property=\"og:image:width\" content=\"400\" \/>\n\t<meta property=\"og:image:height\" content=\"225\" \/>\n\t<meta property=\"og:image:type\" content=\"image\/jpeg\" \/>\n<meta name=\"author\" content=\".\" \/>\n<meta name=\"twitter:card\" content=\"summary_large_image\" \/>\n<meta name=\"twitter:label1\" content=\"Napisane przez\" \/>\n\t<meta name=\"twitter:data1\" content=\".\" \/>\n\t<meta name=\"twitter:label2\" content=\"Szacowany czas czytania\" \/>\n\t<meta name=\"twitter:data2\" content=\"2 minuty\" \/>\n<script type=\"application\/ld+json\" class=\"yoast-schema-graph\">{\"@context\":\"https:\/\/schema.org\",\"@graph\":[{\"@type\":\"Article\",\"@id\":\"https:\/\/pracowniczademokracja.org\/?p=3697#article\",\"isPartOf\":{\"@id\":\"https:\/\/pracowniczademokracja.org\/?p=3697\"},\"author\":{\"name\":\".\",\"@id\":\"https:\/\/pracowniczademokracja.org\/#\/schema\/person\/111010f0277257eac5a64dace1cd1ad8\"},\"headline\":\"Budujmy lewic\u0119 bez SLD\",\"datePublished\":\"2015-07-01T22:54:04+00:00\",\"dateModified\":\"2015-09-22T13:36:24+00:00\",\"mainEntityOfPage\":{\"@id\":\"https:\/\/pracowniczademokracja.org\/?p=3697\"},\"wordCount\":306,\"image\":{\"@id\":\"https:\/\/pracowniczademokracja.org\/?p=3697#primaryimage\"},\"thumbnailUrl\":\"https:\/\/pracowniczademokracja.org\/wp-content\/uploads\/2015\/09\/nowacka.gawkowski.jpg\",\"articleSection\":[\"Gazeta - lipiec-sierpie\u0144 2015\"],\"inLanguage\":\"pl-PL\"},{\"@type\":\"WebPage\",\"@id\":\"https:\/\/pracowniczademokracja.org\/?p=3697\",\"url\":\"https:\/\/pracowniczademokracja.org\/?p=3697\",\"name\":\"Budujmy lewic\u0119 bez SLD - Pracownicza Demokracja\",\"isPartOf\":{\"@id\":\"https:\/\/pracowniczademokracja.org\/#website\"},\"primaryImageOfPage\":{\"@id\":\"https:\/\/pracowniczademokracja.org\/?p=3697#primaryimage\"},\"image\":{\"@id\":\"https:\/\/pracowniczademokracja.org\/?p=3697#primaryimage\"},\"thumbnailUrl\":\"https:\/\/pracowniczademokracja.org\/wp-content\/uploads\/2015\/09\/nowacka.gawkowski.jpg\",\"datePublished\":\"2015-07-01T22:54:04+00:00\",\"dateModified\":\"2015-09-22T13:36:24+00:00\",\"author\":{\"@id\":\"https:\/\/pracowniczademokracja.org\/#\/schema\/person\/111010f0277257eac5a64dace1cd1ad8\"},\"breadcrumb\":{\"@id\":\"https:\/\/pracowniczademokracja.org\/?p=3697#breadcrumb\"},\"inLanguage\":\"pl-PL\",\"potentialAction\":[{\"@type\":\"ReadAction\",\"target\":[\"https:\/\/pracowniczademokracja.org\/?p=3697\"]}]},{\"@type\":\"ImageObject\",\"inLanguage\":\"pl-PL\",\"@id\":\"https:\/\/pracowniczademokracja.org\/?p=3697#primaryimage\",\"url\":\"https:\/\/pracowniczademokracja.org\/wp-content\/uploads\/2015\/09\/nowacka.gawkowski.jpg\",\"contentUrl\":\"https:\/\/pracowniczademokracja.org\/wp-content\/uploads\/2015\/09\/nowacka.gawkowski.jpg\",\"width\":400,\"height\":225,\"caption\":\"29.06.15 Wsp\u00f3\u0142przewodnicz\u0105ca Twojego Ruchu Barbara Nowacka i sekretarz generalny SLD Krzysztof Gawkowski. Nie t\u0119dy droga.\"},{\"@type\":\"BreadcrumbList\",\"@id\":\"https:\/\/pracowniczademokracja.org\/?p=3697#breadcrumb\",\"itemListElement\":[{\"@type\":\"ListItem\",\"position\":1,\"name\":\"Strona g\u0142\u00f3wna\",\"item\":\"https:\/\/pracowniczademokracja.org\/\"},{\"@type\":\"ListItem\",\"position\":2,\"name\":\"Budujmy lewic\u0119 bez SLD\"}]},{\"@type\":\"WebSite\",\"@id\":\"https:\/\/pracowniczademokracja.org\/#website\",\"url\":\"https:\/\/pracowniczademokracja.org\/\",\"name\":\"Pracownicza Demokracja\",\"description\":\"\",\"potentialAction\":[{\"@type\":\"SearchAction\",\"target\":{\"@type\":\"EntryPoint\",\"urlTemplate\":\"https:\/\/pracowniczademokracja.org\/?s={search_term_string}\"},\"query-input\":{\"@type\":\"PropertyValueSpecification\",\"valueRequired\":true,\"valueName\":\"search_term_string\"}}],\"inLanguage\":\"pl-PL\"},{\"@type\":\"Person\",\"@id\":\"https:\/\/pracowniczademokracja.org\/#\/schema\/person\/111010f0277257eac5a64dace1cd1ad8\",\"name\":\".\",\"url\":\"https:\/\/pracowniczademokracja.org\/?author=1\"}]}<\/script>\n<!-- \/ Yoast SEO plugin. -->","yoast_head_json":{"title":"Budujmy lewic\u0119 bez SLD - Pracownicza Demokracja","robots":{"index":"index","follow":"follow","max-snippet":"max-snippet:-1","max-image-preview":"max-image-preview:large","max-video-preview":"max-video-preview:-1"},"canonical":"https:\/\/pracowniczademokracja.org\/?p=3697","og_locale":"pl_PL","og_type":"article","og_title":"Budujmy lewic\u0119 bez SLD - Pracownicza Demokracja","og_description":"O\u015bwiadczenie Pracowniczej Demokracji\u00a0 &#8211;\u00a0 18.06.2015 Pracownicza Demokracja, dzia\u0142aj\u0105ca w ramach Ruchu Sprawiedliwo\u015bci Spo\u0142ecznej,\u00a0 przeciwstawia si\u0119 wszelkim umowom wyborczym z SLD. Z zaniepokojeniem obserwowali\u015bmy spotkanie, kt\u00f3re odby\u0142o si\u0119 w siedzibie OPZZ 17 czerwca. Zaproszenie przez OPZZ lewicowych organizacji by\u0142o tak naprawd\u0119 zaproszeniem do jakiej\u015b formy tworzenia sojuszu wyborczego z SLD. Obecno\u015b\u0107 Leszka Millera tylko to potwierdzi\u0142a. [&hellip;]","og_url":"https:\/\/pracowniczademokracja.org\/?p=3697","og_site_name":"Pracownicza Demokracja","article_published_time":"2015-07-01T22:54:04+00:00","article_modified_time":"2015-09-22T13:36:24+00:00","og_image":[{"width":400,"height":225,"url":"https:\/\/pracowniczademokracja.org\/wp-content\/uploads\/2015\/09\/nowacka.gawkowski.jpg","type":"image\/jpeg"}],"author":".","twitter_card":"summary_large_image","twitter_misc":{"Napisane przez":".","Szacowany czas czytania":"2 minuty"},"schema":{"@context":"https:\/\/schema.org","@graph":[{"@type":"Article","@id":"https:\/\/pracowniczademokracja.org\/?p=3697#article","isPartOf":{"@id":"https:\/\/pracowniczademokracja.org\/?p=3697"},"author":{"name":".","@id":"https:\/\/pracowniczademokracja.org\/#\/schema\/person\/111010f0277257eac5a64dace1cd1ad8"},"headline":"Budujmy lewic\u0119 bez SLD","datePublished":"2015-07-01T22:54:04+00:00","dateModified":"2015-09-22T13:36:24+00:00","mainEntityOfPage":{"@id":"https:\/\/pracowniczademokracja.org\/?p=3697"},"wordCount":306,"image":{"@id":"https:\/\/pracowniczademokracja.org\/?p=3697#primaryimage"},"thumbnailUrl":"https:\/\/pracowniczademokracja.org\/wp-content\/uploads\/2015\/09\/nowacka.gawkowski.jpg","articleSection":["Gazeta - lipiec-sierpie\u0144 2015"],"inLanguage":"pl-PL"},{"@type":"WebPage","@id":"https:\/\/pracowniczademokracja.org\/?p=3697","url":"https:\/\/pracowniczademokracja.org\/?p=3697","name":"Budujmy lewic\u0119 bez SLD - Pracownicza Demokracja","isPartOf":{"@id":"https:\/\/pracowniczademokracja.org\/#website"},"primaryImageOfPage":{"@id":"https:\/\/pracowniczademokracja.org\/?p=3697#primaryimage"},"image":{"@id":"https:\/\/pracowniczademokracja.org\/?p=3697#primaryimage"},"thumbnailUrl":"https:\/\/pracowniczademokracja.org\/wp-content\/uploads\/2015\/09\/nowacka.gawkowski.jpg","datePublished":"2015-07-01T22:54:04+00:00","dateModified":"2015-09-22T13:36:24+00:00","author":{"@id":"https:\/\/pracowniczademokracja.org\/#\/schema\/person\/111010f0277257eac5a64dace1cd1ad8"},"breadcrumb":{"@id":"https:\/\/pracowniczademokracja.org\/?p=3697#breadcrumb"},"inLanguage":"pl-PL","potentialAction":[{"@type":"ReadAction","target":["https:\/\/pracowniczademokracja.org\/?p=3697"]}]},{"@type":"ImageObject","inLanguage":"pl-PL","@id":"https:\/\/pracowniczademokracja.org\/?p=3697#primaryimage","url":"https:\/\/pracowniczademokracja.org\/wp-content\/uploads\/2015\/09\/nowacka.gawkowski.jpg","contentUrl":"https:\/\/pracowniczademokracja.org\/wp-content\/uploads\/2015\/09\/nowacka.gawkowski.jpg","width":400,"height":225,"caption":"29.06.15 Wsp\u00f3\u0142przewodnicz\u0105ca Twojego Ruchu Barbara Nowacka i sekretarz generalny SLD Krzysztof Gawkowski. Nie t\u0119dy droga."},{"@type":"BreadcrumbList","@id":"https:\/\/pracowniczademokracja.org\/?p=3697#breadcrumb","itemListElement":[{"@type":"ListItem","position":1,"name":"Strona g\u0142\u00f3wna","item":"https:\/\/pracowniczademokracja.org\/"},{"@type":"ListItem","position":2,"name":"Budujmy lewic\u0119 bez SLD"}]},{"@type":"WebSite","@id":"https:\/\/pracowniczademokracja.org\/#website","url":"https:\/\/pracowniczademokracja.org\/","name":"Pracownicza Demokracja","description":"","potentialAction":[{"@type":"SearchAction","target":{"@type":"EntryPoint","urlTemplate":"https:\/\/pracowniczademokracja.org\/?s={search_term_string}"},"query-input":{"@type":"PropertyValueSpecification","valueRequired":true,"valueName":"search_term_string"}}],"inLanguage":"pl-PL"},{"@type":"Person","@id":"https:\/\/pracowniczademokracja.org\/#\/schema\/person\/111010f0277257eac5a64dace1cd1ad8","name":".","url":"https:\/\/pracowniczademokracja.org\/?author=1"}]}},"_links":{"self":[{"href":"https:\/\/pracowniczademokracja.org\/index.php?rest_route=\/wp\/v2\/posts\/3697","targetHints":{"allow":["GET"]}}],"collection":[{"href":"https:\/\/pracowniczademokracja.org\/index.php?rest_route=\/wp\/v2\/posts"}],"about":[{"href":"https:\/\/pracowniczademokracja.org\/index.php?rest_route=\/wp\/v2\/types\/post"}],"author":[{"embeddable":true,"href":"https:\/\/pracowniczademokracja.org\/index.php?rest_route=\/wp\/v2\/users\/1"}],"replies":[{"embeddable":true,"href":"https:\/\/pracowniczademokracja.org\/index.php?rest_route=%2Fwp%2Fv2%2Fcomments&post=3697"}],"version-history":[{"count":1,"href":"https:\/\/pracowniczademokracja.org\/index.php?rest_route=\/wp\/v2\/posts\/3697\/revisions"}],"predecessor-version":[{"id":3699,"href":"https:\/\/pracowniczademokracja.org\/index.php?rest_route=\/wp\/v2\/posts\/3697\/revisions\/3699"}],"wp:featuredmedia":[{"embeddable":true,"href":"https:\/\/pracowniczademokracja.org\/index.php?rest_route=\/wp\/v2\/media\/3698"}],"wp:attachment":[{"href":"https:\/\/pracowniczademokracja.org\/index.php?rest_route=%2Fwp%2Fv2%2Fmedia&parent=3697"}],"wp:term":[{"taxonomy":"category","embeddable":true,"href":"https:\/\/pracowniczademokracja.org\/index.php?rest_route=%2Fwp%2Fv2%2Fcategories&post=3697"},{"taxonomy":"post_tag","embeddable":true,"href":"https:\/\/pracowniczademokracja.org\/index.php?rest_route=%2Fwp%2Fv2%2Ftags&post=3697"}],"curies":[{"name":"wp","href":"https:\/\/api.w.org\/{rel}","templated":true}]}}