{"id":3585,"date":"2015-07-01T23:51:55","date_gmt":"2015-07-01T22:51:55","guid":{"rendered":"http:\/\/pracowniczademokracja.home.pl\/autoinstalator\/wordpress\/?p=3585"},"modified":"2015-09-22T13:44:28","modified_gmt":"2015-09-22T12:44:28","slug":"stanowisko-nurtu-miedzynarodowego-socjalizmu-ist-w-sprawie-grecji-nie-porozumieniu","status":"publish","type":"post","link":"https:\/\/pracowniczademokracja.org\/?p=3585","title":{"rendered":"GRECJA &#8211; Ich walka to nasza walka"},"content":{"rendered":"<p><a href=\"http:\/\/pracowniczademokracja.home.pl\/autoinstalator\/wordpress\/?attachment_id=3586\" rel=\"attachment wp-att-3586\"><img loading=\"lazy\" decoding=\"async\" class=\"alignnone size-medium wp-image-3586\" src=\"http:\/\/pracowniczademokracja.home.pl\/autoinstalator\/wordpress\/wp-content\/uploads\/2015\/07\/sek.demonstracja.grecja.0615jpg-300x182.jpg\" alt=\"SEK na demonstracji w Grecji\" width=\"300\" height=\"182\" \/><\/a><br \/>\n<strong><span id=\"inserted1385\" style=\"font-size: 16px;\">Stanowisko Nurtu Mi\u0119dzynarodowego Socjalizmu (IST) w sprawie Grecji: NIE porozumieniu!<\/span><\/strong><\/p>\n<ol>\n<li>Zwyci\u0119stwo Syrizy w wyborach parlamentarnych w Grecji 25 stycznia 2015 roku by\u0142o triumfem lewicy i ruchu pracowniczego &#8211; nie tylko w Grecji, lecz tak\u017ce w ca\u0142ej Europie. Stanowi\u0142o punkt prze\u0142omu w walce z programem ci\u0119\u0107, b\u0119d\u0105cym reakcj\u0105 zachodnich klas rz\u0105dz\u0105cych na \u015bwiatowy kryzys gospodarczy (gdy min\u0119\u0142a pierwsza panika spowodowana krachem finansowym z 2008 roku).<\/li>\n<\/ol>\n<p>&nbsp;<\/p>\n<ol start=\"2\">\n<li>W ci\u0105gu nast\u0119pnych pi\u0119ciu miesi\u0119cy rz\u0105d Aleksisa Tsiprasa usilnie stara\u0142 si\u0119 osi\u0105gn\u0105\u0107 kompromis z g\u0142\u00f3wnymi si\u0142ami Unii Europejskiej w kwestii zmniejszenia wymiaru ci\u0119\u0107 i zmniejszenia ci\u0119\u017caru zad\u0142u\u017cenia na tyle, by ludzie w Grecji byli je w stanie ud\u017awign\u0105\u0107. Tsipras i jego sojusznicy d\u0105\u017cyli do tego celu nawet p\u00f3\u017aniej, kiedy 20 lutego zostali zmuszeni do ust\u0119pstw, gdy sta\u0142o si\u0119 jasne, \u017ce eurogrupa ministr\u00f3w finans\u00f3w pa\u0144stw strefy Euro, a wraz z nimi rz\u0105d Niemiec, s\u0105 zdeterminowane, by doprowadzi\u0107 Syriz\u0119 do upokarzaj\u0105cej kl\u0119ski.<\/li>\n<\/ol>\n<p>&nbsp;<\/p>\n<ol start=\"3\">\n<li>W ubieg\u0142ym tygodniu rz\u0105d Syrizy zosta\u0142 zmuszony do zaakceptowania, \u017ce zmierza do nieosi\u0105galnego celu. Eurogrupa i jej sojusznicy w tak zwanych &#8222;instytucjach&#8221; (Komisja Europejska, Europejski Bank Centralny i Mi\u0119dzynarodowy Fundusz Walutowy) nadal domaga\u0142y si\u0119 jeszcze bardziej drako\u0144skich ci\u0119\u0107 &#8211; obni\u017cek emerytur, podwy\u017cki VAT-u, \u201ereform\u201d rynku pracy &#8211; odrzucaj\u0105c jednocze\u015bnie propozycj\u0119 redukcji zad\u0142u\u017cenia.<\/li>\n<\/ol>\n<p>&nbsp;<\/p>\n<ol start=\"4\">\n<li>W odpowiedzi w pi\u0105tek 26 czerwca Tsipras zapowiedzia\u0142 na niedziel\u0119 5 lipca referendum w tej sprawie. Jest to zwyci\u0119stwo lewicy i ruchu pracowniczego w Grecji, kt\u00f3re naciska\u0142y na rz\u0105d, by odrzuci\u0107 unijny dyktat. Wywo\u0142a\u0142o to rado\u015b\u0107 lewicy w ca\u0142ej Europie.<\/li>\n<\/ol>\n<p>&nbsp;<\/p>\n<ol start=\"5\">\n<li>Eurogrupa i jej sojusznicy zareagowali na to z furi\u0105. Ca\u0142a logika budowy systemu europejskiego sprowadza si\u0119 do centralizacji w\u0142adzy w &#8222;instytucjach&#8221;, ,kt\u00f3rych nie dasi\u0119 rozliczy\u0107 przez powszechne g\u0142osowanie. Kolejne traktaty s\u0105 odrzucane w krajowych referendach. Teraz zwykli Grecy maj\u0105 szans\u0119 na wyra\u017cenie swej woli w kwestii ci\u0119\u0107. Europejski Bank Centralny usi\u0142uje ich zastraszy\u0107 i zmusi\u0107 do podporz\u0105dkowania si\u0119 poprzez odci\u0119cie dop\u0142ywu \u015brodk\u00f3w finansowych do greckich bank\u00f3w. Antydemokratyczny charakter Unii Europejskiej nie by\u0142 nigdy bardziej widoczny.<\/li>\n<\/ol>\n<p>&nbsp;<\/p>\n<ol start=\"6\">\n<li>Stoimy u boku naszych towarzyszy z greckiej Socjalistycznej Partii Pracowniczej (SEK) i ich sojusznik\u00f3w z Frontu Antykapitalistycznego (ANTARSYA), wzywaj\u0105c do oddania g\u0142osu na NIE w referendum. Odrzucenie propozycji eurogrupy wzmocni walk\u0119 z ci\u0119ciami &#8211; tak w Grecji, jak i w ca\u0142ej Europie.<\/li>\n<\/ol>\n<p>&nbsp;<\/p>\n<ol start=\"7\">\n<li>Wzywamy antykapitalist\u00f3w i socjalist\u00f3w na ca\u0142ym \u015bwiecie do okazania swej solidarno\u015bci z walk\u0105 greckich mas s\u0142owami, a zw\u0142aszcza &#8211; je\u017celi to mo\u017cliwe \u2013 czynami. Ich walka jest r\u00f3wnie\u017c nasz\u0105 walk\u0105.<\/li>\n<\/ol>\n<p>&nbsp;<\/p>\n<p style=\"text-align: right;\"><strong>Koordynacja Nurtu Mi\u0119dzynarodowego Socjalizmu<\/strong><\/p>\n<p style=\"text-align: right;\"><strong>29 czerwca 2015 r.<\/strong><\/p>\n<p style=\"text-align: right;\"><strong>T\u0142umaczy\u0142 Micha Wysocki<\/strong><\/p>\n<p>&nbsp;<\/p>\n<p>&nbsp;<\/p>\n","protected":false},"excerpt":{"rendered":"<p>Stanowisko Nurtu Mi\u0119dzynarodowego Socjalizmu (IST) w sprawie Grecji: NIE porozumieniu! Zwyci\u0119stwo Syrizy w wyborach parlamentarnych w Grecji 25 stycznia 2015 roku by\u0142o triumfem lewicy i ruchu pracowniczego &#8211; nie tylko w Grecji, lecz tak\u017ce w ca\u0142ej Europie. Stanowi\u0142o punkt prze\u0142omu w walce z programem ci\u0119\u0107, b\u0119d\u0105cym reakcj\u0105 zachodnich klas rz\u0105dz\u0105cych na \u015bwiatowy kryzys gospodarczy (gdy [&hellip;]<\/p>\n","protected":false},"author":1,"featured_media":3586,"comment_status":"closed","ping_status":"closed","sticky":false,"template":"","format":"standard","meta":{"footnotes":""},"categories":[86],"tags":[],"class_list":["post-3585","post","type-post","status-publish","format-standard","has-post-thumbnail","hentry","category-gazeta-lipiec-sierpien-2015"],"yoast_head":"<!-- This site is optimized with the Yoast SEO plugin v26.7 - https:\/\/yoast.com\/wordpress\/plugins\/seo\/ -->\n<title>GRECJA - Ich walka to nasza walka - Pracownicza Demokracja<\/title>\n<meta name=\"robots\" content=\"index, follow, max-snippet:-1, max-image-preview:large, max-video-preview:-1\" \/>\n<link rel=\"canonical\" href=\"https:\/\/pracowniczademokracja.org\/?p=3585\" \/>\n<meta property=\"og:locale\" content=\"pl_PL\" \/>\n<meta property=\"og:type\" content=\"article\" \/>\n<meta property=\"og:title\" content=\"GRECJA - Ich walka to nasza walka - Pracownicza Demokracja\" \/>\n<meta property=\"og:description\" content=\"Stanowisko Nurtu Mi\u0119dzynarodowego Socjalizmu (IST) w sprawie Grecji: NIE porozumieniu! Zwyci\u0119stwo Syrizy w wyborach parlamentarnych w Grecji 25 stycznia 2015 roku by\u0142o triumfem lewicy i ruchu pracowniczego &#8211; nie tylko w Grecji, lecz tak\u017ce w ca\u0142ej Europie. Stanowi\u0142o punkt prze\u0142omu w walce z programem ci\u0119\u0107, b\u0119d\u0105cym reakcj\u0105 zachodnich klas rz\u0105dz\u0105cych na \u015bwiatowy kryzys gospodarczy (gdy [&hellip;]\" \/>\n<meta property=\"og:url\" content=\"https:\/\/pracowniczademokracja.org\/?p=3585\" \/>\n<meta property=\"og:site_name\" content=\"Pracownicza Demokracja\" \/>\n<meta property=\"article:published_time\" content=\"2015-07-01T22:51:55+00:00\" \/>\n<meta property=\"article:modified_time\" content=\"2015-09-22T12:44:28+00:00\" \/>\n<meta property=\"og:image\" content=\"https:\/\/pracowniczademokracja.org\/wp-content\/uploads\/2015\/07\/sek.demonstracja.grecja.0615jpg.jpg\" \/>\n\t<meta property=\"og:image:width\" content=\"960\" \/>\n\t<meta property=\"og:image:height\" content=\"584\" \/>\n\t<meta property=\"og:image:type\" content=\"image\/jpeg\" \/>\n<meta name=\"author\" content=\".\" \/>\n<meta name=\"twitter:card\" content=\"summary_large_image\" \/>\n<meta name=\"twitter:label1\" content=\"Napisane przez\" \/>\n\t<meta name=\"twitter:data1\" content=\".\" \/>\n\t<meta name=\"twitter:label2\" content=\"Szacowany czas czytania\" \/>\n\t<meta name=\"twitter:data2\" content=\"2 minuty\" \/>\n<script type=\"application\/ld+json\" class=\"yoast-schema-graph\">{\"@context\":\"https:\/\/schema.org\",\"@graph\":[{\"@type\":\"Article\",\"@id\":\"https:\/\/pracowniczademokracja.org\/?p=3585#article\",\"isPartOf\":{\"@id\":\"https:\/\/pracowniczademokracja.org\/?p=3585\"},\"author\":{\"name\":\".\",\"@id\":\"https:\/\/pracowniczademokracja.org\/#\/schema\/person\/111010f0277257eac5a64dace1cd1ad8\"},\"headline\":\"GRECJA &#8211; Ich walka to nasza walka\",\"datePublished\":\"2015-07-01T22:51:55+00:00\",\"dateModified\":\"2015-09-22T12:44:28+00:00\",\"mainEntityOfPage\":{\"@id\":\"https:\/\/pracowniczademokracja.org\/?p=3585\"},\"wordCount\":482,\"image\":{\"@id\":\"https:\/\/pracowniczademokracja.org\/?p=3585#primaryimage\"},\"thumbnailUrl\":\"https:\/\/pracowniczademokracja.org\/wp-content\/uploads\/2015\/07\/sek.demonstracja.grecja.0615jpg.jpg\",\"articleSection\":[\"Gazeta - lipiec-sierpie\u0144 2015\"],\"inLanguage\":\"pl-PL\"},{\"@type\":\"WebPage\",\"@id\":\"https:\/\/pracowniczademokracja.org\/?p=3585\",\"url\":\"https:\/\/pracowniczademokracja.org\/?p=3585\",\"name\":\"GRECJA - Ich walka to nasza walka - Pracownicza Demokracja\",\"isPartOf\":{\"@id\":\"https:\/\/pracowniczademokracja.org\/#website\"},\"primaryImageOfPage\":{\"@id\":\"https:\/\/pracowniczademokracja.org\/?p=3585#primaryimage\"},\"image\":{\"@id\":\"https:\/\/pracowniczademokracja.org\/?p=3585#primaryimage\"},\"thumbnailUrl\":\"https:\/\/pracowniczademokracja.org\/wp-content\/uploads\/2015\/07\/sek.demonstracja.grecja.0615jpg.jpg\",\"datePublished\":\"2015-07-01T22:51:55+00:00\",\"dateModified\":\"2015-09-22T12:44:28+00:00\",\"author\":{\"@id\":\"https:\/\/pracowniczademokracja.org\/#\/schema\/person\/111010f0277257eac5a64dace1cd1ad8\"},\"breadcrumb\":{\"@id\":\"https:\/\/pracowniczademokracja.org\/?p=3585#breadcrumb\"},\"inLanguage\":\"pl-PL\",\"potentialAction\":[{\"@type\":\"ReadAction\",\"target\":[\"https:\/\/pracowniczademokracja.org\/?p=3585\"]}]},{\"@type\":\"ImageObject\",\"inLanguage\":\"pl-PL\",\"@id\":\"https:\/\/pracowniczademokracja.org\/?p=3585#primaryimage\",\"url\":\"https:\/\/pracowniczademokracja.org\/wp-content\/uploads\/2015\/07\/sek.demonstracja.grecja.0615jpg.jpg\",\"contentUrl\":\"https:\/\/pracowniczademokracja.org\/wp-content\/uploads\/2015\/07\/sek.demonstracja.grecja.0615jpg.jpg\",\"width\":960,\"height\":584,\"caption\":\"SEK na demonstracji w Grecji\"},{\"@type\":\"BreadcrumbList\",\"@id\":\"https:\/\/pracowniczademokracja.org\/?p=3585#breadcrumb\",\"itemListElement\":[{\"@type\":\"ListItem\",\"position\":1,\"name\":\"Strona g\u0142\u00f3wna\",\"item\":\"https:\/\/pracowniczademokracja.org\/\"},{\"@type\":\"ListItem\",\"position\":2,\"name\":\"GRECJA &#8211; Ich walka to nasza walka\"}]},{\"@type\":\"WebSite\",\"@id\":\"https:\/\/pracowniczademokracja.org\/#website\",\"url\":\"https:\/\/pracowniczademokracja.org\/\",\"name\":\"Pracownicza Demokracja\",\"description\":\"\",\"potentialAction\":[{\"@type\":\"SearchAction\",\"target\":{\"@type\":\"EntryPoint\",\"urlTemplate\":\"https:\/\/pracowniczademokracja.org\/?s={search_term_string}\"},\"query-input\":{\"@type\":\"PropertyValueSpecification\",\"valueRequired\":true,\"valueName\":\"search_term_string\"}}],\"inLanguage\":\"pl-PL\"},{\"@type\":\"Person\",\"@id\":\"https:\/\/pracowniczademokracja.org\/#\/schema\/person\/111010f0277257eac5a64dace1cd1ad8\",\"name\":\".\",\"url\":\"https:\/\/pracowniczademokracja.org\/?author=1\"}]}<\/script>\n<!-- \/ Yoast SEO plugin. -->","yoast_head_json":{"title":"GRECJA - Ich walka to nasza walka - Pracownicza Demokracja","robots":{"index":"index","follow":"follow","max-snippet":"max-snippet:-1","max-image-preview":"max-image-preview:large","max-video-preview":"max-video-preview:-1"},"canonical":"https:\/\/pracowniczademokracja.org\/?p=3585","og_locale":"pl_PL","og_type":"article","og_title":"GRECJA - Ich walka to nasza walka - Pracownicza Demokracja","og_description":"Stanowisko Nurtu Mi\u0119dzynarodowego Socjalizmu (IST) w sprawie Grecji: NIE porozumieniu! Zwyci\u0119stwo Syrizy w wyborach parlamentarnych w Grecji 25 stycznia 2015 roku by\u0142o triumfem lewicy i ruchu pracowniczego &#8211; nie tylko w Grecji, lecz tak\u017ce w ca\u0142ej Europie. Stanowi\u0142o punkt prze\u0142omu w walce z programem ci\u0119\u0107, b\u0119d\u0105cym reakcj\u0105 zachodnich klas rz\u0105dz\u0105cych na \u015bwiatowy kryzys gospodarczy (gdy [&hellip;]","og_url":"https:\/\/pracowniczademokracja.org\/?p=3585","og_site_name":"Pracownicza Demokracja","article_published_time":"2015-07-01T22:51:55+00:00","article_modified_time":"2015-09-22T12:44:28+00:00","og_image":[{"width":960,"height":584,"url":"https:\/\/pracowniczademokracja.org\/wp-content\/uploads\/2015\/07\/sek.demonstracja.grecja.0615jpg.jpg","type":"image\/jpeg"}],"author":".","twitter_card":"summary_large_image","twitter_misc":{"Napisane przez":".","Szacowany czas czytania":"2 minuty"},"schema":{"@context":"https:\/\/schema.org","@graph":[{"@type":"Article","@id":"https:\/\/pracowniczademokracja.org\/?p=3585#article","isPartOf":{"@id":"https:\/\/pracowniczademokracja.org\/?p=3585"},"author":{"name":".","@id":"https:\/\/pracowniczademokracja.org\/#\/schema\/person\/111010f0277257eac5a64dace1cd1ad8"},"headline":"GRECJA &#8211; Ich walka to nasza walka","datePublished":"2015-07-01T22:51:55+00:00","dateModified":"2015-09-22T12:44:28+00:00","mainEntityOfPage":{"@id":"https:\/\/pracowniczademokracja.org\/?p=3585"},"wordCount":482,"image":{"@id":"https:\/\/pracowniczademokracja.org\/?p=3585#primaryimage"},"thumbnailUrl":"https:\/\/pracowniczademokracja.org\/wp-content\/uploads\/2015\/07\/sek.demonstracja.grecja.0615jpg.jpg","articleSection":["Gazeta - lipiec-sierpie\u0144 2015"],"inLanguage":"pl-PL"},{"@type":"WebPage","@id":"https:\/\/pracowniczademokracja.org\/?p=3585","url":"https:\/\/pracowniczademokracja.org\/?p=3585","name":"GRECJA - Ich walka to nasza walka - Pracownicza Demokracja","isPartOf":{"@id":"https:\/\/pracowniczademokracja.org\/#website"},"primaryImageOfPage":{"@id":"https:\/\/pracowniczademokracja.org\/?p=3585#primaryimage"},"image":{"@id":"https:\/\/pracowniczademokracja.org\/?p=3585#primaryimage"},"thumbnailUrl":"https:\/\/pracowniczademokracja.org\/wp-content\/uploads\/2015\/07\/sek.demonstracja.grecja.0615jpg.jpg","datePublished":"2015-07-01T22:51:55+00:00","dateModified":"2015-09-22T12:44:28+00:00","author":{"@id":"https:\/\/pracowniczademokracja.org\/#\/schema\/person\/111010f0277257eac5a64dace1cd1ad8"},"breadcrumb":{"@id":"https:\/\/pracowniczademokracja.org\/?p=3585#breadcrumb"},"inLanguage":"pl-PL","potentialAction":[{"@type":"ReadAction","target":["https:\/\/pracowniczademokracja.org\/?p=3585"]}]},{"@type":"ImageObject","inLanguage":"pl-PL","@id":"https:\/\/pracowniczademokracja.org\/?p=3585#primaryimage","url":"https:\/\/pracowniczademokracja.org\/wp-content\/uploads\/2015\/07\/sek.demonstracja.grecja.0615jpg.jpg","contentUrl":"https:\/\/pracowniczademokracja.org\/wp-content\/uploads\/2015\/07\/sek.demonstracja.grecja.0615jpg.jpg","width":960,"height":584,"caption":"SEK na demonstracji w Grecji"},{"@type":"BreadcrumbList","@id":"https:\/\/pracowniczademokracja.org\/?p=3585#breadcrumb","itemListElement":[{"@type":"ListItem","position":1,"name":"Strona g\u0142\u00f3wna","item":"https:\/\/pracowniczademokracja.org\/"},{"@type":"ListItem","position":2,"name":"GRECJA &#8211; Ich walka to nasza walka"}]},{"@type":"WebSite","@id":"https:\/\/pracowniczademokracja.org\/#website","url":"https:\/\/pracowniczademokracja.org\/","name":"Pracownicza Demokracja","description":"","potentialAction":[{"@type":"SearchAction","target":{"@type":"EntryPoint","urlTemplate":"https:\/\/pracowniczademokracja.org\/?s={search_term_string}"},"query-input":{"@type":"PropertyValueSpecification","valueRequired":true,"valueName":"search_term_string"}}],"inLanguage":"pl-PL"},{"@type":"Person","@id":"https:\/\/pracowniczademokracja.org\/#\/schema\/person\/111010f0277257eac5a64dace1cd1ad8","name":".","url":"https:\/\/pracowniczademokracja.org\/?author=1"}]}},"_links":{"self":[{"href":"https:\/\/pracowniczademokracja.org\/index.php?rest_route=\/wp\/v2\/posts\/3585","targetHints":{"allow":["GET"]}}],"collection":[{"href":"https:\/\/pracowniczademokracja.org\/index.php?rest_route=\/wp\/v2\/posts"}],"about":[{"href":"https:\/\/pracowniczademokracja.org\/index.php?rest_route=\/wp\/v2\/types\/post"}],"author":[{"embeddable":true,"href":"https:\/\/pracowniczademokracja.org\/index.php?rest_route=\/wp\/v2\/users\/1"}],"replies":[{"embeddable":true,"href":"https:\/\/pracowniczademokracja.org\/index.php?rest_route=%2Fwp%2Fv2%2Fcomments&post=3585"}],"version-history":[{"count":3,"href":"https:\/\/pracowniczademokracja.org\/index.php?rest_route=\/wp\/v2\/posts\/3585\/revisions"}],"predecessor-version":[{"id":3690,"href":"https:\/\/pracowniczademokracja.org\/index.php?rest_route=\/wp\/v2\/posts\/3585\/revisions\/3690"}],"wp:featuredmedia":[{"embeddable":true,"href":"https:\/\/pracowniczademokracja.org\/index.php?rest_route=\/wp\/v2\/media\/3586"}],"wp:attachment":[{"href":"https:\/\/pracowniczademokracja.org\/index.php?rest_route=%2Fwp%2Fv2%2Fmedia&parent=3585"}],"wp:term":[{"taxonomy":"category","embeddable":true,"href":"https:\/\/pracowniczademokracja.org\/index.php?rest_route=%2Fwp%2Fv2%2Fcategories&post=3585"},{"taxonomy":"post_tag","embeddable":true,"href":"https:\/\/pracowniczademokracja.org\/index.php?rest_route=%2Fwp%2Fv2%2Ftags&post=3585"}],"curies":[{"name":"wp","href":"https:\/\/api.w.org\/{rel}","templated":true}]}}