{"id":3580,"date":"2015-07-01T23:50:42","date_gmt":"2015-07-01T22:50:42","guid":{"rendered":"http:\/\/pracowniczademokracja.home.pl\/autoinstalator\/wordpress\/?p=3580"},"modified":"2015-09-22T13:41:42","modified_gmt":"2015-09-22T12:41:42","slug":"grecja-oswiadczenie-sek-socjalistycznej-partii-pracowniczej-w-sprawie-referendum-nad-porozumieniem-z-trojka","status":"publish","type":"post","link":"https:\/\/pracowniczademokracja.org\/?p=3580","title":{"rendered":"Jak walczy\u0107 z dyktatem Trojki?"},"content":{"rendered":"<div id=\"attachment_3581\" style=\"width: 310px\" class=\"wp-caption alignnone\"><a href=\"http:\/\/pracowniczademokracja.home.pl\/autoinstalator\/wordpress\/?attachment_id=3581\" rel=\"attachment wp-att-3581\"><img loading=\"lazy\" decoding=\"async\" aria-describedby=\"caption-attachment-3581\" class=\"size-medium wp-image-3581\" src=\"http:\/\/pracowniczademokracja.home.pl\/autoinstalator\/wordpress\/wp-content\/uploads\/2015\/06\/sek.demonstracja.ateny_.25.06.2015-300x168.jpg\" alt=\"25.06.15 Ateny. Zwolenniczka SEK podczas demonstracji.\" width=\"300\" height=\"168\" \/><\/a><p id=\"caption-attachment-3581\" class=\"wp-caption-text\">25.06.15 Ateny. Zwolenniczka SEK podczas demonstracji.<\/p><\/div>\n<p><strong><span id=\"inserted9023\" style=\"font-size: 16px;\">Grecja: o\u015bwiadczenie SEK (Socjalistycznej Partii Pracowniczej) w sprawie referendum nad porozumieniem z Trojk\u0105<\/span><\/strong><\/p>\n<p>G\u0142osujemy PRZECIWKO POROZUMIENIU &#8211; rz\u0105d powinien zrezygnowa\u0107\u00a0 z wszelkich ust\u0119pstw.<\/p>\n<p>Potrzebujemy zjednoczonego frontu na rzecz umorzenia d\u0142ugu &#8211; na rzecz nacjonalizacji bank\u00f3w Unii Europejskiej.<\/p>\n<p>Rz\u0105d og\u0142osi\u0142 referendum. Masowy op\u00f3r wobec kompromisu z szanta\u017cystami z MFW i UE zmusi\u0142 rz\u0105d do niepodpisania porozumienia.<\/p>\n<p>To wydarzenie jest krokiem naprz\u00f3d dla wszystkich, kt\u00f3rzy walczyli i walcz\u0105 przeciw staremu i nowemu Memorandum.<\/p>\n<p>Dokerzy, kt\u00f3rzy strajkowali przeciw sprzeda\u017cy portu Pireus, pracownicy szpitali, kt\u00f3rzy strajkowali, domagaj\u0105c si\u0119 pieni\u0119dzy i zwi\u0119kszenia zatrudnienia w sektorze zdrowotnym, tysi\u0105ce, kt\u00f3re wysz\u0142y na ulic\u0119, by sprzeciwi\u0107 si\u0119 porozumieniu &#8211; to s\u0105 si\u0142y, kt\u00f3re powiedzia\u0142y \u201enie\u201d szanta\u017cowi i kompromisowi.<\/p>\n<p>Teraz musimy kontynuowa\u0107 walk\u0119 i pokona\u0107 Samarasa [by\u0142y centroprawicowy premier]\u00a0 i\u00a0 To Potami (Rzeka &#8211; partia centrolewicowa), kt\u00f3rzy pozostaj\u0105 lojalni wobec Trojki [Komisja Europejska,\u00a0<em>Mi\u0119dzynarodowy<\/em>\u00a0Fundusz Walutowy i Europejski\u00a0<em>Bank Centralny<\/em>] i jej memorand\u00f3w. W niedziel\u0119 powiedzmy zdecydowane NIE dla Porozumienia.<\/p>\n<p>Lecz nie poprzestawajmy na tym.<\/p>\n<p>\u017b\u0105damy, aby lewicowy rz\u0105d bezpo\u015brednio przeszed\u0142 do spe\u0142niania obietnic, kt\u00f3re z\u0142o\u017cy\u0142 ruchom pracowniczym, by zapewni\u0107 sobie wygran\u0105 w wyborach.<\/p>\n<p>Anulowanie starego i nowego memorandum, praca dla bezrobotnych, podwy\u017cki p\u0142ac i zasi\u0142k\u00f3w, pieni\u0105dze dla szk\u00f3\u0142, szpitali, samorz\u0105d\u00f3w, funduszy emerytalnych.<\/p>\n<p>Pieni\u0105dze na pokrycie powy\u017cszych wydatk\u00f3w powinny pochodzi\u0107 z:<\/p>\n<ul>\n<li>Umorzenia d\u0142ugu &#8211; tu i teraz, bez wyj\u0105tk\u00f3w.<\/li>\n<li>Nacjonalizacji wszystkich bank\u00f3w.<\/li>\n<li>Opuszczenia strefy Euro i UE oraz rozpocz\u0119cia zmaga\u0144 na rzecz przej\u0119cia kontroli przez pracownik\u00f3w.<\/li>\n<\/ul>\n<p>W tej bitwie mamy poparcie klasy pracuj\u0105cej w ca\u0142ej Europie. Pokaza\u0142y to wiece przeciw UE i MFW we wszystkich wi\u0119kszych miastach. Potrzebne jest umacnianie rewolucyjnej lewicy. Trzeba walczy\u0107 wsp\u00f3lnie, by obali\u0107 Porozumienie i utorowa\u0107 drog\u0119 nowemu spo\u0142ecze\u0144stwu bez brzemienia zbankrutowanego kapitalizmu.<\/p>\n<p>Nie przestaniemy walczy\u0107 przeciw szanta\u017cystom i kompromisom.<\/p>\n<p style=\"text-align: right;\"><strong>T\u0142umaczy\u0142a Monika Jankowska-Lech<\/strong><\/p>\n","protected":false},"excerpt":{"rendered":"<p>Grecja: o\u015bwiadczenie SEK (Socjalistycznej Partii Pracowniczej) w sprawie referendum nad porozumieniem z Trojk\u0105 G\u0142osujemy PRZECIWKO POROZUMIENIU &#8211; rz\u0105d powinien zrezygnowa\u0107\u00a0 z wszelkich ust\u0119pstw. Potrzebujemy zjednoczonego frontu na rzecz umorzenia d\u0142ugu &#8211; na rzecz nacjonalizacji bank\u00f3w Unii Europejskiej. Rz\u0105d og\u0142osi\u0142 referendum. Masowy op\u00f3r wobec kompromisu z szanta\u017cystami z MFW i UE zmusi\u0142 rz\u0105d do niepodpisania porozumienia. [&hellip;]<\/p>\n","protected":false},"author":1,"featured_media":3581,"comment_status":"closed","ping_status":"closed","sticky":false,"template":"","format":"standard","meta":{"footnotes":""},"categories":[86],"tags":[],"class_list":["post-3580","post","type-post","status-publish","format-standard","has-post-thumbnail","hentry","category-gazeta-lipiec-sierpien-2015"],"yoast_head":"<!-- This site is optimized with the Yoast SEO plugin v26.7 - https:\/\/yoast.com\/wordpress\/plugins\/seo\/ -->\n<title>Jak walczy\u0107 z dyktatem Trojki? - Pracownicza Demokracja<\/title>\n<meta name=\"robots\" content=\"index, follow, max-snippet:-1, max-image-preview:large, max-video-preview:-1\" \/>\n<link rel=\"canonical\" href=\"https:\/\/pracowniczademokracja.org\/?p=3580\" \/>\n<meta property=\"og:locale\" content=\"pl_PL\" \/>\n<meta property=\"og:type\" content=\"article\" \/>\n<meta property=\"og:title\" content=\"Jak walczy\u0107 z dyktatem Trojki? - Pracownicza Demokracja\" \/>\n<meta property=\"og:description\" content=\"Grecja: o\u015bwiadczenie SEK (Socjalistycznej Partii Pracowniczej) w sprawie referendum nad porozumieniem z Trojk\u0105 G\u0142osujemy PRZECIWKO POROZUMIENIU &#8211; rz\u0105d powinien zrezygnowa\u0107\u00a0 z wszelkich ust\u0119pstw. Potrzebujemy zjednoczonego frontu na rzecz umorzenia d\u0142ugu &#8211; na rzecz nacjonalizacji bank\u00f3w Unii Europejskiej. Rz\u0105d og\u0142osi\u0142 referendum. Masowy op\u00f3r wobec kompromisu z szanta\u017cystami z MFW i UE zmusi\u0142 rz\u0105d do niepodpisania porozumienia. [&hellip;]\" \/>\n<meta property=\"og:url\" content=\"https:\/\/pracowniczademokracja.org\/?p=3580\" \/>\n<meta property=\"og:site_name\" content=\"Pracownicza Demokracja\" \/>\n<meta property=\"article:published_time\" content=\"2015-07-01T22:50:42+00:00\" \/>\n<meta property=\"article:modified_time\" content=\"2015-09-22T12:41:42+00:00\" \/>\n<meta property=\"og:image\" content=\"https:\/\/pracowniczademokracja.org\/wp-content\/uploads\/2015\/06\/sek.demonstracja.ateny_.25.06.2015.jpg\" \/>\n\t<meta property=\"og:image:width\" content=\"768\" \/>\n\t<meta property=\"og:image:height\" content=\"432\" \/>\n\t<meta property=\"og:image:type\" content=\"image\/jpeg\" \/>\n<meta name=\"author\" content=\".\" \/>\n<meta name=\"twitter:card\" content=\"summary_large_image\" \/>\n<meta name=\"twitter:label1\" content=\"Napisane przez\" \/>\n\t<meta name=\"twitter:data1\" content=\".\" \/>\n\t<meta name=\"twitter:label2\" content=\"Szacowany czas czytania\" \/>\n\t<meta name=\"twitter:data2\" content=\"2 minuty\" \/>\n<script type=\"application\/ld+json\" class=\"yoast-schema-graph\">{\"@context\":\"https:\/\/schema.org\",\"@graph\":[{\"@type\":\"Article\",\"@id\":\"https:\/\/pracowniczademokracja.org\/?p=3580#article\",\"isPartOf\":{\"@id\":\"https:\/\/pracowniczademokracja.org\/?p=3580\"},\"author\":{\"name\":\".\",\"@id\":\"https:\/\/pracowniczademokracja.org\/#\/schema\/person\/111010f0277257eac5a64dace1cd1ad8\"},\"headline\":\"Jak walczy\u0107 z dyktatem Trojki?\",\"datePublished\":\"2015-07-01T22:50:42+00:00\",\"dateModified\":\"2015-09-22T12:41:42+00:00\",\"mainEntityOfPage\":{\"@id\":\"https:\/\/pracowniczademokracja.org\/?p=3580\"},\"wordCount\":358,\"image\":{\"@id\":\"https:\/\/pracowniczademokracja.org\/?p=3580#primaryimage\"},\"thumbnailUrl\":\"https:\/\/pracowniczademokracja.org\/wp-content\/uploads\/2015\/06\/sek.demonstracja.ateny_.25.06.2015.jpg\",\"articleSection\":[\"Gazeta - lipiec-sierpie\u0144 2015\"],\"inLanguage\":\"pl-PL\"},{\"@type\":\"WebPage\",\"@id\":\"https:\/\/pracowniczademokracja.org\/?p=3580\",\"url\":\"https:\/\/pracowniczademokracja.org\/?p=3580\",\"name\":\"Jak walczy\u0107 z dyktatem Trojki? - Pracownicza Demokracja\",\"isPartOf\":{\"@id\":\"https:\/\/pracowniczademokracja.org\/#website\"},\"primaryImageOfPage\":{\"@id\":\"https:\/\/pracowniczademokracja.org\/?p=3580#primaryimage\"},\"image\":{\"@id\":\"https:\/\/pracowniczademokracja.org\/?p=3580#primaryimage\"},\"thumbnailUrl\":\"https:\/\/pracowniczademokracja.org\/wp-content\/uploads\/2015\/06\/sek.demonstracja.ateny_.25.06.2015.jpg\",\"datePublished\":\"2015-07-01T22:50:42+00:00\",\"dateModified\":\"2015-09-22T12:41:42+00:00\",\"author\":{\"@id\":\"https:\/\/pracowniczademokracja.org\/#\/schema\/person\/111010f0277257eac5a64dace1cd1ad8\"},\"breadcrumb\":{\"@id\":\"https:\/\/pracowniczademokracja.org\/?p=3580#breadcrumb\"},\"inLanguage\":\"pl-PL\",\"potentialAction\":[{\"@type\":\"ReadAction\",\"target\":[\"https:\/\/pracowniczademokracja.org\/?p=3580\"]}]},{\"@type\":\"ImageObject\",\"inLanguage\":\"pl-PL\",\"@id\":\"https:\/\/pracowniczademokracja.org\/?p=3580#primaryimage\",\"url\":\"https:\/\/pracowniczademokracja.org\/wp-content\/uploads\/2015\/06\/sek.demonstracja.ateny_.25.06.2015.jpg\",\"contentUrl\":\"https:\/\/pracowniczademokracja.org\/wp-content\/uploads\/2015\/06\/sek.demonstracja.ateny_.25.06.2015.jpg\",\"width\":768,\"height\":432,\"caption\":\"25.06.15 Ateny. Zwolenniczka SEK podczas demonstracji.\"},{\"@type\":\"BreadcrumbList\",\"@id\":\"https:\/\/pracowniczademokracja.org\/?p=3580#breadcrumb\",\"itemListElement\":[{\"@type\":\"ListItem\",\"position\":1,\"name\":\"Strona g\u0142\u00f3wna\",\"item\":\"https:\/\/pracowniczademokracja.org\/\"},{\"@type\":\"ListItem\",\"position\":2,\"name\":\"Jak walczy\u0107 z dyktatem Trojki?\"}]},{\"@type\":\"WebSite\",\"@id\":\"https:\/\/pracowniczademokracja.org\/#website\",\"url\":\"https:\/\/pracowniczademokracja.org\/\",\"name\":\"Pracownicza Demokracja\",\"description\":\"\",\"potentialAction\":[{\"@type\":\"SearchAction\",\"target\":{\"@type\":\"EntryPoint\",\"urlTemplate\":\"https:\/\/pracowniczademokracja.org\/?s={search_term_string}\"},\"query-input\":{\"@type\":\"PropertyValueSpecification\",\"valueRequired\":true,\"valueName\":\"search_term_string\"}}],\"inLanguage\":\"pl-PL\"},{\"@type\":\"Person\",\"@id\":\"https:\/\/pracowniczademokracja.org\/#\/schema\/person\/111010f0277257eac5a64dace1cd1ad8\",\"name\":\".\",\"url\":\"https:\/\/pracowniczademokracja.org\/?author=1\"}]}<\/script>\n<!-- \/ Yoast SEO plugin. -->","yoast_head_json":{"title":"Jak walczy\u0107 z dyktatem Trojki? - Pracownicza Demokracja","robots":{"index":"index","follow":"follow","max-snippet":"max-snippet:-1","max-image-preview":"max-image-preview:large","max-video-preview":"max-video-preview:-1"},"canonical":"https:\/\/pracowniczademokracja.org\/?p=3580","og_locale":"pl_PL","og_type":"article","og_title":"Jak walczy\u0107 z dyktatem Trojki? - Pracownicza Demokracja","og_description":"Grecja: o\u015bwiadczenie SEK (Socjalistycznej Partii Pracowniczej) w sprawie referendum nad porozumieniem z Trojk\u0105 G\u0142osujemy PRZECIWKO POROZUMIENIU &#8211; rz\u0105d powinien zrezygnowa\u0107\u00a0 z wszelkich ust\u0119pstw. Potrzebujemy zjednoczonego frontu na rzecz umorzenia d\u0142ugu &#8211; na rzecz nacjonalizacji bank\u00f3w Unii Europejskiej. Rz\u0105d og\u0142osi\u0142 referendum. Masowy op\u00f3r wobec kompromisu z szanta\u017cystami z MFW i UE zmusi\u0142 rz\u0105d do niepodpisania porozumienia. [&hellip;]","og_url":"https:\/\/pracowniczademokracja.org\/?p=3580","og_site_name":"Pracownicza Demokracja","article_published_time":"2015-07-01T22:50:42+00:00","article_modified_time":"2015-09-22T12:41:42+00:00","og_image":[{"width":768,"height":432,"url":"https:\/\/pracowniczademokracja.org\/wp-content\/uploads\/2015\/06\/sek.demonstracja.ateny_.25.06.2015.jpg","type":"image\/jpeg"}],"author":".","twitter_card":"summary_large_image","twitter_misc":{"Napisane przez":".","Szacowany czas czytania":"2 minuty"},"schema":{"@context":"https:\/\/schema.org","@graph":[{"@type":"Article","@id":"https:\/\/pracowniczademokracja.org\/?p=3580#article","isPartOf":{"@id":"https:\/\/pracowniczademokracja.org\/?p=3580"},"author":{"name":".","@id":"https:\/\/pracowniczademokracja.org\/#\/schema\/person\/111010f0277257eac5a64dace1cd1ad8"},"headline":"Jak walczy\u0107 z dyktatem Trojki?","datePublished":"2015-07-01T22:50:42+00:00","dateModified":"2015-09-22T12:41:42+00:00","mainEntityOfPage":{"@id":"https:\/\/pracowniczademokracja.org\/?p=3580"},"wordCount":358,"image":{"@id":"https:\/\/pracowniczademokracja.org\/?p=3580#primaryimage"},"thumbnailUrl":"https:\/\/pracowniczademokracja.org\/wp-content\/uploads\/2015\/06\/sek.demonstracja.ateny_.25.06.2015.jpg","articleSection":["Gazeta - lipiec-sierpie\u0144 2015"],"inLanguage":"pl-PL"},{"@type":"WebPage","@id":"https:\/\/pracowniczademokracja.org\/?p=3580","url":"https:\/\/pracowniczademokracja.org\/?p=3580","name":"Jak walczy\u0107 z dyktatem Trojki? - Pracownicza Demokracja","isPartOf":{"@id":"https:\/\/pracowniczademokracja.org\/#website"},"primaryImageOfPage":{"@id":"https:\/\/pracowniczademokracja.org\/?p=3580#primaryimage"},"image":{"@id":"https:\/\/pracowniczademokracja.org\/?p=3580#primaryimage"},"thumbnailUrl":"https:\/\/pracowniczademokracja.org\/wp-content\/uploads\/2015\/06\/sek.demonstracja.ateny_.25.06.2015.jpg","datePublished":"2015-07-01T22:50:42+00:00","dateModified":"2015-09-22T12:41:42+00:00","author":{"@id":"https:\/\/pracowniczademokracja.org\/#\/schema\/person\/111010f0277257eac5a64dace1cd1ad8"},"breadcrumb":{"@id":"https:\/\/pracowniczademokracja.org\/?p=3580#breadcrumb"},"inLanguage":"pl-PL","potentialAction":[{"@type":"ReadAction","target":["https:\/\/pracowniczademokracja.org\/?p=3580"]}]},{"@type":"ImageObject","inLanguage":"pl-PL","@id":"https:\/\/pracowniczademokracja.org\/?p=3580#primaryimage","url":"https:\/\/pracowniczademokracja.org\/wp-content\/uploads\/2015\/06\/sek.demonstracja.ateny_.25.06.2015.jpg","contentUrl":"https:\/\/pracowniczademokracja.org\/wp-content\/uploads\/2015\/06\/sek.demonstracja.ateny_.25.06.2015.jpg","width":768,"height":432,"caption":"25.06.15 Ateny. Zwolenniczka SEK podczas demonstracji."},{"@type":"BreadcrumbList","@id":"https:\/\/pracowniczademokracja.org\/?p=3580#breadcrumb","itemListElement":[{"@type":"ListItem","position":1,"name":"Strona g\u0142\u00f3wna","item":"https:\/\/pracowniczademokracja.org\/"},{"@type":"ListItem","position":2,"name":"Jak walczy\u0107 z dyktatem Trojki?"}]},{"@type":"WebSite","@id":"https:\/\/pracowniczademokracja.org\/#website","url":"https:\/\/pracowniczademokracja.org\/","name":"Pracownicza Demokracja","description":"","potentialAction":[{"@type":"SearchAction","target":{"@type":"EntryPoint","urlTemplate":"https:\/\/pracowniczademokracja.org\/?s={search_term_string}"},"query-input":{"@type":"PropertyValueSpecification","valueRequired":true,"valueName":"search_term_string"}}],"inLanguage":"pl-PL"},{"@type":"Person","@id":"https:\/\/pracowniczademokracja.org\/#\/schema\/person\/111010f0277257eac5a64dace1cd1ad8","name":".","url":"https:\/\/pracowniczademokracja.org\/?author=1"}]}},"_links":{"self":[{"href":"https:\/\/pracowniczademokracja.org\/index.php?rest_route=\/wp\/v2\/posts\/3580","targetHints":{"allow":["GET"]}}],"collection":[{"href":"https:\/\/pracowniczademokracja.org\/index.php?rest_route=\/wp\/v2\/posts"}],"about":[{"href":"https:\/\/pracowniczademokracja.org\/index.php?rest_route=\/wp\/v2\/types\/post"}],"author":[{"embeddable":true,"href":"https:\/\/pracowniczademokracja.org\/index.php?rest_route=\/wp\/v2\/users\/1"}],"replies":[{"embeddable":true,"href":"https:\/\/pracowniczademokracja.org\/index.php?rest_route=%2Fwp%2Fv2%2Fcomments&post=3580"}],"version-history":[{"count":4,"href":"https:\/\/pracowniczademokracja.org\/index.php?rest_route=\/wp\/v2\/posts\/3580\/revisions"}],"predecessor-version":[{"id":3688,"href":"https:\/\/pracowniczademokracja.org\/index.php?rest_route=\/wp\/v2\/posts\/3580\/revisions\/3688"}],"wp:featuredmedia":[{"embeddable":true,"href":"https:\/\/pracowniczademokracja.org\/index.php?rest_route=\/wp\/v2\/media\/3581"}],"wp:attachment":[{"href":"https:\/\/pracowniczademokracja.org\/index.php?rest_route=%2Fwp%2Fv2%2Fmedia&parent=3580"}],"wp:term":[{"taxonomy":"category","embeddable":true,"href":"https:\/\/pracowniczademokracja.org\/index.php?rest_route=%2Fwp%2Fv2%2Fcategories&post=3580"},{"taxonomy":"post_tag","embeddable":true,"href":"https:\/\/pracowniczademokracja.org\/index.php?rest_route=%2Fwp%2Fv2%2Ftags&post=3580"}],"curies":[{"name":"wp","href":"https:\/\/api.w.org\/{rel}","templated":true}]}}