{"id":3554,"date":"2015-07-01T23:52:30","date_gmt":"2015-07-01T22:52:30","guid":{"rendered":"http:\/\/pracowniczademokracja.home.pl\/autoinstalator\/wordpress\/?p=3554"},"modified":"2015-09-22T13:46:31","modified_gmt":"2015-09-22T12:46:31","slug":"tureckie-wybory-to-poczatek-konca-rzadzacej-partii-erdogana","status":"publish","type":"post","link":"https:\/\/pracowniczademokracja.org\/?p=3554","title":{"rendered":"Tureckie wybory to pocz\u0105tek ko\u0144ca rz\u0105dz\u0105cej partii Erdogana"},"content":{"rendered":"<p><em><a href=\"http:\/\/pracowniczademokracja.home.pl\/autoinstalator\/wordpress\/?attachment_id=3555\" rel=\"attachment wp-att-3555\"><img loading=\"lazy\" decoding=\"async\" class=\"alignnone size-medium wp-image-3555\" src=\"http:\/\/pracowniczademokracja.home.pl\/autoinstalator\/wordpress\/wp-content\/uploads\/2015\/06\/tureckie.wybory.demo_-300x225.jpg\" alt=\"tureckie wybory - demonstracja\" width=\"300\" height=\"225\" srcset=\"https:\/\/pracowniczademokracja.org\/wp-content\/uploads\/2015\/06\/tureckie.wybory.demo_-300x225.jpg 300w, https:\/\/pracowniczademokracja.org\/wp-content\/uploads\/2015\/06\/tureckie.wybory.demo_-150x113.jpg 150w, https:\/\/pracowniczademokracja.org\/wp-content\/uploads\/2015\/06\/tureckie.wybory.demo_.jpg 720w\" sizes=\"auto, (max-width: 300px) 100vw, 300px\" \/><\/a><\/em><\/p>\n<p><em>Ron Margulies ze Stambu\u0142u<\/em><\/p>\n<p><strong>Partii Sprawiedliwo\u015bci i Rozwoju (AKP), prezydenta Recepa Erdo?ana, nie uda\u0142o si\u0119 zdoby\u0107 absolutnej wi\u0119kszo\u015bci g\u0142os\u00f3w wyborach parlamentarnych 7 czerwca. Po raz pierwszy &#8211; od czasu, kiedy dosz\u0142a do w\u0142adzy 2002 roku &#8211; nie jest w stanie utworzy\u0107 rz\u0105du. <\/strong><\/p>\n<p>Plany Erdo?ana &#8211; d\u0105\u017c\u0105cego do budowy systemu prezydenckiego w ameryka\u0144skim stylu &#8211; leg\u0142y w gruzach. Prawdziwym zwyci\u0119zc\u0105 jest Demokratyczna Partia Ludowa (HDP), wywodz\u0105ca si\u0119 kurdyjskiego ruchu narodowowyzwole\u0144czego. Zdoby\u0142a 13,3 procent g\u0142os\u00f3w, przebijaj\u0105c si\u0119 tym samym przez 10-procentowy pr\u00f3g wyborczy, zaprojektowany w\u0142a\u015bnie po to, by zatrzymywa\u0107 tego typu partie. Gdyby HDP nie uda\u0142o si\u0119 przekroczy\u0107 progu, 80 mandat\u00f3w, kt\u00f3re zdoby\u0142a, posz\u0142yby do AKP, drugiej partii we wszystkich tych okr\u0119gach wyborczych.<\/p>\n<p>Wspania\u0142y sukces HDP zapewni\u0142 Kurdom reprezentacj\u0119 w parlamencie. Wyznacza r\u00f3wnie\u017c kres stopniowemu staczaniu si\u0119 rz\u0105du w kierunku autorytarnej i skorumpowanej polityki.<\/p>\n<p>K\u0142opoty rz\u0105du rozpocz\u0119\u0142y si\u0119 dwa lata temu. Ruch protestacyjny &#8211; podobny do <em>Occupy Wall Street<\/em> czy <em>Indignados<\/em> (Oburzonych) w Hiszpanii &#8211; przez dwa tygodnie okupowa\u0142 park Gezi w centrum Stambu\u0142u. Po tym, jak w ca\u0142ej Turcji rozprzestrzeni\u0142y si\u0119 demonstracje solidarno\u015bciowe, rz\u0105d rozp\u0119ta\u0142 brutaln\u0105 kampani\u0119 przemocy policyjnej, kt\u00f3rej skutkiem by\u0142o o\u015bmiu zabitych i setki powa\u017cnie rannych. Nawet zwolennicy AKP byli w szoku.<\/p>\n<p>Kilka miesi\u0119cy p\u00f3\u017aniej wobec ministr\u00f3w wyp\u0142yn\u0119\u0142y zarzuty korupcji, opiewaj\u0105ce na niebotyczne sumy. Odpowiedzi\u0105 rz\u0105du by\u0142a czystka w systemie s\u0105downictwa. Zwalniano i aresztowano prokurator\u00f3w i s\u0119dzi\u00f3w. Wszelkie oskar\u017cenia wobec ministr\u00f3w odrzucono w g\u0142osowaniu parlamentarnym, w kt\u00f3rym sukces rz\u0105du by\u0142 od pocz\u0105tku zagwarantowany.<\/p>\n<p>Trzeci cios przyszed\u0142, gdy w katastrofie g\u00f3rniczej &#8211; kt\u00f3rej bardzo \u0142atwo mo\u017cna by\u0142o zapobiec &#8211;\u00a0 zgin\u0119\u0142o w zesz\u0142ym roku 300 g\u00f3rnik\u00f3w. Po tym, jak g\u00f3rnicy w ca\u0142ym kraju podj\u0119li spontaniczny strajk, zupe\u0142ny brak wsp\u00f3\u0142czucia ministr\u00f3w dla rodzin zabitych by\u0142 dla wszystkich oczywisty. Rz\u0105d nie mia\u0142 najmniejszego zamiaru czegokolwiek zrobi\u0107 w kwestii ca\u0142kowicie nieskutecznych przepis\u00f3w bezpiecze\u0144stwa i higieny pracy.<\/p>\n<p>Sukces AKP opiera\u0142 si\u0119 na poczuciu dobrobytu w kraju, kt\u00f3re wynika\u0142o ze stabilno\u015bci politycznej, pomy\u015blnej koniunktury gospodarczej, kt\u00f3ra pozwoli\u0142a unikn\u0105\u0107 Turcji najgorszych skutk\u00f3w \u015bwiatowego kryzysu gospodarczego, oraz post\u0119puj\u0105cego procesu pokojowego z kurdyjskim ruchem narodowowyzwole\u0144czym.<\/p>\n<p>Jednak od czasu sprawy parku Gezi dobre samopoczucie zosta\u0142o zast\u0105pione powszechnym niepokojem. Gospodarka zwolni\u0142a, a ruch pracowniczy zacz\u0105\u0142 napina\u0107 swe musku\u0142y.<\/p>\n<p>Kurdyjski proces pokojowy uleg\u0142 zahamowaniu, po tym jak rz\u0105d &#8211; w obawie przed utrat\u0105 g\u0142os\u00f3w &#8211; odwo\u0142a\u0142 si\u0119 do tureckiego nacjonalizmu. Przede wszystkim jednak autorytarna i brutalna reakcja rz\u0105du wobec wszelkich przejaw\u00f3w niezadowolenia spowodowa\u0142a, \u017ce odwr\u00f3ci\u0142o si\u0119 od niego wielu wcze\u015bniejszych zwolennik\u00f3w.<\/p>\n<p style=\"text-align: right;\"><strong>T\u0142umaczy\u0142 Micha\u0142 Wysocki\u00a0 <\/strong><\/p>\n","protected":false},"excerpt":{"rendered":"<p>Ron Margulies ze Stambu\u0142u Partii Sprawiedliwo\u015bci i Rozwoju (AKP), prezydenta Recepa Erdo?ana, nie uda\u0142o si\u0119 zdoby\u0107 absolutnej wi\u0119kszo\u015bci g\u0142os\u00f3w wyborach parlamentarnych 7 czerwca. Po raz pierwszy &#8211; od czasu, kiedy dosz\u0142a do w\u0142adzy 2002 roku &#8211; nie jest w stanie utworzy\u0107 rz\u0105du. Plany Erdo?ana &#8211; d\u0105\u017c\u0105cego do budowy systemu prezydenckiego w ameryka\u0144skim stylu &#8211; leg\u0142y [&hellip;]<\/p>\n","protected":false},"author":1,"featured_media":3555,"comment_status":"closed","ping_status":"closed","sticky":false,"template":"","format":"standard","meta":{"footnotes":""},"categories":[86],"tags":[],"class_list":["post-3554","post","type-post","status-publish","format-standard","has-post-thumbnail","hentry","category-gazeta-lipiec-sierpien-2015"],"yoast_head":"<!-- This site is optimized with the Yoast SEO plugin v26.7 - https:\/\/yoast.com\/wordpress\/plugins\/seo\/ -->\n<title>Tureckie wybory to pocz\u0105tek ko\u0144ca rz\u0105dz\u0105cej partii Erdogana - Pracownicza Demokracja<\/title>\n<meta name=\"robots\" content=\"index, follow, max-snippet:-1, max-image-preview:large, max-video-preview:-1\" \/>\n<link rel=\"canonical\" href=\"https:\/\/pracowniczademokracja.org\/?p=3554\" \/>\n<meta property=\"og:locale\" content=\"pl_PL\" \/>\n<meta property=\"og:type\" content=\"article\" \/>\n<meta property=\"og:title\" content=\"Tureckie wybory to pocz\u0105tek ko\u0144ca rz\u0105dz\u0105cej partii Erdogana - Pracownicza Demokracja\" \/>\n<meta property=\"og:description\" content=\"Ron Margulies ze Stambu\u0142u Partii Sprawiedliwo\u015bci i Rozwoju (AKP), prezydenta Recepa Erdo?ana, nie uda\u0142o si\u0119 zdoby\u0107 absolutnej wi\u0119kszo\u015bci g\u0142os\u00f3w wyborach parlamentarnych 7 czerwca. Po raz pierwszy &#8211; od czasu, kiedy dosz\u0142a do w\u0142adzy 2002 roku &#8211; nie jest w stanie utworzy\u0107 rz\u0105du. Plany Erdo?ana &#8211; d\u0105\u017c\u0105cego do budowy systemu prezydenckiego w ameryka\u0144skim stylu &#8211; leg\u0142y [&hellip;]\" \/>\n<meta property=\"og:url\" content=\"https:\/\/pracowniczademokracja.org\/?p=3554\" \/>\n<meta property=\"og:site_name\" content=\"Pracownicza Demokracja\" \/>\n<meta property=\"article:published_time\" content=\"2015-07-01T22:52:30+00:00\" \/>\n<meta property=\"article:modified_time\" content=\"2015-09-22T12:46:31+00:00\" \/>\n<meta property=\"og:image\" content=\"https:\/\/pracowniczademokracja.org\/wp-content\/uploads\/2015\/06\/tureckie.wybory.demo_.jpg\" \/>\n\t<meta property=\"og:image:width\" content=\"720\" \/>\n\t<meta property=\"og:image:height\" content=\"540\" \/>\n\t<meta property=\"og:image:type\" content=\"image\/jpeg\" \/>\n<meta name=\"author\" content=\".\" \/>\n<meta name=\"twitter:card\" content=\"summary_large_image\" \/>\n<meta name=\"twitter:label1\" content=\"Napisane przez\" \/>\n\t<meta name=\"twitter:data1\" content=\".\" \/>\n\t<meta name=\"twitter:label2\" content=\"Szacowany czas czytania\" \/>\n\t<meta name=\"twitter:data2\" content=\"2 minuty\" \/>\n<script type=\"application\/ld+json\" class=\"yoast-schema-graph\">{\"@context\":\"https:\/\/schema.org\",\"@graph\":[{\"@type\":\"Article\",\"@id\":\"https:\/\/pracowniczademokracja.org\/?p=3554#article\",\"isPartOf\":{\"@id\":\"https:\/\/pracowniczademokracja.org\/?p=3554\"},\"author\":{\"name\":\".\",\"@id\":\"https:\/\/pracowniczademokracja.org\/#\/schema\/person\/111010f0277257eac5a64dace1cd1ad8\"},\"headline\":\"Tureckie wybory to pocz\u0105tek ko\u0144ca rz\u0105dz\u0105cej partii Erdogana\",\"datePublished\":\"2015-07-01T22:52:30+00:00\",\"dateModified\":\"2015-09-22T12:46:31+00:00\",\"mainEntityOfPage\":{\"@id\":\"https:\/\/pracowniczademokracja.org\/?p=3554\"},\"wordCount\":508,\"image\":{\"@id\":\"https:\/\/pracowniczademokracja.org\/?p=3554#primaryimage\"},\"thumbnailUrl\":\"https:\/\/pracowniczademokracja.org\/wp-content\/uploads\/2015\/06\/tureckie.wybory.demo_.jpg\",\"articleSection\":[\"Gazeta - lipiec-sierpie\u0144 2015\"],\"inLanguage\":\"pl-PL\"},{\"@type\":\"WebPage\",\"@id\":\"https:\/\/pracowniczademokracja.org\/?p=3554\",\"url\":\"https:\/\/pracowniczademokracja.org\/?p=3554\",\"name\":\"Tureckie wybory to pocz\u0105tek ko\u0144ca rz\u0105dz\u0105cej partii Erdogana - Pracownicza Demokracja\",\"isPartOf\":{\"@id\":\"https:\/\/pracowniczademokracja.org\/#website\"},\"primaryImageOfPage\":{\"@id\":\"https:\/\/pracowniczademokracja.org\/?p=3554#primaryimage\"},\"image\":{\"@id\":\"https:\/\/pracowniczademokracja.org\/?p=3554#primaryimage\"},\"thumbnailUrl\":\"https:\/\/pracowniczademokracja.org\/wp-content\/uploads\/2015\/06\/tureckie.wybory.demo_.jpg\",\"datePublished\":\"2015-07-01T22:52:30+00:00\",\"dateModified\":\"2015-09-22T12:46:31+00:00\",\"author\":{\"@id\":\"https:\/\/pracowniczademokracja.org\/#\/schema\/person\/111010f0277257eac5a64dace1cd1ad8\"},\"breadcrumb\":{\"@id\":\"https:\/\/pracowniczademokracja.org\/?p=3554#breadcrumb\"},\"inLanguage\":\"pl-PL\",\"potentialAction\":[{\"@type\":\"ReadAction\",\"target\":[\"https:\/\/pracowniczademokracja.org\/?p=3554\"]}]},{\"@type\":\"ImageObject\",\"inLanguage\":\"pl-PL\",\"@id\":\"https:\/\/pracowniczademokracja.org\/?p=3554#primaryimage\",\"url\":\"https:\/\/pracowniczademokracja.org\/wp-content\/uploads\/2015\/06\/tureckie.wybory.demo_.jpg\",\"contentUrl\":\"https:\/\/pracowniczademokracja.org\/wp-content\/uploads\/2015\/06\/tureckie.wybory.demo_.jpg\",\"width\":720,\"height\":540,\"caption\":\"tureckie wybory - demonstracja\"},{\"@type\":\"BreadcrumbList\",\"@id\":\"https:\/\/pracowniczademokracja.org\/?p=3554#breadcrumb\",\"itemListElement\":[{\"@type\":\"ListItem\",\"position\":1,\"name\":\"Strona g\u0142\u00f3wna\",\"item\":\"https:\/\/pracowniczademokracja.org\/\"},{\"@type\":\"ListItem\",\"position\":2,\"name\":\"Tureckie wybory to pocz\u0105tek ko\u0144ca rz\u0105dz\u0105cej partii Erdogana\"}]},{\"@type\":\"WebSite\",\"@id\":\"https:\/\/pracowniczademokracja.org\/#website\",\"url\":\"https:\/\/pracowniczademokracja.org\/\",\"name\":\"Pracownicza Demokracja\",\"description\":\"\",\"potentialAction\":[{\"@type\":\"SearchAction\",\"target\":{\"@type\":\"EntryPoint\",\"urlTemplate\":\"https:\/\/pracowniczademokracja.org\/?s={search_term_string}\"},\"query-input\":{\"@type\":\"PropertyValueSpecification\",\"valueRequired\":true,\"valueName\":\"search_term_string\"}}],\"inLanguage\":\"pl-PL\"},{\"@type\":\"Person\",\"@id\":\"https:\/\/pracowniczademokracja.org\/#\/schema\/person\/111010f0277257eac5a64dace1cd1ad8\",\"name\":\".\",\"url\":\"https:\/\/pracowniczademokracja.org\/?author=1\"}]}<\/script>\n<!-- \/ Yoast SEO plugin. -->","yoast_head_json":{"title":"Tureckie wybory to pocz\u0105tek ko\u0144ca rz\u0105dz\u0105cej partii Erdogana - Pracownicza Demokracja","robots":{"index":"index","follow":"follow","max-snippet":"max-snippet:-1","max-image-preview":"max-image-preview:large","max-video-preview":"max-video-preview:-1"},"canonical":"https:\/\/pracowniczademokracja.org\/?p=3554","og_locale":"pl_PL","og_type":"article","og_title":"Tureckie wybory to pocz\u0105tek ko\u0144ca rz\u0105dz\u0105cej partii Erdogana - Pracownicza Demokracja","og_description":"Ron Margulies ze Stambu\u0142u Partii Sprawiedliwo\u015bci i Rozwoju (AKP), prezydenta Recepa Erdo?ana, nie uda\u0142o si\u0119 zdoby\u0107 absolutnej wi\u0119kszo\u015bci g\u0142os\u00f3w wyborach parlamentarnych 7 czerwca. Po raz pierwszy &#8211; od czasu, kiedy dosz\u0142a do w\u0142adzy 2002 roku &#8211; nie jest w stanie utworzy\u0107 rz\u0105du. Plany Erdo?ana &#8211; d\u0105\u017c\u0105cego do budowy systemu prezydenckiego w ameryka\u0144skim stylu &#8211; leg\u0142y [&hellip;]","og_url":"https:\/\/pracowniczademokracja.org\/?p=3554","og_site_name":"Pracownicza Demokracja","article_published_time":"2015-07-01T22:52:30+00:00","article_modified_time":"2015-09-22T12:46:31+00:00","og_image":[{"width":720,"height":540,"url":"https:\/\/pracowniczademokracja.org\/wp-content\/uploads\/2015\/06\/tureckie.wybory.demo_.jpg","type":"image\/jpeg"}],"author":".","twitter_card":"summary_large_image","twitter_misc":{"Napisane przez":".","Szacowany czas czytania":"2 minuty"},"schema":{"@context":"https:\/\/schema.org","@graph":[{"@type":"Article","@id":"https:\/\/pracowniczademokracja.org\/?p=3554#article","isPartOf":{"@id":"https:\/\/pracowniczademokracja.org\/?p=3554"},"author":{"name":".","@id":"https:\/\/pracowniczademokracja.org\/#\/schema\/person\/111010f0277257eac5a64dace1cd1ad8"},"headline":"Tureckie wybory to pocz\u0105tek ko\u0144ca rz\u0105dz\u0105cej partii Erdogana","datePublished":"2015-07-01T22:52:30+00:00","dateModified":"2015-09-22T12:46:31+00:00","mainEntityOfPage":{"@id":"https:\/\/pracowniczademokracja.org\/?p=3554"},"wordCount":508,"image":{"@id":"https:\/\/pracowniczademokracja.org\/?p=3554#primaryimage"},"thumbnailUrl":"https:\/\/pracowniczademokracja.org\/wp-content\/uploads\/2015\/06\/tureckie.wybory.demo_.jpg","articleSection":["Gazeta - lipiec-sierpie\u0144 2015"],"inLanguage":"pl-PL"},{"@type":"WebPage","@id":"https:\/\/pracowniczademokracja.org\/?p=3554","url":"https:\/\/pracowniczademokracja.org\/?p=3554","name":"Tureckie wybory to pocz\u0105tek ko\u0144ca rz\u0105dz\u0105cej partii Erdogana - Pracownicza Demokracja","isPartOf":{"@id":"https:\/\/pracowniczademokracja.org\/#website"},"primaryImageOfPage":{"@id":"https:\/\/pracowniczademokracja.org\/?p=3554#primaryimage"},"image":{"@id":"https:\/\/pracowniczademokracja.org\/?p=3554#primaryimage"},"thumbnailUrl":"https:\/\/pracowniczademokracja.org\/wp-content\/uploads\/2015\/06\/tureckie.wybory.demo_.jpg","datePublished":"2015-07-01T22:52:30+00:00","dateModified":"2015-09-22T12:46:31+00:00","author":{"@id":"https:\/\/pracowniczademokracja.org\/#\/schema\/person\/111010f0277257eac5a64dace1cd1ad8"},"breadcrumb":{"@id":"https:\/\/pracowniczademokracja.org\/?p=3554#breadcrumb"},"inLanguage":"pl-PL","potentialAction":[{"@type":"ReadAction","target":["https:\/\/pracowniczademokracja.org\/?p=3554"]}]},{"@type":"ImageObject","inLanguage":"pl-PL","@id":"https:\/\/pracowniczademokracja.org\/?p=3554#primaryimage","url":"https:\/\/pracowniczademokracja.org\/wp-content\/uploads\/2015\/06\/tureckie.wybory.demo_.jpg","contentUrl":"https:\/\/pracowniczademokracja.org\/wp-content\/uploads\/2015\/06\/tureckie.wybory.demo_.jpg","width":720,"height":540,"caption":"tureckie wybory - demonstracja"},{"@type":"BreadcrumbList","@id":"https:\/\/pracowniczademokracja.org\/?p=3554#breadcrumb","itemListElement":[{"@type":"ListItem","position":1,"name":"Strona g\u0142\u00f3wna","item":"https:\/\/pracowniczademokracja.org\/"},{"@type":"ListItem","position":2,"name":"Tureckie wybory to pocz\u0105tek ko\u0144ca rz\u0105dz\u0105cej partii Erdogana"}]},{"@type":"WebSite","@id":"https:\/\/pracowniczademokracja.org\/#website","url":"https:\/\/pracowniczademokracja.org\/","name":"Pracownicza Demokracja","description":"","potentialAction":[{"@type":"SearchAction","target":{"@type":"EntryPoint","urlTemplate":"https:\/\/pracowniczademokracja.org\/?s={search_term_string}"},"query-input":{"@type":"PropertyValueSpecification","valueRequired":true,"valueName":"search_term_string"}}],"inLanguage":"pl-PL"},{"@type":"Person","@id":"https:\/\/pracowniczademokracja.org\/#\/schema\/person\/111010f0277257eac5a64dace1cd1ad8","name":".","url":"https:\/\/pracowniczademokracja.org\/?author=1"}]}},"_links":{"self":[{"href":"https:\/\/pracowniczademokracja.org\/index.php?rest_route=\/wp\/v2\/posts\/3554","targetHints":{"allow":["GET"]}}],"collection":[{"href":"https:\/\/pracowniczademokracja.org\/index.php?rest_route=\/wp\/v2\/posts"}],"about":[{"href":"https:\/\/pracowniczademokracja.org\/index.php?rest_route=\/wp\/v2\/types\/post"}],"author":[{"embeddable":true,"href":"https:\/\/pracowniczademokracja.org\/index.php?rest_route=\/wp\/v2\/users\/1"}],"replies":[{"embeddable":true,"href":"https:\/\/pracowniczademokracja.org\/index.php?rest_route=%2Fwp%2Fv2%2Fcomments&post=3554"}],"version-history":[{"count":1,"href":"https:\/\/pracowniczademokracja.org\/index.php?rest_route=\/wp\/v2\/posts\/3554\/revisions"}],"predecessor-version":[{"id":3556,"href":"https:\/\/pracowniczademokracja.org\/index.php?rest_route=\/wp\/v2\/posts\/3554\/revisions\/3556"}],"wp:featuredmedia":[{"embeddable":true,"href":"https:\/\/pracowniczademokracja.org\/index.php?rest_route=\/wp\/v2\/media\/3555"}],"wp:attachment":[{"href":"https:\/\/pracowniczademokracja.org\/index.php?rest_route=%2Fwp%2Fv2%2Fmedia&parent=3554"}],"wp:term":[{"taxonomy":"category","embeddable":true,"href":"https:\/\/pracowniczademokracja.org\/index.php?rest_route=%2Fwp%2Fv2%2Fcategories&post=3554"},{"taxonomy":"post_tag","embeddable":true,"href":"https:\/\/pracowniczademokracja.org\/index.php?rest_route=%2Fwp%2Fv2%2Ftags&post=3554"}],"curies":[{"name":"wp","href":"https:\/\/api.w.org\/{rel}","templated":true}]}}