{"id":11661,"date":"2026-04-01T23:20:00","date_gmt":"2026-04-01T21:20:00","guid":{"rendered":"https:\/\/pracowniczademokracja.org\/?p=11661"},"modified":"2026-04-12T14:44:37","modified_gmt":"2026-04-12T12:44:37","slug":"kino-tajny-agent-w-brazylii-pamietanie-jest-aktem-oporu","status":"publish","type":"post","link":"https:\/\/pracowniczademokracja.org\/?p=11661","title":{"rendered":"KINO: \u201eTajny agent\u201d \u2013 W Brazylii pami\u0119tanie jest aktem oporu"},"content":{"rendered":"<div class=\"wp-block-image\">\n<figure class=\"aligncenter size-full is-resized\"><img loading=\"lazy\" decoding=\"async\" width=\"382\" height=\"560\" src=\"https:\/\/pracowniczademokracja.org\/wp-content\/uploads\/2026\/04\/reklama.film_.tajny_.agent_.jpg\" alt=\"\" class=\"wp-image-11662\" style=\"aspect-ratio:0.6821539737770792;width:223px;height:auto\" srcset=\"https:\/\/pracowniczademokracja.org\/wp-content\/uploads\/2026\/04\/reklama.film_.tajny_.agent_.jpg 382w, https:\/\/pracowniczademokracja.org\/wp-content\/uploads\/2026\/04\/reklama.film_.tajny_.agent_-205x300.jpg 205w, https:\/\/pracowniczademokracja.org\/wp-content\/uploads\/2026\/04\/reklama.film_.tajny_.agent_-102x150.jpg 102w\" sizes=\"auto, (max-width: 382px) 100vw, 382px\" \/><\/figure>\n<\/div>\n\n\n<hr class=\"wp-block-separator has-alpha-channel-opacity\"\/>\n\n\n\n<p><strong><em>Tajny agent<\/em> to thriller historyczny, kt\u00f3ry \u015bledzi losy Armanda uciekaj\u0105cego przed prze\u015bladowaniami i stawiaj\u0105cego op\u00f3r dyktaturze.<\/strong><\/p>\n\n\n\n<p>Film r\u00f3\u017cni si\u0119 od wi\u0119kszo\u015bci, je\u015bli nie od wszystkich, film\u00f3w o brazylijskiej dyktaturze wojskowej, kt\u00f3ra trwa\u0142a od 1964 do 1985 roku.<\/p>\n\n\n\n<p>Fabu\u0142a nie koncentruje si\u0119 na samym re\u017cimie ani na jednej \u201ewielkiej postaci\u201d.<\/p>\n\n\n\n<p><em>Tajny agent<\/em> to historia cz\u0142owieka, kt\u00f3ry pr\u00f3buje odzyska\u0107 wspomnienia o swojej matce i ponownie spotka\u0107 si\u0119 ze swoim synem.<\/p>\n\n\n\n<p>Poprzez t\u0119 histori\u0119 zwyk\u0142ych ludzi film pokazuje nam, jak g\u0142\u0119bokie s\u0105 blizny pozostawione w brazylijskim spo\u0142ecze\u0144stwie.<\/p>\n\n\n\n<p>Blizny te pochodz\u0105 z czas\u00f3w, kiedy wszystkie media musia\u0142y opowiada\u0107 fantazje, poniewa\u017c nie mog\u0142y m\u00f3wi\u0107 prawdy. Z czas\u00f3w, gdy tracono nazwiska, a historie rodzin by\u0142y zapominane.<\/p>\n\n\n\n<p>Spos\u00f3b, w jaki scenarzysta i re\u017cyser Kleber Mendon\u00e7a Filho rozwija fabu\u0142\u0119, ukazuje, co si\u0119 dzieje i co rodzi bunt.<\/p>\n\n\n\n<p>Inne filmy na ten temat zazwyczaj jasno stwierdzaj\u0105, \u017ce re\u017cim dopuszcza\u0142 si\u0119 zbrodni przeciwko ludzko\u015bci \u2013 torturowa\u0142, porywa\u0142 i mordowa\u0142 ludzi.<\/p>\n\n\n\n<p>Ten film pokazuje jednak r\u00f3wnie\u017c, jak brazylijska dyktatura twierdzi\u0142a, \u017ce reprezentuje nar\u00f3d i pos\u0142ugiwa\u0142a si\u0119 brazylijsk\u0105 flag\u0105. Jednocze\u015bnie wykorzystywa\u0142a aparat pa\u0144stwowy, by s\u0142u\u017cy\u0107 zagranicznym firmom.<\/p>\n\n\n\n<p>Re\u017cim uczyni\u0142 wrogami wszystkich, kt\u00f3rzy mogli zagrozi\u0107 zyskom wielkich mi\u0119dzynarodowych korporacji wspieraj\u0105cych w\u0142adz\u0119.<\/p>\n\n\n\n<p><em>Tajny agent<\/em> to pi\u0119kny film. To film o pami\u0119ci \u2013 pami\u0119ci miasta Recife w p\u00f3\u0142nocno-wschodniej Brazylii oraz o tym, jak historie rodzin trwaj\u0105 albo zanikaj\u0105.<\/p>\n\n\n\n<p class=\"has-text-align-right\"><strong>Luis Humberto<\/strong> <strong>Vargas Velasques<\/strong><\/p>\n\n\n\n<p><em>Polska premiera kinowa:<\/em> <em>27 marca 2026<\/em><\/p>\n","protected":false},"excerpt":{"rendered":"<p>Tajny agent to thriller historyczny, kt\u00f3ry \u015bledzi losy Armanda uciekaj\u0105cego przed prze\u015bladowaniami i stawiaj\u0105cego op\u00f3r dyktaturze. Film r\u00f3\u017cni si\u0119 od wi\u0119kszo\u015bci, je\u015bli nie od wszystkich, film\u00f3w o brazylijskiej dyktaturze wojskowej, kt\u00f3ra trwa\u0142a od 1964 do 1985 roku. Fabu\u0142a nie koncentruje si\u0119 na samym re\u017cimie ani na jednej \u201ewielkiej postaci\u201d. Tajny agent to historia cz\u0142owieka, kt\u00f3ry [&hellip;]<\/p>\n","protected":false},"author":1,"featured_media":11662,"comment_status":"closed","ping_status":"closed","sticky":false,"template":"","format":"standard","meta":{"footnotes":""},"categories":[357,359],"tags":[97],"class_list":["post-11661","post","type-post","status-publish","format-standard","has-post-thumbnail","hentry","category-gazeta-kwiecien-2026","category-gazeta-kwiecien-2026-2cd","tag-featured"],"yoast_head":"<!-- This site is optimized with the Yoast SEO plugin v26.7 - https:\/\/yoast.com\/wordpress\/plugins\/seo\/ -->\n<title>KINO: \u201eTajny agent\u201d \u2013 W Brazylii pami\u0119tanie jest aktem oporu - Pracownicza Demokracja<\/title>\n<meta name=\"robots\" content=\"index, follow, max-snippet:-1, max-image-preview:large, max-video-preview:-1\" \/>\n<link rel=\"canonical\" href=\"https:\/\/pracowniczademokracja.org\/?p=11661\" \/>\n<meta property=\"og:locale\" content=\"pl_PL\" \/>\n<meta property=\"og:type\" content=\"article\" \/>\n<meta property=\"og:title\" content=\"KINO: \u201eTajny agent\u201d \u2013 W Brazylii pami\u0119tanie jest aktem oporu - Pracownicza Demokracja\" \/>\n<meta property=\"og:description\" content=\"Tajny agent to thriller historyczny, kt\u00f3ry \u015bledzi losy Armanda uciekaj\u0105cego przed prze\u015bladowaniami i stawiaj\u0105cego op\u00f3r dyktaturze. Film r\u00f3\u017cni si\u0119 od wi\u0119kszo\u015bci, je\u015bli nie od wszystkich, film\u00f3w o brazylijskiej dyktaturze wojskowej, kt\u00f3ra trwa\u0142a od 1964 do 1985 roku. Fabu\u0142a nie koncentruje si\u0119 na samym re\u017cimie ani na jednej \u201ewielkiej postaci\u201d. Tajny agent to historia cz\u0142owieka, kt\u00f3ry [&hellip;]\" \/>\n<meta property=\"og:url\" content=\"https:\/\/pracowniczademokracja.org\/?p=11661\" \/>\n<meta property=\"og:site_name\" content=\"Pracownicza Demokracja\" \/>\n<meta property=\"article:published_time\" content=\"2026-04-01T21:20:00+00:00\" \/>\n<meta property=\"article:modified_time\" content=\"2026-04-12T12:44:37+00:00\" \/>\n<meta property=\"og:image\" content=\"https:\/\/pracowniczademokracja.org\/wp-content\/uploads\/2026\/04\/reklama.film_.tajny_.agent_.jpg\" \/>\n\t<meta property=\"og:image:width\" content=\"382\" \/>\n\t<meta property=\"og:image:height\" content=\"560\" \/>\n\t<meta property=\"og:image:type\" content=\"image\/jpeg\" \/>\n<meta name=\"author\" content=\".\" \/>\n<meta name=\"twitter:card\" content=\"summary_large_image\" \/>\n<meta name=\"twitter:label1\" content=\"Napisane przez\" \/>\n\t<meta name=\"twitter:data1\" content=\".\" \/>\n\t<meta name=\"twitter:label2\" content=\"Szacowany czas czytania\" \/>\n\t<meta name=\"twitter:data2\" content=\"2 minuty\" \/>\n<script type=\"application\/ld+json\" class=\"yoast-schema-graph\">{\"@context\":\"https:\/\/schema.org\",\"@graph\":[{\"@type\":\"Article\",\"@id\":\"https:\/\/pracowniczademokracja.org\/?p=11661#article\",\"isPartOf\":{\"@id\":\"https:\/\/pracowniczademokracja.org\/?p=11661\"},\"author\":{\"name\":\".\",\"@id\":\"https:\/\/pracowniczademokracja.org\/#\/schema\/person\/111010f0277257eac5a64dace1cd1ad8\"},\"headline\":\"KINO: \u201eTajny agent\u201d \u2013 W Brazylii pami\u0119tanie jest aktem oporu\",\"datePublished\":\"2026-04-01T21:20:00+00:00\",\"dateModified\":\"2026-04-12T12:44:37+00:00\",\"mainEntityOfPage\":{\"@id\":\"https:\/\/pracowniczademokracja.org\/?p=11661\"},\"wordCount\":278,\"image\":{\"@id\":\"https:\/\/pracowniczademokracja.org\/?p=11661#primaryimage\"},\"thumbnailUrl\":\"https:\/\/pracowniczademokracja.org\/wp-content\/uploads\/2026\/04\/reklama.film_.tajny_.agent_.jpg\",\"keywords\":[\"Featured\"],\"articleSection\":[\"Gazeta - kwiecie\u0144 2026\",\"Gazeta - kwiecie\u0144 2026 - 2cd.\"],\"inLanguage\":\"pl-PL\"},{\"@type\":\"WebPage\",\"@id\":\"https:\/\/pracowniczademokracja.org\/?p=11661\",\"url\":\"https:\/\/pracowniczademokracja.org\/?p=11661\",\"name\":\"KINO: \u201eTajny agent\u201d \u2013 W Brazylii pami\u0119tanie jest aktem oporu - Pracownicza Demokracja\",\"isPartOf\":{\"@id\":\"https:\/\/pracowniczademokracja.org\/#website\"},\"primaryImageOfPage\":{\"@id\":\"https:\/\/pracowniczademokracja.org\/?p=11661#primaryimage\"},\"image\":{\"@id\":\"https:\/\/pracowniczademokracja.org\/?p=11661#primaryimage\"},\"thumbnailUrl\":\"https:\/\/pracowniczademokracja.org\/wp-content\/uploads\/2026\/04\/reklama.film_.tajny_.agent_.jpg\",\"datePublished\":\"2026-04-01T21:20:00+00:00\",\"dateModified\":\"2026-04-12T12:44:37+00:00\",\"author\":{\"@id\":\"https:\/\/pracowniczademokracja.org\/#\/schema\/person\/111010f0277257eac5a64dace1cd1ad8\"},\"breadcrumb\":{\"@id\":\"https:\/\/pracowniczademokracja.org\/?p=11661#breadcrumb\"},\"inLanguage\":\"pl-PL\",\"potentialAction\":[{\"@type\":\"ReadAction\",\"target\":[\"https:\/\/pracowniczademokracja.org\/?p=11661\"]}]},{\"@type\":\"ImageObject\",\"inLanguage\":\"pl-PL\",\"@id\":\"https:\/\/pracowniczademokracja.org\/?p=11661#primaryimage\",\"url\":\"https:\/\/pracowniczademokracja.org\/wp-content\/uploads\/2026\/04\/reklama.film_.tajny_.agent_.jpg\",\"contentUrl\":\"https:\/\/pracowniczademokracja.org\/wp-content\/uploads\/2026\/04\/reklama.film_.tajny_.agent_.jpg\",\"width\":382,\"height\":560},{\"@type\":\"BreadcrumbList\",\"@id\":\"https:\/\/pracowniczademokracja.org\/?p=11661#breadcrumb\",\"itemListElement\":[{\"@type\":\"ListItem\",\"position\":1,\"name\":\"Strona g\u0142\u00f3wna\",\"item\":\"https:\/\/pracowniczademokracja.org\/\"},{\"@type\":\"ListItem\",\"position\":2,\"name\":\"KINO: \u201eTajny agent\u201d \u2013 W Brazylii pami\u0119tanie jest aktem oporu\"}]},{\"@type\":\"WebSite\",\"@id\":\"https:\/\/pracowniczademokracja.org\/#website\",\"url\":\"https:\/\/pracowniczademokracja.org\/\",\"name\":\"Pracownicza Demokracja\",\"description\":\"\",\"potentialAction\":[{\"@type\":\"SearchAction\",\"target\":{\"@type\":\"EntryPoint\",\"urlTemplate\":\"https:\/\/pracowniczademokracja.org\/?s={search_term_string}\"},\"query-input\":{\"@type\":\"PropertyValueSpecification\",\"valueRequired\":true,\"valueName\":\"search_term_string\"}}],\"inLanguage\":\"pl-PL\"},{\"@type\":\"Person\",\"@id\":\"https:\/\/pracowniczademokracja.org\/#\/schema\/person\/111010f0277257eac5a64dace1cd1ad8\",\"name\":\".\",\"url\":\"https:\/\/pracowniczademokracja.org\/?author=1\"}]}<\/script>\n<!-- \/ Yoast SEO plugin. -->","yoast_head_json":{"title":"KINO: \u201eTajny agent\u201d \u2013 W Brazylii pami\u0119tanie jest aktem oporu - Pracownicza Demokracja","robots":{"index":"index","follow":"follow","max-snippet":"max-snippet:-1","max-image-preview":"max-image-preview:large","max-video-preview":"max-video-preview:-1"},"canonical":"https:\/\/pracowniczademokracja.org\/?p=11661","og_locale":"pl_PL","og_type":"article","og_title":"KINO: \u201eTajny agent\u201d \u2013 W Brazylii pami\u0119tanie jest aktem oporu - Pracownicza Demokracja","og_description":"Tajny agent to thriller historyczny, kt\u00f3ry \u015bledzi losy Armanda uciekaj\u0105cego przed prze\u015bladowaniami i stawiaj\u0105cego op\u00f3r dyktaturze. Film r\u00f3\u017cni si\u0119 od wi\u0119kszo\u015bci, je\u015bli nie od wszystkich, film\u00f3w o brazylijskiej dyktaturze wojskowej, kt\u00f3ra trwa\u0142a od 1964 do 1985 roku. Fabu\u0142a nie koncentruje si\u0119 na samym re\u017cimie ani na jednej \u201ewielkiej postaci\u201d. Tajny agent to historia cz\u0142owieka, kt\u00f3ry [&hellip;]","og_url":"https:\/\/pracowniczademokracja.org\/?p=11661","og_site_name":"Pracownicza Demokracja","article_published_time":"2026-04-01T21:20:00+00:00","article_modified_time":"2026-04-12T12:44:37+00:00","og_image":[{"width":382,"height":560,"url":"https:\/\/pracowniczademokracja.org\/wp-content\/uploads\/2026\/04\/reklama.film_.tajny_.agent_.jpg","type":"image\/jpeg"}],"author":".","twitter_card":"summary_large_image","twitter_misc":{"Napisane przez":".","Szacowany czas czytania":"2 minuty"},"schema":{"@context":"https:\/\/schema.org","@graph":[{"@type":"Article","@id":"https:\/\/pracowniczademokracja.org\/?p=11661#article","isPartOf":{"@id":"https:\/\/pracowniczademokracja.org\/?p=11661"},"author":{"name":".","@id":"https:\/\/pracowniczademokracja.org\/#\/schema\/person\/111010f0277257eac5a64dace1cd1ad8"},"headline":"KINO: \u201eTajny agent\u201d \u2013 W Brazylii pami\u0119tanie jest aktem oporu","datePublished":"2026-04-01T21:20:00+00:00","dateModified":"2026-04-12T12:44:37+00:00","mainEntityOfPage":{"@id":"https:\/\/pracowniczademokracja.org\/?p=11661"},"wordCount":278,"image":{"@id":"https:\/\/pracowniczademokracja.org\/?p=11661#primaryimage"},"thumbnailUrl":"https:\/\/pracowniczademokracja.org\/wp-content\/uploads\/2026\/04\/reklama.film_.tajny_.agent_.jpg","keywords":["Featured"],"articleSection":["Gazeta - kwiecie\u0144 2026","Gazeta - kwiecie\u0144 2026 - 2cd."],"inLanguage":"pl-PL"},{"@type":"WebPage","@id":"https:\/\/pracowniczademokracja.org\/?p=11661","url":"https:\/\/pracowniczademokracja.org\/?p=11661","name":"KINO: \u201eTajny agent\u201d \u2013 W Brazylii pami\u0119tanie jest aktem oporu - Pracownicza Demokracja","isPartOf":{"@id":"https:\/\/pracowniczademokracja.org\/#website"},"primaryImageOfPage":{"@id":"https:\/\/pracowniczademokracja.org\/?p=11661#primaryimage"},"image":{"@id":"https:\/\/pracowniczademokracja.org\/?p=11661#primaryimage"},"thumbnailUrl":"https:\/\/pracowniczademokracja.org\/wp-content\/uploads\/2026\/04\/reklama.film_.tajny_.agent_.jpg","datePublished":"2026-04-01T21:20:00+00:00","dateModified":"2026-04-12T12:44:37+00:00","author":{"@id":"https:\/\/pracowniczademokracja.org\/#\/schema\/person\/111010f0277257eac5a64dace1cd1ad8"},"breadcrumb":{"@id":"https:\/\/pracowniczademokracja.org\/?p=11661#breadcrumb"},"inLanguage":"pl-PL","potentialAction":[{"@type":"ReadAction","target":["https:\/\/pracowniczademokracja.org\/?p=11661"]}]},{"@type":"ImageObject","inLanguage":"pl-PL","@id":"https:\/\/pracowniczademokracja.org\/?p=11661#primaryimage","url":"https:\/\/pracowniczademokracja.org\/wp-content\/uploads\/2026\/04\/reklama.film_.tajny_.agent_.jpg","contentUrl":"https:\/\/pracowniczademokracja.org\/wp-content\/uploads\/2026\/04\/reklama.film_.tajny_.agent_.jpg","width":382,"height":560},{"@type":"BreadcrumbList","@id":"https:\/\/pracowniczademokracja.org\/?p=11661#breadcrumb","itemListElement":[{"@type":"ListItem","position":1,"name":"Strona g\u0142\u00f3wna","item":"https:\/\/pracowniczademokracja.org\/"},{"@type":"ListItem","position":2,"name":"KINO: \u201eTajny agent\u201d \u2013 W Brazylii pami\u0119tanie jest aktem oporu"}]},{"@type":"WebSite","@id":"https:\/\/pracowniczademokracja.org\/#website","url":"https:\/\/pracowniczademokracja.org\/","name":"Pracownicza Demokracja","description":"","potentialAction":[{"@type":"SearchAction","target":{"@type":"EntryPoint","urlTemplate":"https:\/\/pracowniczademokracja.org\/?s={search_term_string}"},"query-input":{"@type":"PropertyValueSpecification","valueRequired":true,"valueName":"search_term_string"}}],"inLanguage":"pl-PL"},{"@type":"Person","@id":"https:\/\/pracowniczademokracja.org\/#\/schema\/person\/111010f0277257eac5a64dace1cd1ad8","name":".","url":"https:\/\/pracowniczademokracja.org\/?author=1"}]}},"_links":{"self":[{"href":"https:\/\/pracowniczademokracja.org\/index.php?rest_route=\/wp\/v2\/posts\/11661","targetHints":{"allow":["GET"]}}],"collection":[{"href":"https:\/\/pracowniczademokracja.org\/index.php?rest_route=\/wp\/v2\/posts"}],"about":[{"href":"https:\/\/pracowniczademokracja.org\/index.php?rest_route=\/wp\/v2\/types\/post"}],"author":[{"embeddable":true,"href":"https:\/\/pracowniczademokracja.org\/index.php?rest_route=\/wp\/v2\/users\/1"}],"replies":[{"embeddable":true,"href":"https:\/\/pracowniczademokracja.org\/index.php?rest_route=%2Fwp%2Fv2%2Fcomments&post=11661"}],"version-history":[{"count":2,"href":"https:\/\/pracowniczademokracja.org\/index.php?rest_route=\/wp\/v2\/posts\/11661\/revisions"}],"predecessor-version":[{"id":11664,"href":"https:\/\/pracowniczademokracja.org\/index.php?rest_route=\/wp\/v2\/posts\/11661\/revisions\/11664"}],"wp:featuredmedia":[{"embeddable":true,"href":"https:\/\/pracowniczademokracja.org\/index.php?rest_route=\/wp\/v2\/media\/11662"}],"wp:attachment":[{"href":"https:\/\/pracowniczademokracja.org\/index.php?rest_route=%2Fwp%2Fv2%2Fmedia&parent=11661"}],"wp:term":[{"taxonomy":"category","embeddable":true,"href":"https:\/\/pracowniczademokracja.org\/index.php?rest_route=%2Fwp%2Fv2%2Fcategories&post=11661"},{"taxonomy":"post_tag","embeddable":true,"href":"https:\/\/pracowniczademokracja.org\/index.php?rest_route=%2Fwp%2Fv2%2Ftags&post=11661"}],"curies":[{"name":"wp","href":"https:\/\/api.w.org\/{rel}","templated":true}]}}