{"id":11652,"date":"2026-04-01T23:25:00","date_gmt":"2026-04-01T21:25:00","guid":{"rendered":"https:\/\/pracowniczademokracja.org\/?p=11652"},"modified":"2026-04-12T14:38:52","modified_gmt":"2026-04-12T12:38:52","slug":"strajki-i-protesty-pracownicze-w-polsce-72","status":"publish","type":"post","link":"https:\/\/pracowniczademokracja.org\/?p=11652","title":{"rendered":"Strajki i protesty pracownicze w Polsce"},"content":{"rendered":"\n<p style=\"font-size:16px\"><strong>Ochrona zdrowia \u2013 ca\u0142y kraj<\/strong><br><strong>Komitet Protestacyjny OPZZ w Ochronie Zdrowia<\/strong><\/p>\n\n\n\n<p><strong>9 marca og\u00f3lnokrajowe organizacje zrzeszone w Bran\u017cy OPZZ \u201eUs\u0142ugi Publiczne\u201d podj\u0119\u0142y decyzj\u0119 o utworzeniu Komitetu Protestacyjnego OPZZ w Ochronie Zdrowia.<\/strong><\/p>\n\n\n\n<p>W Komitecie przez swoje zwi\u0105zki s\u0105 reprezentowani psycholodzy, laboranci, piel\u0119gniarki, fizjoterapeuci, lekarze i wiele innych pracownik\u00f3w i pracownic ochrony zdrowia \u2013 zrzeszonych w Og\u00f3lnopolskim Zwi\u0105zku Zawodowym OPZZ.<\/p>\n\n\n\n<p>Komitet ma koordynowa\u0107 dzia\u0142ania zwi\u0105zk\u00f3w zawodowych w obliczu planowanych zmian dotycz\u0105cych wynagrodze\u0144 pracownik\u00f3w ochrony zdrowia. Zwi\u0105zki wskazuj\u0105 na pogarszaj\u0105c\u0105 si\u0119 sytuacj\u0119 finansow\u0105 systemu ochrony zdrowia oraz rosn\u0105ce dysproporcje w zarobkach.<\/p>\n\n\n\n<hr class=\"wp-block-separator has-alpha-channel-opacity\"\/>\n\n\n\n<p style=\"font-size:16px\"><strong>Fizjoterapeuci \u2013 ca\u0142y kraj<\/strong><br><strong>Pikieta w obronie gwarantowanych p\u0142ac minimalnych<\/strong><\/p>\n\n\n<div class=\"wp-block-image\">\n<figure class=\"aligncenter size-full is-resized\"><img loading=\"lazy\" decoding=\"async\" width=\"1024\" height=\"577\" src=\"https:\/\/pracowniczademokracja.org\/wp-content\/uploads\/2026\/04\/protest.fizjoterapeutow.Wwa_.16.03.2026.jpg\" alt=\"Pierwszy protest Komitetu Protestacyjnego OPZZ w Ochronie Zdrowia odby\u0142 si\u0119 16 marca przed Centrum Dialogu Spo\u0142ecznego w Warszawie, gdzie fizjoterapeuci zorganizowali pikiet\u0119 pod has\u0142em: \u201eBronimy ustawy o minimalnych wynagrodzeniach w ochronie zdrowia\u201d.\" class=\"wp-image-11659\" style=\"width:475px\" srcset=\"https:\/\/pracowniczademokracja.org\/wp-content\/uploads\/2026\/04\/protest.fizjoterapeutow.Wwa_.16.03.2026.jpg 1024w, https:\/\/pracowniczademokracja.org\/wp-content\/uploads\/2026\/04\/protest.fizjoterapeutow.Wwa_.16.03.2026-300x169.jpg 300w, https:\/\/pracowniczademokracja.org\/wp-content\/uploads\/2026\/04\/protest.fizjoterapeutow.Wwa_.16.03.2026-150x85.jpg 150w, https:\/\/pracowniczademokracja.org\/wp-content\/uploads\/2026\/04\/protest.fizjoterapeutow.Wwa_.16.03.2026-768x433.jpg 768w\" sizes=\"auto, (max-width: 1024px) 100vw, 1024px\" \/><\/figure>\n<\/div>\n\n\n<p><strong>Pierwszy protest Komitetu Protestacyjnego OPZZ w Ochronie Zdrowia odby\u0142 si\u0119 16 marca przed Centrum Dialogu Spo\u0142ecznego w Warszawie, gdzie fizjoterapeuci zorganizowali pikiet\u0119 pod has\u0142em: \u201eBronimy ustawy o minimalnych wynagrodzeniach w ochronie zdrowia\u201d.<\/strong><\/p>\n\n\n\n<p>\u2013 Bez godnych i&nbsp;przewidywalnych&nbsp;wynagrodze\u0144&nbsp;nie da si\u0119 utrzyma\u0107 stabilnego systemu ochrony zdrowia ani zapewni\u0107 pacjentom odpowiedniej jako\u015bci opieki \u2013 t\u0142umaczy\u0142 Tomasz Dybek, przewodnicz\u0105cy Og\u00f3lnopolskiego Zwi\u0105zku Zawodowego Pracownik\u00f3w Fizjoterapii (OZZPF).<\/p>\n\n\n\n<p>Fundamentem jest system gwarantowanych p\u0142ac minimalnych oraz mechanizm ich corocznej waloryzacji. Dzi\u0119ki niemu wzrost zarobk\u00f3w&nbsp;fizjoterapeut\u00f3w,&nbsp;farmaceut\u00f3w&nbsp;czy&nbsp;piel\u0119gniarek&nbsp;jest bezpo\u015brednio powi\u0105zany ze wzrostem przeci\u0119tnego wynagrodzenia w&nbsp;gospodarce.<\/p>\n\n\n\n<p>\u015arodowisko fizjoterapeut\u00f3w obawia si\u0119, \u017ce pojawiaj\u0105ce si\u0119 propozycje zmian w&nbsp;ustawie mog\u0105 doprowadzi\u0107 do&nbsp;os\u0142abienia mechanizmu podwy\u017cek lub wprowadzenia tzw. martwych okres\u00f3w, w kt\u00f3rych p\u0142ace w&nbsp;medycynie przesta\u0142yby rosn\u0105\u0107 w&nbsp;tempie odpowiadaj\u0105cym realnemu wzrostowi wynagrodze\u0144 w&nbsp;kraju.&nbsp;<\/p>\n\n\n\n<hr class=\"wp-block-separator has-alpha-channel-opacity\"\/>\n\n\n\n<p style=\"font-size:16px\"><strong>PGE GiEK Elektrownia \u2013 Rybnik<\/strong><br><strong>Protest pod bram\u0105 zak\u0142adu<\/strong><\/p>\n\n\n\n<p><strong>4 marca wcze\u015bnie rano, jeszcze przed rozpocz\u0119ciem porannej zmiany, ok. setki os\u00f3b zebra\u0142o si\u0119 przed bram\u0105 Elektrowni Rybnik, protestuj\u0105c przeciw wygaszaniu pracy elektrowni. Protest w obronie fabryki i miejsc pracy organizowa\u0142a zak\u0142adowa \u201eSolidarno\u015b\u0107\u201d.<\/strong><\/p>\n\n\n\n<p>Chodzi o planowane zamkni\u0119cie bazuj\u0105cej na w\u0119glu kamiennym fabryki i zwi\u0105zane z nim zwolnienia. Zwi\u0105zek obawia si\u0119, \u017ce ponad 400 pracownik\u00f3w jest zagro\u017conych utrat\u0105 zatrudnienia. Ireneusz Oleksik, przewodnicz\u0105cy \u201eSolidarno\u015bci\u201d w Elektrowni Rybnik, przypomnia\u0142, \u017ce zgodnie z umow\u0105 z 2020 r. elektrownia mia\u0142a pracowa\u0107 do 2030 r., a w 2029 roku ma zosta\u0107 przeprowadzona analiza jej dalszego funkcjonowania. Natomiast teraz w\u0142a\u015bciciele elektrowni z PGG w Be\u0142chatowie zamierzaj\u0105 sukcesywnie zamyka\u0107 dwa bloki w roku 2026 i dwa bloki w 2027.<\/p>\n\n\n\n<p>\u2014 Czujemy si\u0119 oszukani \u2014 powiedzia\u0142 Oleksik. W nowej elektrowni gazowej zatrudnienie mo\u017ce znale\u017a\u0107 najwy\u017cej 10 proc. obecnych pracownik\u00f3w.<\/p>\n\n\n\n<hr class=\"wp-block-separator has-alpha-channel-opacity\"\/>\n\n\n\n<p style=\"font-size:16px\"><strong>PeBeKa S.A. \u2013 Lubin<\/strong><br><strong>Pracownicy wyszli na ulice, \u017c\u0105daj\u0105c wzrostu p\u0142ac<\/strong><\/p>\n\n\n\n<p><strong>13 marca w Lubinie odby\u0142a si\u0119 manifestacja pracownik\u00f3w i zwi\u0105zkowc\u00f3w z Przedsi\u0119biorstwa Budowy Kopal\u0144 PeBeKa S.A. Protest by\u0142 reakcj\u0105 na brak porozumienia w sprawie podwy\u017cek p\u0142ac dla pracownik\u00f3w oraz narastaj\u0105ce dysproporcje wynagrodze\u0144 pomi\u0119dzy pracownikami oddzia\u0142\u00f3w Grupy KGHM.<\/strong><\/p>\n\n\n\n<p>PeBeKa to sp\u00f3\u0142ka specjalizuj\u0105ca si\u0119 w budownictwie podziemnym, kt\u00f3ra zbudowa\u0142a wszystkie 31 szyb\u00f3w dla polskich kopalni miedzi. Jest cz\u0119\u015bci\u0105 Grupy KGHM Polska Mied\u017a.<\/p>\n\n\n\n<p>Zarz\u0105d PeBeKa nie zaakceptowa\u0142 postulat\u00f3w przedstawionych przez stron\u0119 zwi\u0105zkow\u0105, co doprowadzi\u0142o do zerwania rozm\u00f3w. Brak zgody na wzrost p\u0142ac sta\u0142 si\u0119 bezpo\u015bredni\u0105 przyczyn\u0105 decyzji o wyj\u015bciu za\u0142ogi na ulice \u2013 przekaza\u0142 Dominik Pasis, przewodnicz\u0105cy Komisji Zak\u0142adowej NSZZ \u201eS\u201d w PeBeKa w Lubinie.<\/p>\n\n\n\n<p>Kilkaset os\u00f3b o godz. 8.00 wyruszy\u0142o sprzed siedziby zwi\u0105zk\u00f3w zawodowych w Lubinie. Demonstranci najpierw zatrzymali si\u0119 przed siedzib\u0105 PeBeKa, gdzie g\u0142o\u015bno wykrzykiwali swoje postulaty, a nast\u0119pnie przeszli pod central\u0119 KGHM Polska Mied\u017a S.A. Zwi\u0105zkowcy podkre\u015blali, \u017ce protest jest sprzeciwem wobec nier\u00f3wnego traktowania pracownik\u00f3w sp\u00f3\u0142ek zale\u017cnych w stosunku do za\u0142ogi oddzia\u0142\u00f3w KGHM.<\/p>\n\n\n\n<hr class=\"wp-block-separator has-alpha-channel-opacity\"\/>\n\n\n\n<p style=\"font-size:16px\"><strong>IMGW-PIB \u2013 Gda\u0144sk i Warszawa<\/strong><br><strong>Pikieta przeciw represjom wobec zwi\u0105zkowc\u00f3w<\/strong><\/p>\n\n\n\n<p><strong>W Instytucie Meteorologii i Gospodarki Wodnej \u2013 PIB trwa sp\u00f3r zbiorowy mi\u0119dzy pracodawc\u0105 a Organizacj\u0105 Zak\u0142adow\u0105 NSZZ \u201eSolidarno\u015b\u0107\u201d. Zwi\u0105zkowcy zarzucaj\u0105 kierownictwu \u0142amanie prawa zwi\u0105zkowego oraz dzia\u0142ania represyjne wobec swojej przewodnicz\u0105cej. \u017b\u0105daj\u0105 poza tym wzrostu wynagrodze\u0144 o 1800 z\u0142 brutto, transparentno\u015bci proces\u00f3w kadrowych oraz przedstawienia rzetelnych plan\u00f3w reorganizacji i redukcji zatrudnienia.<\/strong><\/p>\n\n\n\n<p>W trakcie trwania sporu zbiorowego dosz\u0142o do dyscyplinarnego zwolnienia przewodnicz\u0105cej Organizacji Zak\u0142adowej \u201eS\u201d w IMGW-PIB, Agnieszki Harasimowicz, obj\u0119tej szczeg\u00f3ln\u0105 ochron\u0105 prawn\u0105. Mia\u0142o to miejsce mimo braku prawnie wymaganej zgody zarz\u0105du organizacji zwi\u0105zkowej. W ocenie zwi\u0105zku by\u0142o to dzia\u0142anie odwetowe za krytyczne stanowisko przedstawione Ministrowi Infrastruktury oraz pr\u00f3ba destabilizacji dzia\u0142alno\u015bci organizacji.<\/p>\n\n\n\n<p>Region Gda\u0144ski NSZZ \u201eSolidarno\u015b\u0107\u201d, do kt\u00f3rej nale\u017cy Agnieszka Harasimowicz, poinformowa\u0142 ministra infrastruktury o sytuacji w Instytucie, wzywaj\u0105c do dzia\u0142a\u0144 na rzecz przywr\u00f3cenia dialogu spo\u0142ecznego. Zawiadomiona zosta\u0142a r\u00f3wnie\u017c kancelaria premiera. Jak podkre\u015blaj\u0105 zwi\u0105zkowcy, do tej pory pisma pozosta\u0142y bez odpowiedzi.<\/p>\n\n\n\n<p>W odpowiedzi na dramatyczn\u0105 sytuacj\u0119 25 marca w Warszawie odby\u0142a si\u0119 pikieta protestacyjna cz\u0142onk\u00f3w \u201eS\u201d w obronie przewodnicz\u0105cej zwi\u0105zku w IMGW. W pikiecie pod has\u0142ami m.in. \u201eStop represjom wobec dzia\u0142aczy zwi\u0105zkowych\u201d oraz m.in. z \u017c\u0105daniem godnych podwy\u017cek, rekompensuj\u0105cych przynajmniej inflacj\u0119, uczestniczy\u0142o kilkudziesi\u0119ciu zwi\u0105zkowc\u00f3w z Regionu Gda\u0144skiego, wspieranych przez przedstawicieli Region\u00f3w Mazowsze i Ma\u0142opolska.<\/p>\n\n\n\n<hr class=\"wp-block-separator has-alpha-channel-opacity\"\/>\n\n\n\n<p style=\"font-size:16px\"><strong>Cegielski, WSK, Stomil \u2013 Pozna\u0144<\/strong><br><strong>Pracownicy walcz\u0105 o swoj\u0105 przysz\u0142o\u015b\u0107<\/strong><\/p>\n\n\n\n<p><strong>12 marca na placu Mickiewicza odby\u0142a si\u0119 pikieta pracownik\u00f3w i pracownic trzech pozna\u0144skich zak\u0142ad\u00f3w, po kt\u00f3rej odby\u0142 si\u0119 marsz do Wielkopolskiego Urz\u0119du Wojew\u00f3dzkiego, by z\u0142o\u017cy\u0107 na r\u0119ce wojewody petycj\u0119. Pracuj\u0105cy z trzech zak\u0142ad\u00f3w walcz\u0105 o swoj\u0105 przysz\u0142o\u015b\u0107.<\/strong><\/p>\n\n\n\n<p>Udzia\u0142 w pikiecie wzi\u0119li pracownicy i pracownice, wraz z delegacjami organizacji zwi\u0105zkowych z zak\u0142ad\u00f3w H. Cegielski \u2013 Pozna\u0144, WSK Pozna\u0144 oraz Stomil Pozna\u0144. Wsp\u00f3lnie walcz\u0105 o w\u0142asn\u0105 przysz\u0142o\u015b\u0107. A ta nie wygl\u0105da najlepiej. Stomil ma by\u0107 zlikwidowany, w Cegielskim wyp\u0142aty trafiaj\u0105 do pracuj\u0105cych z op\u00f3\u017anieniem, a w WSK planowane s\u0105 zwolnienia. Jak podkre\u015blaj\u0105 pracownicy i pracownice Cegielskiego: \u2013 Walczymy r\u00f3wnie\u017c o nale\u017cyte miejsce dla firmy ze 180-letni\u0105 tradycj\u0105.<\/p>\n\n\n\n<hr class=\"wp-block-separator has-alpha-channel-opacity\"\/>\n\n\n\n<p style=\"font-size:16px\"><strong>Biedronka \u2013 ca\u0142y kraj<\/strong><br><strong>Sp\u00f3r zbiorowy o place i warunki pracy<\/strong><\/p>\n\n\n\n<p><strong>Trwa sp\u00f3r zbiorowy w sieci sklep\u00f3w Biedronka. Pierwsze spotkanie os\u00f3b zrzeszonych w \u201eSolidarno\u015bci\u201d z pracodawc\u0105, kt\u00f3re odby\u0142o si\u0119 12 lutego, nie doprowadzi\u0142o do porozumienia. Kolejne rozmowy zaplanowano na ostatni dzie\u0144 marca.<\/strong><\/p>\n\n\n\n<p>\u017b\u0105dania zwi\u0105zkowe to m.in.: * podniesienie od dnia 1 lutego 2026 r. stawek wynagrodzenia zasadniczego wszystkich pracownik\u00f3w Jeronimo Martins Polska S.A. o kwot\u0119 1 000 miesi\u0119cznie, * ustalenie miesi\u0119cznych okres\u00f3w rozliczeniowych czasu pracy, o kt\u00f3rych mowa w Kodeksie Pracy, * zwi\u0119kszenie obsady sklep\u00f3w \u201eBiedronka\u201d, tak aby mo\u017cliwa by\u0142a realizacja zada\u0144 zlecanych pracownikom w czasie ich normalnego czasu pracy, * wprowadzenie sta\u0142ej obsady kas samoobs\u0142ugowych,<\/p>\n\n\n\n<p>* wprowadzenie kuponu \u015bniadaniowego (lub lunchowego) dla pracownik\u00f3w zatrudnionych w systemie zmianowym w wysoko\u015bci 200 z\u0142 miesi\u0119cznie, * zapewnienie organizacjom zwi\u0105zkowym prawa do umieszczania na tablicach informacyjnych w sklepach \u201eBiedronka\u201d oraz centrach dystrybucyjnych i innych zak\u0142adach Jeronimo Martins Polska S.A. informacji o mo\u017cliwo\u015bci przyst\u0119powania do zwi\u0105zk\u00f3w zawodowych i zwi\u0105zanych z tym korzy\u015bci.<\/p>\n\n\n\n<hr class=\"wp-block-separator has-alpha-channel-opacity\"\/>\n\n\n\n<p style=\"font-size:16px\"><strong>Stokrotka \u2013 Warszawa<\/strong><br><strong>Pracownicy walcz\u0105 o swoje prawo do urlop\u00f3w<\/strong><\/p>\n\n\n\n<p><strong>23 marca przed jednym ze sklep\u00f3w sieci Stokrotka w Warszawie odby\u0142 si\u0119 protest pracownik\u00f3w i pracownic plac\u00f3wki (w tym by\u0142ych zatrudnionych) oraz przedstawicieli NSZZ \u201eSolidarno\u015b\u0107\u201d w Stokrotce<\/strong><\/p>\n\n\n\n<p>Strona zwi\u0105zkowa w Stokrotce alarmuje, \u017ce pracuj\u0105cy nie maj\u0105 realnego wp\u0142ywu na terminy urlop\u00f3w i poznaj\u0105 je dopiero po publikacji grafiku, a dzie\u0144 urlopu na \u017c\u0105danie ma oznacza\u0107 utrat\u0119 premii frekwencyjnej.<\/p>\n\n\n\n<p>\u2013 Pracodawca nie mo\u017ce odm\u00f3wi\u0107 udzielenia takiego urlopu, ale wystarczy wzi\u0105\u0107 jeden dzie\u0144 urlopu na \u017c\u0105danie, \u017ceby straci\u0107 w ca\u0142o\u015bci premi\u0119 frekwencyjn\u0105. Przy naszych bardzo niskich zarobkach pracownicy bardzo cz\u0119sto nie mog\u0105 sobie na to pozwoli\u0107 \u2013 t\u0142umaczy Alicja Symbor, przewodnicz\u0105ca \u201eSolidarno\u015bci\u201d w sieci Stokrotka.<\/p>\n\n\n\n<p>Zwi\u0105zek wskazuje r\u00f3wnie\u017c na zbyt ma\u0142\u0105 obsad\u0119 sklep\u00f3w, przez co planowany urlop letni bywa wyznaczany np. na luty, co utrudnia \u017cycie rodzinne.<\/p>\n\n\n\n<p>Kolejnym problemem jest ewidencja czasu pracy. Wed\u0142ug protestuj\u0105cych dochodzi do sytuacji, w kt\u00f3rych pracownicy i pracownice wykonuj\u0105 obowi\u0105zki po zako\u0144czeniu zmiany, bez odpowiedniego rozliczenia nadgodzin.<\/p>\n\n\n\n<hr class=\"wp-block-separator has-alpha-channel-opacity\"\/>\n\n\n\n<p style=\"font-size:16px\"><strong>Swiss Krono \u2013 \u017bary<\/strong><br><strong>Akcja informacyjna \u2013 przeciw polityce p\u0142acowej firmy<\/strong><\/p>\n\n\n\n<p><strong>26 stycznia 2026 r. w Swiss Krono sp. z o.o. w \u017barach rozpocz\u0105\u0142 si\u0119 sp\u00f3r zbiorowy wszcz\u0119ty przez organizacj\u0119 mi\u0119dzyzak\u0142adow\u0105 NSZZ \u201eSolidarno\u015b\u0107\u201d. W dniu 2 marca zwi\u0105zkowcy przeprowadzili akcj\u0119 informacyjn\u0105 przed g\u0142\u00f3wn\u0105 portierni\u0105 zak\u0142adu. <\/strong>G\u0142\u00f3wne przyczyny sporu to brak transparentnej polityki p\u0142acowej i jasnych zasad wzrostu wynagrodze\u0144, zast\u0119powanie podwy\u017cek og\u00f3lnozak\u0142adowych podwy\u017ckami indywidualnymi, brak przejrzystych kryteri\u00f3w przyznawania podwy\u017cek, co prowadzi do poczucia nier\u00f3wnego traktowania w\u015br\u00f3d pracuj\u0105cych, ograniczona dost\u0119pno\u015b\u0107 podwy\u017cek indywidualnych w proponowanym systemie wynagradzania.<\/p>\n\n\n\n<p class=\"has-text-align-right\"><strong>Ellisiv Rognlien<\/strong><\/p>\n","protected":false},"excerpt":{"rendered":"<p>Ochrona zdrowia \u2013 ca\u0142y krajKomitet Protestacyjny OPZZ w Ochronie Zdrowia 9 marca og\u00f3lnokrajowe organizacje zrzeszone w Bran\u017cy OPZZ \u201eUs\u0142ugi Publiczne\u201d podj\u0119\u0142y decyzj\u0119 o utworzeniu Komitetu Protestacyjnego OPZZ w Ochronie Zdrowia. W Komitecie przez swoje zwi\u0105zki s\u0105 reprezentowani psycholodzy, laboranci, piel\u0119gniarki, fizjoterapeuci, lekarze i wiele innych pracownik\u00f3w i pracownic ochrony zdrowia \u2013 zrzeszonych w Og\u00f3lnopolskim Zwi\u0105zku [&hellip;]<\/p>\n","protected":false},"author":1,"featured_media":11659,"comment_status":"closed","ping_status":"closed","sticky":false,"template":"","format":"standard","meta":{"footnotes":""},"categories":[357,359],"tags":[97],"class_list":["post-11652","post","type-post","status-publish","format-standard","has-post-thumbnail","hentry","category-gazeta-kwiecien-2026","category-gazeta-kwiecien-2026-2cd","tag-featured"],"yoast_head":"<!-- This site is optimized with the Yoast SEO plugin v26.7 - https:\/\/yoast.com\/wordpress\/plugins\/seo\/ -->\n<title>Strajki i protesty pracownicze w Polsce - Pracownicza Demokracja<\/title>\n<meta name=\"robots\" content=\"index, follow, max-snippet:-1, max-image-preview:large, max-video-preview:-1\" \/>\n<link rel=\"canonical\" href=\"https:\/\/pracowniczademokracja.org\/?p=11652\" \/>\n<meta property=\"og:locale\" content=\"pl_PL\" \/>\n<meta property=\"og:type\" content=\"article\" \/>\n<meta property=\"og:title\" content=\"Strajki i protesty pracownicze w Polsce - Pracownicza Demokracja\" \/>\n<meta property=\"og:description\" content=\"Ochrona zdrowia \u2013 ca\u0142y krajKomitet Protestacyjny OPZZ w Ochronie Zdrowia 9 marca og\u00f3lnokrajowe organizacje zrzeszone w Bran\u017cy OPZZ \u201eUs\u0142ugi Publiczne\u201d podj\u0119\u0142y decyzj\u0119 o utworzeniu Komitetu Protestacyjnego OPZZ w Ochronie Zdrowia. W Komitecie przez swoje zwi\u0105zki s\u0105 reprezentowani psycholodzy, laboranci, piel\u0119gniarki, fizjoterapeuci, lekarze i wiele innych pracownik\u00f3w i pracownic ochrony zdrowia \u2013 zrzeszonych w Og\u00f3lnopolskim Zwi\u0105zku [&hellip;]\" \/>\n<meta property=\"og:url\" content=\"https:\/\/pracowniczademokracja.org\/?p=11652\" \/>\n<meta property=\"og:site_name\" content=\"Pracownicza Demokracja\" \/>\n<meta property=\"article:published_time\" content=\"2026-04-01T21:25:00+00:00\" \/>\n<meta property=\"article:modified_time\" content=\"2026-04-12T12:38:52+00:00\" \/>\n<meta property=\"og:image\" content=\"https:\/\/pracowniczademokracja.org\/wp-content\/uploads\/2026\/04\/protest.fizjoterapeutow.Wwa_.16.03.2026.jpg\" \/>\n\t<meta property=\"og:image:width\" content=\"1024\" \/>\n\t<meta property=\"og:image:height\" content=\"577\" \/>\n\t<meta property=\"og:image:type\" content=\"image\/jpeg\" \/>\n<meta name=\"author\" content=\".\" \/>\n<meta name=\"twitter:card\" content=\"summary_large_image\" \/>\n<meta name=\"twitter:label1\" content=\"Napisane przez\" \/>\n\t<meta name=\"twitter:data1\" content=\".\" \/>\n\t<meta name=\"twitter:label2\" content=\"Szacowany czas czytania\" \/>\n\t<meta name=\"twitter:data2\" content=\"8 minut\" \/>\n<script type=\"application\/ld+json\" class=\"yoast-schema-graph\">{\"@context\":\"https:\/\/schema.org\",\"@graph\":[{\"@type\":\"Article\",\"@id\":\"https:\/\/pracowniczademokracja.org\/?p=11652#article\",\"isPartOf\":{\"@id\":\"https:\/\/pracowniczademokracja.org\/?p=11652\"},\"author\":{\"name\":\".\",\"@id\":\"https:\/\/pracowniczademokracja.org\/#\/schema\/person\/111010f0277257eac5a64dace1cd1ad8\"},\"headline\":\"Strajki i protesty pracownicze w Polsce\",\"datePublished\":\"2026-04-01T21:25:00+00:00\",\"dateModified\":\"2026-04-12T12:38:52+00:00\",\"mainEntityOfPage\":{\"@id\":\"https:\/\/pracowniczademokracja.org\/?p=11652\"},\"wordCount\":1509,\"image\":{\"@id\":\"https:\/\/pracowniczademokracja.org\/?p=11652#primaryimage\"},\"thumbnailUrl\":\"https:\/\/pracowniczademokracja.org\/wp-content\/uploads\/2026\/04\/protest.fizjoterapeutow.Wwa_.16.03.2026.jpg\",\"keywords\":[\"Featured\"],\"articleSection\":[\"Gazeta - kwiecie\u0144 2026\",\"Gazeta - kwiecie\u0144 2026 - 2cd.\"],\"inLanguage\":\"pl-PL\"},{\"@type\":\"WebPage\",\"@id\":\"https:\/\/pracowniczademokracja.org\/?p=11652\",\"url\":\"https:\/\/pracowniczademokracja.org\/?p=11652\",\"name\":\"Strajki i protesty pracownicze w Polsce - Pracownicza Demokracja\",\"isPartOf\":{\"@id\":\"https:\/\/pracowniczademokracja.org\/#website\"},\"primaryImageOfPage\":{\"@id\":\"https:\/\/pracowniczademokracja.org\/?p=11652#primaryimage\"},\"image\":{\"@id\":\"https:\/\/pracowniczademokracja.org\/?p=11652#primaryimage\"},\"thumbnailUrl\":\"https:\/\/pracowniczademokracja.org\/wp-content\/uploads\/2026\/04\/protest.fizjoterapeutow.Wwa_.16.03.2026.jpg\",\"datePublished\":\"2026-04-01T21:25:00+00:00\",\"dateModified\":\"2026-04-12T12:38:52+00:00\",\"author\":{\"@id\":\"https:\/\/pracowniczademokracja.org\/#\/schema\/person\/111010f0277257eac5a64dace1cd1ad8\"},\"breadcrumb\":{\"@id\":\"https:\/\/pracowniczademokracja.org\/?p=11652#breadcrumb\"},\"inLanguage\":\"pl-PL\",\"potentialAction\":[{\"@type\":\"ReadAction\",\"target\":[\"https:\/\/pracowniczademokracja.org\/?p=11652\"]}]},{\"@type\":\"ImageObject\",\"inLanguage\":\"pl-PL\",\"@id\":\"https:\/\/pracowniczademokracja.org\/?p=11652#primaryimage\",\"url\":\"https:\/\/pracowniczademokracja.org\/wp-content\/uploads\/2026\/04\/protest.fizjoterapeutow.Wwa_.16.03.2026.jpg\",\"contentUrl\":\"https:\/\/pracowniczademokracja.org\/wp-content\/uploads\/2026\/04\/protest.fizjoterapeutow.Wwa_.16.03.2026.jpg\",\"width\":1024,\"height\":577},{\"@type\":\"BreadcrumbList\",\"@id\":\"https:\/\/pracowniczademokracja.org\/?p=11652#breadcrumb\",\"itemListElement\":[{\"@type\":\"ListItem\",\"position\":1,\"name\":\"Strona g\u0142\u00f3wna\",\"item\":\"https:\/\/pracowniczademokracja.org\/\"},{\"@type\":\"ListItem\",\"position\":2,\"name\":\"Strajki i protesty pracownicze w Polsce\"}]},{\"@type\":\"WebSite\",\"@id\":\"https:\/\/pracowniczademokracja.org\/#website\",\"url\":\"https:\/\/pracowniczademokracja.org\/\",\"name\":\"Pracownicza Demokracja\",\"description\":\"\",\"potentialAction\":[{\"@type\":\"SearchAction\",\"target\":{\"@type\":\"EntryPoint\",\"urlTemplate\":\"https:\/\/pracowniczademokracja.org\/?s={search_term_string}\"},\"query-input\":{\"@type\":\"PropertyValueSpecification\",\"valueRequired\":true,\"valueName\":\"search_term_string\"}}],\"inLanguage\":\"pl-PL\"},{\"@type\":\"Person\",\"@id\":\"https:\/\/pracowniczademokracja.org\/#\/schema\/person\/111010f0277257eac5a64dace1cd1ad8\",\"name\":\".\",\"url\":\"https:\/\/pracowniczademokracja.org\/?author=1\"}]}<\/script>\n<!-- \/ Yoast SEO plugin. -->","yoast_head_json":{"title":"Strajki i protesty pracownicze w Polsce - Pracownicza Demokracja","robots":{"index":"index","follow":"follow","max-snippet":"max-snippet:-1","max-image-preview":"max-image-preview:large","max-video-preview":"max-video-preview:-1"},"canonical":"https:\/\/pracowniczademokracja.org\/?p=11652","og_locale":"pl_PL","og_type":"article","og_title":"Strajki i protesty pracownicze w Polsce - Pracownicza Demokracja","og_description":"Ochrona zdrowia \u2013 ca\u0142y krajKomitet Protestacyjny OPZZ w Ochronie Zdrowia 9 marca og\u00f3lnokrajowe organizacje zrzeszone w Bran\u017cy OPZZ \u201eUs\u0142ugi Publiczne\u201d podj\u0119\u0142y decyzj\u0119 o utworzeniu Komitetu Protestacyjnego OPZZ w Ochronie Zdrowia. W Komitecie przez swoje zwi\u0105zki s\u0105 reprezentowani psycholodzy, laboranci, piel\u0119gniarki, fizjoterapeuci, lekarze i wiele innych pracownik\u00f3w i pracownic ochrony zdrowia \u2013 zrzeszonych w Og\u00f3lnopolskim Zwi\u0105zku [&hellip;]","og_url":"https:\/\/pracowniczademokracja.org\/?p=11652","og_site_name":"Pracownicza Demokracja","article_published_time":"2026-04-01T21:25:00+00:00","article_modified_time":"2026-04-12T12:38:52+00:00","og_image":[{"width":1024,"height":577,"url":"https:\/\/pracowniczademokracja.org\/wp-content\/uploads\/2026\/04\/protest.fizjoterapeutow.Wwa_.16.03.2026.jpg","type":"image\/jpeg"}],"author":".","twitter_card":"summary_large_image","twitter_misc":{"Napisane przez":".","Szacowany czas czytania":"8 minut"},"schema":{"@context":"https:\/\/schema.org","@graph":[{"@type":"Article","@id":"https:\/\/pracowniczademokracja.org\/?p=11652#article","isPartOf":{"@id":"https:\/\/pracowniczademokracja.org\/?p=11652"},"author":{"name":".","@id":"https:\/\/pracowniczademokracja.org\/#\/schema\/person\/111010f0277257eac5a64dace1cd1ad8"},"headline":"Strajki i protesty pracownicze w Polsce","datePublished":"2026-04-01T21:25:00+00:00","dateModified":"2026-04-12T12:38:52+00:00","mainEntityOfPage":{"@id":"https:\/\/pracowniczademokracja.org\/?p=11652"},"wordCount":1509,"image":{"@id":"https:\/\/pracowniczademokracja.org\/?p=11652#primaryimage"},"thumbnailUrl":"https:\/\/pracowniczademokracja.org\/wp-content\/uploads\/2026\/04\/protest.fizjoterapeutow.Wwa_.16.03.2026.jpg","keywords":["Featured"],"articleSection":["Gazeta - kwiecie\u0144 2026","Gazeta - kwiecie\u0144 2026 - 2cd."],"inLanguage":"pl-PL"},{"@type":"WebPage","@id":"https:\/\/pracowniczademokracja.org\/?p=11652","url":"https:\/\/pracowniczademokracja.org\/?p=11652","name":"Strajki i protesty pracownicze w Polsce - Pracownicza Demokracja","isPartOf":{"@id":"https:\/\/pracowniczademokracja.org\/#website"},"primaryImageOfPage":{"@id":"https:\/\/pracowniczademokracja.org\/?p=11652#primaryimage"},"image":{"@id":"https:\/\/pracowniczademokracja.org\/?p=11652#primaryimage"},"thumbnailUrl":"https:\/\/pracowniczademokracja.org\/wp-content\/uploads\/2026\/04\/protest.fizjoterapeutow.Wwa_.16.03.2026.jpg","datePublished":"2026-04-01T21:25:00+00:00","dateModified":"2026-04-12T12:38:52+00:00","author":{"@id":"https:\/\/pracowniczademokracja.org\/#\/schema\/person\/111010f0277257eac5a64dace1cd1ad8"},"breadcrumb":{"@id":"https:\/\/pracowniczademokracja.org\/?p=11652#breadcrumb"},"inLanguage":"pl-PL","potentialAction":[{"@type":"ReadAction","target":["https:\/\/pracowniczademokracja.org\/?p=11652"]}]},{"@type":"ImageObject","inLanguage":"pl-PL","@id":"https:\/\/pracowniczademokracja.org\/?p=11652#primaryimage","url":"https:\/\/pracowniczademokracja.org\/wp-content\/uploads\/2026\/04\/protest.fizjoterapeutow.Wwa_.16.03.2026.jpg","contentUrl":"https:\/\/pracowniczademokracja.org\/wp-content\/uploads\/2026\/04\/protest.fizjoterapeutow.Wwa_.16.03.2026.jpg","width":1024,"height":577},{"@type":"BreadcrumbList","@id":"https:\/\/pracowniczademokracja.org\/?p=11652#breadcrumb","itemListElement":[{"@type":"ListItem","position":1,"name":"Strona g\u0142\u00f3wna","item":"https:\/\/pracowniczademokracja.org\/"},{"@type":"ListItem","position":2,"name":"Strajki i protesty pracownicze w Polsce"}]},{"@type":"WebSite","@id":"https:\/\/pracowniczademokracja.org\/#website","url":"https:\/\/pracowniczademokracja.org\/","name":"Pracownicza Demokracja","description":"","potentialAction":[{"@type":"SearchAction","target":{"@type":"EntryPoint","urlTemplate":"https:\/\/pracowniczademokracja.org\/?s={search_term_string}"},"query-input":{"@type":"PropertyValueSpecification","valueRequired":true,"valueName":"search_term_string"}}],"inLanguage":"pl-PL"},{"@type":"Person","@id":"https:\/\/pracowniczademokracja.org\/#\/schema\/person\/111010f0277257eac5a64dace1cd1ad8","name":".","url":"https:\/\/pracowniczademokracja.org\/?author=1"}]}},"_links":{"self":[{"href":"https:\/\/pracowniczademokracja.org\/index.php?rest_route=\/wp\/v2\/posts\/11652","targetHints":{"allow":["GET"]}}],"collection":[{"href":"https:\/\/pracowniczademokracja.org\/index.php?rest_route=\/wp\/v2\/posts"}],"about":[{"href":"https:\/\/pracowniczademokracja.org\/index.php?rest_route=\/wp\/v2\/types\/post"}],"author":[{"embeddable":true,"href":"https:\/\/pracowniczademokracja.org\/index.php?rest_route=\/wp\/v2\/users\/1"}],"replies":[{"embeddable":true,"href":"https:\/\/pracowniczademokracja.org\/index.php?rest_route=%2Fwp%2Fv2%2Fcomments&post=11652"}],"version-history":[{"count":4,"href":"https:\/\/pracowniczademokracja.org\/index.php?rest_route=\/wp\/v2\/posts\/11652\/revisions"}],"predecessor-version":[{"id":11660,"href":"https:\/\/pracowniczademokracja.org\/index.php?rest_route=\/wp\/v2\/posts\/11652\/revisions\/11660"}],"wp:featuredmedia":[{"embeddable":true,"href":"https:\/\/pracowniczademokracja.org\/index.php?rest_route=\/wp\/v2\/media\/11659"}],"wp:attachment":[{"href":"https:\/\/pracowniczademokracja.org\/index.php?rest_route=%2Fwp%2Fv2%2Fmedia&parent=11652"}],"wp:term":[{"taxonomy":"category","embeddable":true,"href":"https:\/\/pracowniczademokracja.org\/index.php?rest_route=%2Fwp%2Fv2%2Fcategories&post=11652"},{"taxonomy":"post_tag","embeddable":true,"href":"https:\/\/pracowniczademokracja.org\/index.php?rest_route=%2Fwp%2Fv2%2Ftags&post=11652"}],"curies":[{"name":"wp","href":"https:\/\/api.w.org\/{rel}","templated":true}]}}