{"id":11645,"date":"2026-04-01T23:30:00","date_gmt":"2026-04-01T21:30:00","guid":{"rendered":"https:\/\/pracowniczademokracja.org\/?p=11645"},"modified":"2026-04-12T00:52:29","modified_gmt":"2026-04-11T22:52:29","slug":"czy-zakaz-mediow-spolecznosciowych-moze-zadzialac","status":"publish","type":"post","link":"https:\/\/pracowniczademokracja.org\/?p=11645","title":{"rendered":"Czy zakaz medi\u00f3w spo\u0142eczno\u015bciowych mo\u017ce zadzia\u0142a\u0107?"},"content":{"rendered":"<div class=\"wp-block-image\">\n<figure class=\"aligncenter size-full is-resized\"><img loading=\"lazy\" decoding=\"async\" width=\"671\" height=\"550\" src=\"https:\/\/pracowniczademokracja.org\/wp-content\/uploads\/2026\/04\/Nowacka.Tusk_.jpg\" alt=\"Ministra edukacji Barbara Nowacka z Donaldem Tuskiem.\nNowacka planuje wprowadzenie zakazu korzystania z medi\u00f3w spo\u0142eczno\u015bciowych dla dzieci poni\u017cej 15. roku \u017cycia. Projekt ustawy jest wzorowany na australijskim zakazie.\" class=\"wp-image-11646\" style=\"width:475px\" srcset=\"https:\/\/pracowniczademokracja.org\/wp-content\/uploads\/2026\/04\/Nowacka.Tusk_.jpg 671w, https:\/\/pracowniczademokracja.org\/wp-content\/uploads\/2026\/04\/Nowacka.Tusk_-300x246.jpg 300w, https:\/\/pracowniczademokracja.org\/wp-content\/uploads\/2026\/04\/Nowacka.Tusk_-150x123.jpg 150w\" sizes=\"auto, (max-width: 671px) 100vw, 671px\" \/><figcaption class=\"wp-element-caption\"><em>Ministra edukacji Barbara Nowacka z Donaldem Tuskiem.<br>Nowacka planuje wprowadzenie zakazu korzystania z medi\u00f3w spo\u0142eczno\u015bciowych dla dzieci poni\u017cej 15. roku \u017cycia. Projekt ustawy jest wzorowany na australijskim zakazie.<\/em><\/figcaption><\/figure>\n<\/div>\n\n\n<hr class=\"wp-block-separator has-alpha-channel-opacity\"\/>\n\n\n\n<p><em>Australia wprowadzi\u0142a pierwszy na \u015bwiecie ca\u0142kowity zakaz korzystania z medi\u00f3w spo\u0142eczno\u015bciowych dla os\u00f3b poni\u017cej 16. roku \u017cycia. Jak lewica powinna podchodzi\u0107 do medi\u00f3w spo\u0142eczno\u015bciowych i ich regulacji?<\/em><\/p>\n\n\n\n<p><strong>\u201eDzia\u0142aj szybko i psuj rzeczy\u201d (\u201emove fast and break things\u201d) \u2013 has\u0142o spopularyzowane przez Marka Zuckerberga z Facebooka \u2013 przez ostatnie dwie dekady by\u0142o mantr\u0105 wielkich firm technologicznych. Nieustanne p\u0119dzenie w przysz\u0142o\u015b\u0107, bez \u017cadnego namys\u0142u nad ryzykiem, stworzy\u0142o niebezpieczny \u015bwiat online.<\/strong><\/p>\n\n\n\n<p>Je\u015bli chodzi o \u201epsucie rzeczy\u201d, najwi\u0119ksze obawy koncentrowa\u0142y si\u0119 wok\u00f3\u0142 nastolatk\u00f3w.<\/p>\n\n\n\n<p>W zesz\u0142ym tygodniu Australia wprowadzi\u0142a pierwszy na \u015bwiecie zakaz korzystania z medi\u00f3w spo\u0142eczno\u015bciowych dla u\u017cytkownik\u00f3w poni\u017cej 16 lat. Od Facebooka i YouTube\u2019a po X i Instagram \u2013 wszystkie platformy b\u0119d\u0105 zmuszone podj\u0105\u0107 kroki w celu usuni\u0119cia kont os\u00f3b poni\u017cej tego wieku \u2013 w przeciwnym razie grozi im kara w wysoko\u015bci ok. 125 milion\u00f3w z\u0142otych.<\/p>\n\n\n\n<p>M\u0142odzi ludzie stali si\u0119 dochodowym rynkiem dla wielkich firm technologicznych, cz\u0119sto kosztem ich dobrego samopoczucia.. Na przyk\u0142ad regulator Ofcom podaje, \u017ce 70 procent brytyjskich dzieci w wieku od 11 do 17 lat przyzna\u0142o, \u017ce w ci\u0105gu czterech tygodni widzia\u0142o lub s\u0142ysza\u0142o w internecie szkodliwe tre\u015bci.<\/p>\n\n\n\n<p>Raport Childlight Global Child Safety Institute z 2025 roku wskazuje na wzrost o 1325 procent szkodliwych materia\u0142\u00f3w nadu\u017cy\u0107 generowanych przez sztuczn\u0105 inteligencj\u0119 w latach 2023\u20132024.<\/p>\n\n\n\n<p>Zakaz w Australii jest pr\u00f3b\u0105 ograniczenia dzia\u0142ania algorytm\u00f3w medi\u00f3w spo\u0142eczno\u015bciowych, kt\u00f3re promuj\u0105 szkodliwe tre\u015bci \u2013 takie jak przemoc, pornografia czy dezinformacja \u2013 aby utrzyma\u0107 zaanga\u017cowanie u\u017cytkownik\u00f3w.<\/p>\n\n\n\n<p>Jednak co w praktyce b\u0119dzie oznacza\u0142 dla m\u0142odych ludzi ca\u0142kowity zakaz? Czy zapewni on ochron\u0119 zdrowia psychicznego dzieci oraz zapobiegnie l\u0119kowi i krzywdzie wyrz\u0105dzanej w sieci?<\/p>\n\n\n\n<p>Zwolennicy zakazu twierdz\u0105, \u017ce zmusi on dzieci do sp\u0119dzania czasu na \u015bwie\u017cym powietrzu, pomo\u017ce im lepiej spa\u0107, a tym samym poprawi zar\u00f3wno ich zdrowie fizyczne, jak i psychiczne.<\/p>\n\n\n\n<p>Krytycy m\u00f3wi\u0105, \u017ce zakaz zepchnie dzieci w jeszcze mniej regulowane, mroczniejsze zak\u0105tki internetu. Inni podaj\u0105 w w\u0105tpliwo\u015b\u0107 skuteczno\u015b\u0107 weryfikacji wieku. A same kary finansowe stanowi\u0105 niewielk\u0105 zach\u0119t\u0119 dla firm technologicznych \u2013 Facebook zarabia 125 milion\u00f3w z\u0142otych w mniej ni\u017c dwie godziny.<\/p>\n\n\n\n<p>Nauka dotycz\u0105ca powi\u0105za\u0144 mi\u0119dzy mediami spo\u0142eczno\u015bciowymi a zdrowiem jest z\u0142o\u017cona i wci\u0105\u017c si\u0119 rozwija.<\/p>\n\n\n\n<p>Chocia\u017c badania wskazuj\u0105 na zwi\u0105zek mi\u0119dzy korzystaniem z medi\u00f3w spo\u0142eczno\u015bciowych a gorszym stanem zdrowia psychicznego, istniej\u0105 r\u00f3wnie\u017c dowody na to, \u017ce dla niekt\u00f3rych dzieci mog\u0105 one stanowi\u0107 ko\u0142o ratunkowe, zw\u0142aszcza dla tych pochodz\u0105cych ze spo\u0142eczno\u015bci LGBT+, os\u00f3b neuroatypowych oraz mieszkaj\u0105cych na obszarach wiejskich.<\/p>\n\n\n\n<p>Badanie przeprowadzone w\u015br\u00f3d niemal 1000 m\u0142odych os\u00f3b przez Minus18 \u2013 australijsk\u0105 organizacj\u0119 wspieraj\u0105c\u0105 osoby LGBT+ poni\u017cej 18. roku \u017cycia \u2013 potwierdza t\u0119 tez\u0119. A\u017c 96 procent respondent\u00f3w stwierdzi\u0142o, \u017ce media spo\u0142eczno\u015bciowe s\u0105 wa\u017cne dla utrzymywania kontakt\u00f3w i uzyskiwania wsparcia, a 82 procent uwa\u017ca, \u017ce zakaz pozostawi\u0142by ich w izolacji.<\/p>\n\n\n\n<p>Sam zakaz nie rozwi\u0105zuje szerszego problemu spo\u0142ecznego, kt\u00f3ry sprawia, \u017ce m\u0142odzi ludzie staj\u0105 si\u0119 coraz bardziej odizolowani.<\/p>\n\n\n\n<p>Badania przeprowadzone przez zwi\u0105zek zawodowy Unison wykaza\u0142y, \u017ce od 2010 roku ci\u0119cia finansowe doprowadzi\u0142y do zamkni\u0119cia ponad dw\u00f3ch trzecich o\u015brodk\u00f3w m\u0142odzie\u017cowych prowadzonych przez samorz\u0105dy lokalne w Anglii i Walii. W rezultacie nastolatki straci\u0142y miejsca spotka\u0144, w kt\u00f3rych mog\u0142yby osobi\u015bcie si\u0119 gromadzi\u0107.<\/p>\n\n\n\n<p>Ci\u0119cia bud\u017cetowe na szczeblu samorz\u0105dowym pozbawi\u0142y ca\u0142e pokolenie dost\u0119pu do niezb\u0119dnego wsparcia edukacyjnego, us\u0142ug i bezpiecznych przestrzeni. Wobec braku tych rozwi\u0105za\u0144 ludzie zwr\u00f3cili si\u0119 ku temu, co by\u0142o dost\u0119pne \u2013 tworz\u0105c wirtualn\u0105 spo\u0142eczno\u015b\u0107 w \u015bwiecie wirtualnym.<\/p>\n\n\n\n<p>Debata ta uwidacznia jednak mechanizmy stoj\u0105ce za kryzysem zdrowia psychicznego m\u0142odych ludzi oraz rol\u0119 medi\u00f3w spo\u0142eczno\u015bciowych. Ich rosn\u0105ce u\u017cycie ma swoje \u017ar\u00f3d\u0142o w \u015bwiecie zewn\u0119trznym niszczonym przez ci\u0119cia. Media spo\u0142eczno\u015bciowe wzmacniaj\u0105 kryzys \u2013 ale s\u0105 jego objawem, a nie przyczyn\u0105.<\/p>\n\n\n\n<p>Uznanie ca\u0142kowitego zakazu za rozwi\u0105zanie zaciemnia problem i sprawia, \u017ce rz\u0105dy s\u0105 mniej sk\u0142onne do zaj\u0119cia si\u0119 jego rzeczywistymi przy\u00ad- czynami.<\/p>\n\n\n\n<p>Nawet patrz\u0105c na spraw\u0119 z perspektywy zwolennik\u00f3w zakazu, nie rozwi\u0105zuje on problemu szkodliwej architektury wpisanej w sam\u0105 konstrukcj\u0119 medi\u00f3w spo\u0142eczno\u015bciowych.<\/p>\n\n\n\n<p>Regulatorzy medi\u00f3w spo\u0142eczno\u015bciowych musz\u0105 zada\u0107 sobie pytanie, dlaczego platformy w og\u00f3le pozwalaj\u0105, by szkodliwe tre\u015bci trafia\u0142y do m\u0142odych ludzi. Punktem wyj\u015bcia powinno by\u0107 zmuszenie gigant\u00f3w medi\u00f3w spo\u0142eczno\u015bciowych do kontrolo\u00ad- wania swoich tre\u015bci i ponoszenia strat finansowych.<\/p>\n\n\n\n<p>Rzeczywista zmiana nie nast\u0105pi dzi\u0119ki polityce prostych zakaz\u00f3w.<\/p>\n\n\n\n<p class=\"has-text-align-right\"><strong>Jude Mckechnie<\/strong><\/p>\n\n\n\n<p><\/p>\n","protected":false},"excerpt":{"rendered":"<p>Australia wprowadzi\u0142a pierwszy na \u015bwiecie ca\u0142kowity zakaz korzystania z medi\u00f3w spo\u0142eczno\u015bciowych dla os\u00f3b poni\u017cej 16. roku \u017cycia. Jak lewica powinna podchodzi\u0107 do medi\u00f3w spo\u0142eczno\u015bciowych i ich regulacji? \u201eDzia\u0142aj szybko i psuj rzeczy\u201d (\u201emove fast and break things\u201d) \u2013 has\u0142o spopularyzowane przez Marka Zuckerberga z Facebooka \u2013 przez ostatnie dwie dekady by\u0142o mantr\u0105 wielkich firm technologicznych. [&hellip;]<\/p>\n","protected":false},"author":1,"featured_media":11646,"comment_status":"closed","ping_status":"closed","sticky":false,"template":"","format":"standard","meta":{"footnotes":""},"categories":[357,358],"tags":[97],"class_list":["post-11645","post","type-post","status-publish","format-standard","has-post-thumbnail","hentry","category-gazeta-kwiecien-2026","category-gazeta-kwiecien-2026-cd","tag-featured"],"yoast_head":"<!-- This site is optimized with the Yoast SEO plugin v26.7 - https:\/\/yoast.com\/wordpress\/plugins\/seo\/ -->\n<title>Czy zakaz medi\u00f3w spo\u0142eczno\u015bciowych mo\u017ce zadzia\u0142a\u0107? - Pracownicza Demokracja<\/title>\n<meta name=\"robots\" content=\"index, follow, max-snippet:-1, max-image-preview:large, max-video-preview:-1\" \/>\n<link rel=\"canonical\" href=\"https:\/\/pracowniczademokracja.org\/?p=11645\" \/>\n<meta property=\"og:locale\" content=\"pl_PL\" \/>\n<meta property=\"og:type\" content=\"article\" \/>\n<meta property=\"og:title\" content=\"Czy zakaz medi\u00f3w spo\u0142eczno\u015bciowych mo\u017ce zadzia\u0142a\u0107? - Pracownicza Demokracja\" \/>\n<meta property=\"og:description\" content=\"Australia wprowadzi\u0142a pierwszy na \u015bwiecie ca\u0142kowity zakaz korzystania z medi\u00f3w spo\u0142eczno\u015bciowych dla os\u00f3b poni\u017cej 16. roku \u017cycia. Jak lewica powinna podchodzi\u0107 do medi\u00f3w spo\u0142eczno\u015bciowych i ich regulacji? \u201eDzia\u0142aj szybko i psuj rzeczy\u201d (\u201emove fast and break things\u201d) \u2013 has\u0142o spopularyzowane przez Marka Zuckerberga z Facebooka \u2013 przez ostatnie dwie dekady by\u0142o mantr\u0105 wielkich firm technologicznych. [&hellip;]\" \/>\n<meta property=\"og:url\" content=\"https:\/\/pracowniczademokracja.org\/?p=11645\" \/>\n<meta property=\"og:site_name\" content=\"Pracownicza Demokracja\" \/>\n<meta property=\"article:published_time\" content=\"2026-04-01T21:30:00+00:00\" \/>\n<meta property=\"article:modified_time\" content=\"2026-04-11T22:52:29+00:00\" \/>\n<meta property=\"og:image\" content=\"https:\/\/pracowniczademokracja.org\/wp-content\/uploads\/2026\/04\/Nowacka.Tusk_.jpg\" \/>\n\t<meta property=\"og:image:width\" content=\"671\" \/>\n\t<meta property=\"og:image:height\" content=\"550\" \/>\n\t<meta property=\"og:image:type\" content=\"image\/jpeg\" \/>\n<meta name=\"author\" content=\".\" \/>\n<meta name=\"twitter:card\" content=\"summary_large_image\" \/>\n<meta name=\"twitter:label1\" content=\"Napisane przez\" \/>\n\t<meta name=\"twitter:data1\" content=\".\" \/>\n\t<meta name=\"twitter:label2\" content=\"Szacowany czas czytania\" \/>\n\t<meta name=\"twitter:data2\" content=\"5 minut\" \/>\n<script type=\"application\/ld+json\" class=\"yoast-schema-graph\">{\"@context\":\"https:\/\/schema.org\",\"@graph\":[{\"@type\":\"Article\",\"@id\":\"https:\/\/pracowniczademokracja.org\/?p=11645#article\",\"isPartOf\":{\"@id\":\"https:\/\/pracowniczademokracja.org\/?p=11645\"},\"author\":{\"name\":\".\",\"@id\":\"https:\/\/pracowniczademokracja.org\/#\/schema\/person\/111010f0277257eac5a64dace1cd1ad8\"},\"headline\":\"Czy zakaz medi\u00f3w spo\u0142eczno\u015bciowych mo\u017ce zadzia\u0142a\u0107?\",\"datePublished\":\"2026-04-01T21:30:00+00:00\",\"dateModified\":\"2026-04-11T22:52:29+00:00\",\"mainEntityOfPage\":{\"@id\":\"https:\/\/pracowniczademokracja.org\/?p=11645\"},\"wordCount\":851,\"image\":{\"@id\":\"https:\/\/pracowniczademokracja.org\/?p=11645#primaryimage\"},\"thumbnailUrl\":\"https:\/\/pracowniczademokracja.org\/wp-content\/uploads\/2026\/04\/Nowacka.Tusk_.jpg\",\"keywords\":[\"Featured\"],\"articleSection\":[\"Gazeta - kwiecie\u0144 2026\",\"Gazeta - kwiecie\u0144 2026 - cd.\"],\"inLanguage\":\"pl-PL\"},{\"@type\":\"WebPage\",\"@id\":\"https:\/\/pracowniczademokracja.org\/?p=11645\",\"url\":\"https:\/\/pracowniczademokracja.org\/?p=11645\",\"name\":\"Czy zakaz medi\u00f3w spo\u0142eczno\u015bciowych mo\u017ce zadzia\u0142a\u0107? - Pracownicza Demokracja\",\"isPartOf\":{\"@id\":\"https:\/\/pracowniczademokracja.org\/#website\"},\"primaryImageOfPage\":{\"@id\":\"https:\/\/pracowniczademokracja.org\/?p=11645#primaryimage\"},\"image\":{\"@id\":\"https:\/\/pracowniczademokracja.org\/?p=11645#primaryimage\"},\"thumbnailUrl\":\"https:\/\/pracowniczademokracja.org\/wp-content\/uploads\/2026\/04\/Nowacka.Tusk_.jpg\",\"datePublished\":\"2026-04-01T21:30:00+00:00\",\"dateModified\":\"2026-04-11T22:52:29+00:00\",\"author\":{\"@id\":\"https:\/\/pracowniczademokracja.org\/#\/schema\/person\/111010f0277257eac5a64dace1cd1ad8\"},\"breadcrumb\":{\"@id\":\"https:\/\/pracowniczademokracja.org\/?p=11645#breadcrumb\"},\"inLanguage\":\"pl-PL\",\"potentialAction\":[{\"@type\":\"ReadAction\",\"target\":[\"https:\/\/pracowniczademokracja.org\/?p=11645\"]}]},{\"@type\":\"ImageObject\",\"inLanguage\":\"pl-PL\",\"@id\":\"https:\/\/pracowniczademokracja.org\/?p=11645#primaryimage\",\"url\":\"https:\/\/pracowniczademokracja.org\/wp-content\/uploads\/2026\/04\/Nowacka.Tusk_.jpg\",\"contentUrl\":\"https:\/\/pracowniczademokracja.org\/wp-content\/uploads\/2026\/04\/Nowacka.Tusk_.jpg\",\"width\":671,\"height\":550},{\"@type\":\"BreadcrumbList\",\"@id\":\"https:\/\/pracowniczademokracja.org\/?p=11645#breadcrumb\",\"itemListElement\":[{\"@type\":\"ListItem\",\"position\":1,\"name\":\"Strona g\u0142\u00f3wna\",\"item\":\"https:\/\/pracowniczademokracja.org\/\"},{\"@type\":\"ListItem\",\"position\":2,\"name\":\"Czy zakaz medi\u00f3w spo\u0142eczno\u015bciowych mo\u017ce zadzia\u0142a\u0107?\"}]},{\"@type\":\"WebSite\",\"@id\":\"https:\/\/pracowniczademokracja.org\/#website\",\"url\":\"https:\/\/pracowniczademokracja.org\/\",\"name\":\"Pracownicza Demokracja\",\"description\":\"\",\"potentialAction\":[{\"@type\":\"SearchAction\",\"target\":{\"@type\":\"EntryPoint\",\"urlTemplate\":\"https:\/\/pracowniczademokracja.org\/?s={search_term_string}\"},\"query-input\":{\"@type\":\"PropertyValueSpecification\",\"valueRequired\":true,\"valueName\":\"search_term_string\"}}],\"inLanguage\":\"pl-PL\"},{\"@type\":\"Person\",\"@id\":\"https:\/\/pracowniczademokracja.org\/#\/schema\/person\/111010f0277257eac5a64dace1cd1ad8\",\"name\":\".\",\"url\":\"https:\/\/pracowniczademokracja.org\/?author=1\"}]}<\/script>\n<!-- \/ Yoast SEO plugin. -->","yoast_head_json":{"title":"Czy zakaz medi\u00f3w spo\u0142eczno\u015bciowych mo\u017ce zadzia\u0142a\u0107? - Pracownicza Demokracja","robots":{"index":"index","follow":"follow","max-snippet":"max-snippet:-1","max-image-preview":"max-image-preview:large","max-video-preview":"max-video-preview:-1"},"canonical":"https:\/\/pracowniczademokracja.org\/?p=11645","og_locale":"pl_PL","og_type":"article","og_title":"Czy zakaz medi\u00f3w spo\u0142eczno\u015bciowych mo\u017ce zadzia\u0142a\u0107? - Pracownicza Demokracja","og_description":"Australia wprowadzi\u0142a pierwszy na \u015bwiecie ca\u0142kowity zakaz korzystania z medi\u00f3w spo\u0142eczno\u015bciowych dla os\u00f3b poni\u017cej 16. roku \u017cycia. Jak lewica powinna podchodzi\u0107 do medi\u00f3w spo\u0142eczno\u015bciowych i ich regulacji? \u201eDzia\u0142aj szybko i psuj rzeczy\u201d (\u201emove fast and break things\u201d) \u2013 has\u0142o spopularyzowane przez Marka Zuckerberga z Facebooka \u2013 przez ostatnie dwie dekady by\u0142o mantr\u0105 wielkich firm technologicznych. [&hellip;]","og_url":"https:\/\/pracowniczademokracja.org\/?p=11645","og_site_name":"Pracownicza Demokracja","article_published_time":"2026-04-01T21:30:00+00:00","article_modified_time":"2026-04-11T22:52:29+00:00","og_image":[{"width":671,"height":550,"url":"https:\/\/pracowniczademokracja.org\/wp-content\/uploads\/2026\/04\/Nowacka.Tusk_.jpg","type":"image\/jpeg"}],"author":".","twitter_card":"summary_large_image","twitter_misc":{"Napisane przez":".","Szacowany czas czytania":"5 minut"},"schema":{"@context":"https:\/\/schema.org","@graph":[{"@type":"Article","@id":"https:\/\/pracowniczademokracja.org\/?p=11645#article","isPartOf":{"@id":"https:\/\/pracowniczademokracja.org\/?p=11645"},"author":{"name":".","@id":"https:\/\/pracowniczademokracja.org\/#\/schema\/person\/111010f0277257eac5a64dace1cd1ad8"},"headline":"Czy zakaz medi\u00f3w spo\u0142eczno\u015bciowych mo\u017ce zadzia\u0142a\u0107?","datePublished":"2026-04-01T21:30:00+00:00","dateModified":"2026-04-11T22:52:29+00:00","mainEntityOfPage":{"@id":"https:\/\/pracowniczademokracja.org\/?p=11645"},"wordCount":851,"image":{"@id":"https:\/\/pracowniczademokracja.org\/?p=11645#primaryimage"},"thumbnailUrl":"https:\/\/pracowniczademokracja.org\/wp-content\/uploads\/2026\/04\/Nowacka.Tusk_.jpg","keywords":["Featured"],"articleSection":["Gazeta - kwiecie\u0144 2026","Gazeta - kwiecie\u0144 2026 - cd."],"inLanguage":"pl-PL"},{"@type":"WebPage","@id":"https:\/\/pracowniczademokracja.org\/?p=11645","url":"https:\/\/pracowniczademokracja.org\/?p=11645","name":"Czy zakaz medi\u00f3w spo\u0142eczno\u015bciowych mo\u017ce zadzia\u0142a\u0107? - Pracownicza Demokracja","isPartOf":{"@id":"https:\/\/pracowniczademokracja.org\/#website"},"primaryImageOfPage":{"@id":"https:\/\/pracowniczademokracja.org\/?p=11645#primaryimage"},"image":{"@id":"https:\/\/pracowniczademokracja.org\/?p=11645#primaryimage"},"thumbnailUrl":"https:\/\/pracowniczademokracja.org\/wp-content\/uploads\/2026\/04\/Nowacka.Tusk_.jpg","datePublished":"2026-04-01T21:30:00+00:00","dateModified":"2026-04-11T22:52:29+00:00","author":{"@id":"https:\/\/pracowniczademokracja.org\/#\/schema\/person\/111010f0277257eac5a64dace1cd1ad8"},"breadcrumb":{"@id":"https:\/\/pracowniczademokracja.org\/?p=11645#breadcrumb"},"inLanguage":"pl-PL","potentialAction":[{"@type":"ReadAction","target":["https:\/\/pracowniczademokracja.org\/?p=11645"]}]},{"@type":"ImageObject","inLanguage":"pl-PL","@id":"https:\/\/pracowniczademokracja.org\/?p=11645#primaryimage","url":"https:\/\/pracowniczademokracja.org\/wp-content\/uploads\/2026\/04\/Nowacka.Tusk_.jpg","contentUrl":"https:\/\/pracowniczademokracja.org\/wp-content\/uploads\/2026\/04\/Nowacka.Tusk_.jpg","width":671,"height":550},{"@type":"BreadcrumbList","@id":"https:\/\/pracowniczademokracja.org\/?p=11645#breadcrumb","itemListElement":[{"@type":"ListItem","position":1,"name":"Strona g\u0142\u00f3wna","item":"https:\/\/pracowniczademokracja.org\/"},{"@type":"ListItem","position":2,"name":"Czy zakaz medi\u00f3w spo\u0142eczno\u015bciowych mo\u017ce zadzia\u0142a\u0107?"}]},{"@type":"WebSite","@id":"https:\/\/pracowniczademokracja.org\/#website","url":"https:\/\/pracowniczademokracja.org\/","name":"Pracownicza Demokracja","description":"","potentialAction":[{"@type":"SearchAction","target":{"@type":"EntryPoint","urlTemplate":"https:\/\/pracowniczademokracja.org\/?s={search_term_string}"},"query-input":{"@type":"PropertyValueSpecification","valueRequired":true,"valueName":"search_term_string"}}],"inLanguage":"pl-PL"},{"@type":"Person","@id":"https:\/\/pracowniczademokracja.org\/#\/schema\/person\/111010f0277257eac5a64dace1cd1ad8","name":".","url":"https:\/\/pracowniczademokracja.org\/?author=1"}]}},"_links":{"self":[{"href":"https:\/\/pracowniczademokracja.org\/index.php?rest_route=\/wp\/v2\/posts\/11645","targetHints":{"allow":["GET"]}}],"collection":[{"href":"https:\/\/pracowniczademokracja.org\/index.php?rest_route=\/wp\/v2\/posts"}],"about":[{"href":"https:\/\/pracowniczademokracja.org\/index.php?rest_route=\/wp\/v2\/types\/post"}],"author":[{"embeddable":true,"href":"https:\/\/pracowniczademokracja.org\/index.php?rest_route=\/wp\/v2\/users\/1"}],"replies":[{"embeddable":true,"href":"https:\/\/pracowniczademokracja.org\/index.php?rest_route=%2Fwp%2Fv2%2Fcomments&post=11645"}],"version-history":[{"count":2,"href":"https:\/\/pracowniczademokracja.org\/index.php?rest_route=\/wp\/v2\/posts\/11645\/revisions"}],"predecessor-version":[{"id":11648,"href":"https:\/\/pracowniczademokracja.org\/index.php?rest_route=\/wp\/v2\/posts\/11645\/revisions\/11648"}],"wp:featuredmedia":[{"embeddable":true,"href":"https:\/\/pracowniczademokracja.org\/index.php?rest_route=\/wp\/v2\/media\/11646"}],"wp:attachment":[{"href":"https:\/\/pracowniczademokracja.org\/index.php?rest_route=%2Fwp%2Fv2%2Fmedia&parent=11645"}],"wp:term":[{"taxonomy":"category","embeddable":true,"href":"https:\/\/pracowniczademokracja.org\/index.php?rest_route=%2Fwp%2Fv2%2Fcategories&post=11645"},{"taxonomy":"post_tag","embeddable":true,"href":"https:\/\/pracowniczademokracja.org\/index.php?rest_route=%2Fwp%2Fv2%2Ftags&post=11645"}],"curies":[{"name":"wp","href":"https:\/\/api.w.org\/{rel}","templated":true}]}}