{"id":11629,"date":"2026-04-01T23:45:00","date_gmt":"2026-04-01T21:45:00","guid":{"rendered":"https:\/\/pracowniczademokracja.org\/?p=11629"},"modified":"2026-04-11T00:58:58","modified_gmt":"2026-04-10T22:58:58","slug":"jednosc-w-dzialaniu-tak-mozemy-powstrzymac-faszyzm","status":"publish","type":"post","link":"https:\/\/pracowniczademokracja.org\/?p=11629","title":{"rendered":"Jedno\u015b\u0107 w dzia\u0142aniu \u2013 tak mo\u017cemy powstrzyma\u0107 faszyzm"},"content":{"rendered":"<div class=\"wp-block-image\">\n<figure class=\"aligncenter size-full is-resized\"><img loading=\"lazy\" decoding=\"async\" width=\"760\" height=\"507\" src=\"https:\/\/pracowniczademokracja.org\/wp-content\/uploads\/2026\/04\/paryz14.03.2026.dzienakcji-przeciw-faszyzmowi.0426.jpg\" alt=\"14.03.2926. Pary\u017c. Tego dnia 100 tysi\u0119cy os\u00f3b maszerowa\u0142o w stolicy, a tysi\u0105ce do\u0142\u0105czy\u0142y w ca\u0142ej Francji \u2013 odby\u0142o si\u0119 tam ponad 100 protest\u00f3w.\" class=\"wp-image-11630\" style=\"width:475px\" srcset=\"https:\/\/pracowniczademokracja.org\/wp-content\/uploads\/2026\/04\/paryz14.03.2026.dzienakcji-przeciw-faszyzmowi.0426.jpg 760w, https:\/\/pracowniczademokracja.org\/wp-content\/uploads\/2026\/04\/paryz14.03.2026.dzienakcji-przeciw-faszyzmowi.0426-300x200.jpg 300w, https:\/\/pracowniczademokracja.org\/wp-content\/uploads\/2026\/04\/paryz14.03.2026.dzienakcji-przeciw-faszyzmowi.0426-150x100.jpg 150w\" sizes=\"auto, (max-width: 760px) 100vw, 760px\" \/><figcaption class=\"wp-element-caption\"><em>14.03.2926. Pary\u017c. Tego dnia 100 tysi\u0119cy os\u00f3b maszerowa\u0142o w stolicy, a tysi\u0105ce do\u0142\u0105czy\u0142y w ca\u0142ej Francji \u2013 odby\u0142o si\u0119 tam ponad 100 protest\u00f3w.<\/em><\/figcaption><\/figure>\n<\/div>\n\n\n<p><em>Historia pokazuje, \u017ce front ludowy tworzony z politycznym centrum ko\u0144czy\u0142 si\u0119 katastrof\u0105, je\u015bli chodzi o dzia\u0142ania na rzecz powstrzymywania faszyzmu. Najwa\u017cniejsze jest budo\u00adwanie jednolitego frontu przeciw skrajnej prawicy \u2013 pisze Frankie Murden<\/em><\/p>\n\n\n\n<p><strong>Jaka jest najlepsza strategia, by pokona\u0107 faszyst\u00f3w i skrajn\u0105 prawic\u0119?<\/strong><\/p>\n\n\n\n<p>Dominuj\u0105cym podej\u015bciem lewicy jest tak zwany front ludowy, koncepcja wypracowana po raz pierwszy w latach trzydziestych XX wieku. Powstanie Nowego Frontu Ludowego (NFP) we Francji dwa lata temu by\u0142o \u015bwiadomym nawi\u0105zaniem do tej idei.<\/p>\n\n\n\n<p>W niedawnym artykule opubli\u00adkowanym w magazynie <em>Jacobin <\/em>opisano, jak w latach trzydziestych wzrost znaczenia faszyzmu \u201ewymusi\u0142 na lewicowcach zawieranie prag\u00admatycznych sojuszy\u201d. Autor twierdzi\u0142, \u017ce front ludowy stanowi\u0142 \u201emechanizm obronny przed faszyzmem i skrajn\u0105 prawic\u0105\u201d oraz \u201epot\u0119\u017cne narz\u0119dzie do przesuni\u0119cia centrum politycznego w lewo\u201d.<\/p>\n\n\n\n<p>Artyku\u0142 chwali\u0142 partie komuni\u00adstyczne z lat trzydziestych za to, \u017ce \u201enie tylko wyci\u0105gn\u0119\u0142y r\u0119k\u0119 do socjaldemokrat\u00f3w\u201d. Autor pochwala\u0142 zapraszanie \u201elibera\u0142\u00f3w, klas \u015brednich, post\u0119powych intelektualist\u00f3w, a nawet konserwatywnych chrze\u015bcijan do tworzenia wsp\u00f3lnego frontu przeciw skrajnej prawicy\u201d.<\/p>\n\n\n\n<p>Wydaje si\u0119 to dobrze wsp\u00f3\u0142\u00adbrzmie\u0107 z piln\u0105 i powszechn\u0105 potrzeb\u0105 jedno\u015bci wobec ogromnego zagro\u017cenia ze strony skrajnej prawicy, z jakim mierzymy si\u0119 na \u015bwiecie.<\/p>\n\n\n\n<p>Jedno\u015b\u0107 w dzia\u0142aniu jest kluczem do pokonania faszyst\u00f3w i reszty skrajnej prawicy.<\/p>\n\n\n\n<p>Jednak front ludowy wykracza poza t\u0119 wizj\u0119. Co najwa\u017cniejsze, zak\u0142ada, \u017ce lewica podporz\u0105dkuje swoj\u0105 polityk\u0119 centrum.<\/p>\n\n\n\n<p><strong>Front jednolity<\/strong><\/p>\n\n\n\n<p>Zamiast tego rewolucyjni socjali\u015bci opowiadaj\u0105 si\u0119 za podej\u015bciem jednolitego frontu, kt\u00f3re wypracowano w kluczowych walkach XX wieku. Uznaje ono potrzeb\u0119 jedno\u015bci w dzia\u0142aniu \u2013 a tak\u017ce konieczno\u015b\u0107 zachowania przez lewic\u0119 niezale\u017c\u00adno\u015bci politycznej.<\/p>\n\n\n\n<p>Clara Zetkin, niemiecka rewo\u00adlu\u00adcyjna socjalistka, by\u0142a jedn\u0105 z pierwszych os\u00f3b, kt\u00f3re analizowa\u0142y wzrost faszyzmu w latach dwu\u00addziestych XX wieku. Dostrzegaj\u0105c, \u017ce faszyzm stanowi zagro\u017cenie dla wszystkich robotnik\u00f3w i demokracji, nawo\u0142ywa\u0142a do jedno\u015bci mi\u0119dzy komunistami a socjaldemokratami.<\/p>\n\n\n\n<p>\u201eFaszyzm nie pyta, czy dusza robotnika w fabryce jest pomalowana na bia\u0142o i z\u0142oto bawarskiej monarchii, na czarno, czerwono i z\u0142oto bur\u017cuazyjnej republiki, czy te\u017c na czerwono z sierpem i m\u0142otem\u201d \u2013 pisa\u0142a. W ka\u017cdym przypadku faszy\u015bci \u201ezwal\u0105 ci\u0119 pa\u0142k\u0105 z n\u00f3g\u201d.<\/p>\n\n\n\n<p>Oznacza\u0142o to, \u017ce \u201erobotnicy musz\u0105 po\u0142\u0105czy\u0107 si\u0119 do walki, bez wzgl\u0119du na przynale\u017cno\u015b\u0107 partyjn\u0105 czy zwi\u0105z\u00adkow\u0105\u201d.<\/p>\n\n\n\n<p>W miar\u0119 jak nazi\u015bci Hitlera ro\u015bli w si\u0142\u0119, Lew Trocki wzywa\u0142 komunist\u00f3w (KPD) i socjaldemokrat\u00f3w (SPD) w Niemczech do utworzenia jednolitego frontu. Nie by\u0142a to jednak w \u017cadnym razie argumentacja za ideologicznym porozumieniem z przyw\u00f3dcami soc\u00adjaldemokrat\u00f3w z SPD. Podej\u015bcie frontu jednolitego wywodzi\u0142o si\u0119 z do\u015bwiadcze\u0144 Trockiego z rewolucji rosyjskiej.<\/p>\n\n\n\n<p>W lutym 1917 roku rewolucja obali\u0142a star\u0105 carsk\u0105 dyktatur\u0119 i doprowadzi\u0142a do w\u0142adzy \u201erz\u0105d tymczasowy\u201d. Na czele rz\u0105du stali libera\u0142owie i reformistyczni socjali\u015bci, kt\u00f3rych celem by\u0142o przekszta\u0142cenie Rosji w demokracj\u0119 parlamentarn\u0105 na wz\u00f3r zachodnich kraj\u00f3w kapital\u00adistycznych. Rz\u0105d ten nie zdo\u0142a\u0142 jednak spe\u0142ni\u0107 aspiracji zwyk\u0142ych ludzi. Poparcie zyskiwa\u0142a rewolucyjna socjalistyczna partia bolszewicka.<\/p>\n\n\n\n<p>W sierpniu carski genera\u0142 \u0141awr Korni\u0142ow podj\u0105\u0142 pr\u00f3b\u0119 przepro\u00adwadzenia zamachu stanu, by przywr\u00f3ci\u0107 stary porz\u0105dek. Jak zareagowali bolszewicy? Skierowali si\u0119 z apelem [o wsp\u00f3lny op\u00f3r] ku Aleksandrowi Kiere\u0144skiemu, przy\u00adw\u00f3dcy rz\u0105du tymczasowego. Sta\u0142o si\u0119 tak pomimo faktu, \u017ce Kiere\u0144ski wcze\u015bniej wspiera\u0142 pr\u00f3by st\u0142umienia rewolucji przez Korni\u0142owa.<\/p>\n\n\n\n<p>Bolszewicy zrobili to, poniewa\u017c zdawali sobie spraw\u0119, \u017ce wi\u0119kszo\u015b\u0107 robotnik\u00f3w nie zerwa\u0142a jeszcze z reformistycznymi przyw\u00f3dcami.<\/p>\n\n\n\n<p>Zamach Korni\u0142owa zosta\u0142 odparty \u2013 a wzros\u0142o grono os\u00f3b zainte\u00adresowanych przekazem bolszewik\u00f3w, kt\u00f3rzy poprowadzili udan\u0105 rewolucj\u0119 robotnicz\u0105 w pa\u017adzierniku. Rewolu\u00adcjoni\u015bci mieli okazj\u0119 udowodni\u0107 wy\u017cszo\u015b\u0107 swojej polityki i taktyki w pokonaniu Korni\u0142owa i prawicy.<\/p>\n\n\n\n<p>Jednak ostatecznie nadzieje rewolucji rosyjskiej uton\u0119\u0142y we krwi za spraw\u0105 J\u00f3zefa Stalina, kt\u00f3ry zbudowa\u0142 re\u017cim pa\u0144stwowokapitalistyczny. Partie komunistyczne na ca\u0142ym \u015bwiecie, do kt\u00f3rych do\u0142\u0105czy\u0142y miliony bojowo nastawionych ludzi z klasy pracowniczej, sta\u0142y si\u0119 instrumentami polityki zagranicznej ZSRR. Stalin i partie komunistyczne prowadzili w latach 1928\u20131933 katastrofaln\u0105 lini\u0119, argumentuj\u0105c, \u017ce partie socjal\u00addemo\u00adkratyczne s\u0105 \u201esocjalfaszystowskie\u201d. Z powodu zbrodniczych czyn\u00f3w przy\u00adw\u00f3dc\u00f3w socjaldemokratycznych, linia ta znalaz\u0142a pos\u0142uch w cz\u0119\u015bciach ruchu robotniczego.<\/p>\n\n\n\n<p>W Niemczech SPD liczy\u0142a ponad trzy miliony cz\u0142onk\u00f3w, KPD \u2013 300 000. W 1930 roku ponad siedem milion\u00f3w robotnik\u00f3w nale\u017ca\u0142o do zwi\u0105zk\u00f3w zawodowych. Jednolity front mia\u0142 si\u0142\u0119, by powstrzyma\u0107 Hitlera \u2013 ale tra\u00adgicz\u00adnie nigdy do tego nie dosz\u0142o. Nazi\u015bci zwyci\u0119\u017cyli w 1933 roku i zmia\u017cd\u017cyli komunist\u00f3w, socjaldemokrat\u00f3w oraz wszystkie organizacje klasy pracow\u00adniczej.<\/p>\n\n\n\n<p><strong>Front ludowy<\/strong><\/p>\n\n\n\n<p>W 1935 roku polityka stalinowska dokona\u0142a zwrotu o 180 stopni i formalnie przyj\u0119\u0142a doktryn\u0119 \u201efrontu ludowego\u201d. Wymaga\u0142a ona, aby partie komunistyczne zawiera\u0142y porozu\u00admie\u00adnia nie tylko z partiami socjal\u00addemo\u00adkratycznymi, ale tak\u017ce z liberalnymi si\u0142ami kapitalistycznymi. By\u0142 to \u015brodek do celu w polityce zagranicznej. Stalin chcia\u0142 utworzy\u0107 sojusz wojskowy z Francj\u0105 i Wielk\u0105 Brytani\u0105 przeciwko nazistowskim Niemcom.<\/p>\n\n\n\n<p>Jednak strategia ta okaza\u0142a si\u0119 katastrofalna w powstrzymywaniu faszyzmu. W Hiszpanii zako\u0144czy\u0142a si\u0119 tym, \u017ce komuni\u015bci dokonali rzezi rewolucji, kt\u00f3ra mog\u0142a powstrzyma\u0107 faszyst\u00f3w. We Francji Front Ludowy doprowadzi\u0142 do tego, \u017ce partia komunistyczna st\u0142umi\u0142a rewolucyjn\u0105 fal\u0119 strajk\u00f3w \u2013 by p\u00f3\u017aniej zosta\u0107 zdelegalizowan\u0105 przez rz\u0105d, kt\u00f3ry chroni\u0142a.<\/p>\n\n\n<div class=\"wp-block-image\">\n<figure class=\"aligncenter size-full is-resized\"><img loading=\"lazy\" decoding=\"async\" width=\"910\" height=\"634\" src=\"https:\/\/pracowniczademokracja.org\/wp-content\/uploads\/2026\/04\/Manifestation_SFIO_1934.jpg\" alt=\"Rok 1934. Demonstracja Partii Socjalistycznej w Pary\u017cu. \nNa tabliczce widnieje napis: \u201ePrecz z faszyzmem\u201d.\" class=\"wp-image-11633\" style=\"width:475px\" srcset=\"https:\/\/pracowniczademokracja.org\/wp-content\/uploads\/2026\/04\/Manifestation_SFIO_1934.jpg 910w, https:\/\/pracowniczademokracja.org\/wp-content\/uploads\/2026\/04\/Manifestation_SFIO_1934-300x209.jpg 300w, https:\/\/pracowniczademokracja.org\/wp-content\/uploads\/2026\/04\/Manifestation_SFIO_1934-150x105.jpg 150w, https:\/\/pracowniczademokracja.org\/wp-content\/uploads\/2026\/04\/Manifestation_SFIO_1934-768x535.jpg 768w\" sizes=\"auto, (max-width: 910px) 100vw, 910px\" \/><figcaption class=\"wp-element-caption\"><em>Rok 1934. Demonstracja Partii Socjalistycznej w Pary\u017cu.<br>Na tabliczce widnieje napis: \u201ePrecz z faszyzmem\u201d<\/em>.<\/figcaption><\/figure>\n<\/div>\n\n\n<p>W 1934 roku francuscy faszy\u015bci podj\u0119li pr\u00f3b\u0119 zamachu stanu na parlament. CGT \u2013 g\u0142\u00f3wna federacja zwi\u0105zkowa \u2013 og\u0142osi\u0142a strajk generalny \u201eprzeciwko zagro\u017ceniu faszystow\u00adskiemu i w obronie wolno\u015bci obywa\u00adtelskich\u201d. Kierowana przez parti\u0119 komunistyczn\u0105 federacja zwi\u0105zkowa CGT-U przy\u0142\u0105czy\u0142a si\u0119 do akcji, w kt\u00f3rej wzi\u0119\u0142o udzia\u0142 ponad cztery miliony robotnik\u00f3w.<\/p>\n\n\n\n<p>W Pary\u017cu odby\u0142a si\u0119 osobna demonstracja partii socjalistycznej i osobna demonstracja zaplanowana przez parti\u0119 komunistyczn\u0105. W pewnym dramatycznym momencie dwie demonstracje po\u0142\u0105czy\u0142y si\u0119 w wyrazie oddolnej jedno\u015bci. Po raz pierwszy od lat socjalistyczni i komunistyczni robotnicy maszerowali rami\u0119 w rami\u0119.<\/p>\n\n\n\n<p>Kierownictwa partii uzgodni\u0142y koalicj\u0119 wyborcz\u0105 \u2013 Front Ludowy. Obejmowa\u0142a ona socjalist\u00f3w i komunist\u00f3w, ale komuni\u015bci nalegali r\u00f3wnie\u017c na w\u0142\u0105czenie partii radyka\u0142\u00f3w, [wbrew nazwie] partii g\u0142\u00f3wnego nurtu politycznego.<\/p>\n\n\n\n<p>Po tym, jak Front Ludowy wygra\u0142 wybory w 1936 roku, oczekiwania robotnik\u00f3w wzros\u0142y. We Francji wy\u00adbuch\u0142y strajki i okupacje zak\u0142ad\u00f3w pracy. Przestraszy\u0142o to klas\u0119 rz\u0105d\u00adz\u0105c\u0105, a nowy rz\u0105d Frontu Ludowego podj\u0105\u0142 dzia\u0142ania maj\u0105ce na celu zako\u0144czenie strajk\u00f3w. Partia komu\u00adnistyczna t\u0142umi\u0142a strajki, staraj\u0105c si\u0119 utrzyma\u0107 w koalicji najbardziej prawicowe si\u0142y.<\/p>\n\n\n\n<p>\u00c9douard Daladier, przyw\u00f3dca radyka\u0142\u00f3w, ostatecznie usun\u0105\u0142 socja\u00adlist\u00f3w z rz\u0105du i zdelegalizowa\u0142 komunist\u00f3w.<\/p>\n\n\n\n<p>W Stanach Zjednoczonych CPUSA (Komunistyczna Partia Stan\u00f3w Zjednoczonych) prowadzi\u0142a polityk\u0119 frontu ludowego w 1936 roku. Oznacza\u0142a ona wsp\u00f3\u0142prac\u0119 nie tylko z federacj\u0105 zwi\u0105zkow\u0105 CIO i przy\u00adw\u00f3dcami ruchu praw obywatelskich, ale tak\u017ce z Parti\u0105 Demokratyczn\u0105. Sojusz z si\u0142ami liberalnymi pozwoli\u0142 CPUSA wyrwa\u0107 si\u0119 z izolacji. Jednak komuni\u015bci nie mieli politycznej wizji wykraczaj\u0105cej poza te si\u0142y.<\/p>\n\n\n\n<p>Udzia\u0142 Stan\u00f3w Zjednoczonych w II wojnie \u015bwiatowej sprawi\u0142, \u017ce front ludowy ogarn\u0119\u0142a patriotyczna go\u00adr\u0105czka. CIO z\u0142o\u017cy\u0142o \u201ezobowi\u0105zanie o niewypowiadaniu strajk\u00f3w\u201d, obiecuj\u0105c nie podejmowa\u0107 \u017cadnych dzia\u0142a\u0144 w czasie wojny. Komuni\u015bci aktywnie uczestniczyli w nadzorowaniu dzia\u0142alno\u015bci zwi\u0105zkowej. Pot\u0119piali organizowanie si\u0119 zwi\u0105zk\u00f3w zawo\u00addowych i \u0142amali strajki, posuwaj\u0105c si\u0119 nawet do nazwania strajku g\u00f3rnik\u00f3w z 1939 roku \u201epronazistowskim\u201d.<\/p>\n\n\n\n<p>Dzi\u015b ameryka\u0144scy socjali\u015bci Joseph Schwartz i Bhaskar Sunkara chwal\u0105 front ludowy jako \u201eostatni raz, kiedy socjalizm mia\u0142 jak\u0105kolwiek masow\u0105 obecno\u015b\u0107 w Stanach Zjednoczonych\u201d. Przyznaj\u0105 jednak, \u017ce oznacza\u0142 on, i\u017c komuni\u015bci \u201eukrywali swoj\u0105 socjalistyczn\u0105 to\u017csamo\u015b\u0107, pr\u00f3buj\u0105c dotrze\u0107 do jak najszerszego spektrum Amerykan\u00f3w\u201d.<\/p>\n\n\n\n<p>\u201ePod\u0105\u017caj\u0105c za lini\u0105 Moskwy w sprawie paktu Hitler-Stalin, a na\u00adst\u0119pnie za zobowi\u0105zaniem o nie\u00ad- wypowiadaniu strajk\u00f3w podczas II wojny \u015bwiatowej, partia porzuci\u0142a najbardziej bojowe sektory klasy robotniczej\u201d \u2013 pisz\u0105. \u201eKomuni\u015bci po\u00adsta\u00adwili si\u0119 w sytuacji, kt\u00f3ra unie\u00admo\u017cliwi\u0142a im kiedykolwiek zdobycie hegemoni w ameryka\u0144skim ruchu robotniczym nad si\u0142ami liberalnymi\u201d.<\/p>\n\n\n\n<p><strong>Skala zagro\u017cenia ze strony skrajnej prawicy oznacza, \u017ce musimy mobilizowa\u0107 mo\u017cliwie najszersze si\u0142y. Jednak polityka ma znaczenie.<\/strong><\/p>\n\n\n\n<p>Nie zniszczymy skrajnej prawicy, skupiaj\u0105c si\u0119 wy\u0142\u0105cznie na krytyce jej polityki sprzyjaj\u0105cej wielkim korpo\u00adracjom.<\/p>\n\n\n\n<p>Nie wszyscy zgadzaj\u0105 si\u0119 z nami w ha\u015ble \u201euchod\u017acy s\u0105 tu mile wi\u00addziani\u201d. Je\u015bli jednak socjali\u015bci zrezygnowaliby z tej polityki, aby utrzyma\u0107 poparcie libera\u0142\u00f3w, by\u0142oby to po\u00addej\u015bcie w stylu frontu ludowego.<\/p>\n\n\n\n<p>W przeciwie\u0144stwie do tego front jednolity nie jest ani wygodn\u0105 koalicj\u0105 pos\u0142\u00f3w, ani porozumieniem rewolu\u00adcjonist\u00f3w o zaprzestaniu wszelkiej krytyki innych si\u0142 politycznych, u boku kt\u00f3rych dzia\u0142aj\u0105. To porozumienie o wsp\u00f3\u0142pracy i mobilizacji wok\u00f3\u0142 konkretnych cel\u00f3w i nie oznacza, \u017ce wszystkie zaanga\u017cowane si\u0142y musz\u0105 si\u0119 ze sob\u0105 zgadza\u0107 politycznie. I w\u0142a\u015bnie dlatego, \u017ce front jednolity obejmuje r\u00f3\u017cne si\u0142y, b\u0119dzie w nim istnia\u0142a rywalizacja dotycz\u0105ca tego, kt\u00f3ra droga jest najlepsza, aby p\u00f3j\u015b\u0107 naprz\u00f3d.<\/p>\n\n\n\n<p>Zbudujmy znacznie wi\u0119ksz\u0105 lewic\u0119 antyrasistowsk\u0105 opart\u0105 o polityk\u0119 niezb\u0119dn\u0105 do odwr\u00f3cenia prawicowej fali.<\/p>\n\n\n\n<p class=\"has-text-align-right\"><strong>T\u0142umaczy\u0142 Marek Uchan<\/strong>        <\/p>\n","protected":false},"excerpt":{"rendered":"<p>Historia pokazuje, \u017ce front ludowy tworzony z politycznym centrum ko\u0144czy\u0142 si\u0119 katastrof\u0105, je\u015bli chodzi o dzia\u0142ania na rzecz powstrzymywania faszyzmu. Najwa\u017cniejsze jest budo\u00adwanie jednolitego frontu przeciw skrajnej prawicy \u2013 pisze Frankie Murden Jaka jest najlepsza strategia, by pokona\u0107 faszyst\u00f3w i skrajn\u0105 prawic\u0119? Dominuj\u0105cym podej\u015bciem lewicy jest tak zwany front ludowy, koncepcja wypracowana po raz pierwszy [&hellip;]<\/p>\n","protected":false},"author":1,"featured_media":11630,"comment_status":"closed","ping_status":"closed","sticky":false,"template":"","format":"standard","meta":{"footnotes":""},"categories":[357],"tags":[97],"class_list":["post-11629","post","type-post","status-publish","format-standard","has-post-thumbnail","hentry","category-gazeta-kwiecien-2026","tag-featured"],"yoast_head":"<!-- This site is optimized with the Yoast SEO plugin v26.7 - https:\/\/yoast.com\/wordpress\/plugins\/seo\/ -->\n<title>Jedno\u015b\u0107 w dzia\u0142aniu \u2013 tak mo\u017cemy powstrzyma\u0107 faszyzm - Pracownicza Demokracja<\/title>\n<meta name=\"robots\" content=\"index, follow, max-snippet:-1, max-image-preview:large, max-video-preview:-1\" \/>\n<link rel=\"canonical\" href=\"https:\/\/pracowniczademokracja.org\/?p=11629\" \/>\n<meta property=\"og:locale\" content=\"pl_PL\" \/>\n<meta property=\"og:type\" content=\"article\" \/>\n<meta property=\"og:title\" content=\"Jedno\u015b\u0107 w dzia\u0142aniu \u2013 tak mo\u017cemy powstrzyma\u0107 faszyzm - Pracownicza Demokracja\" \/>\n<meta property=\"og:description\" content=\"Historia pokazuje, \u017ce front ludowy tworzony z politycznym centrum ko\u0144czy\u0142 si\u0119 katastrof\u0105, je\u015bli chodzi o dzia\u0142ania na rzecz powstrzymywania faszyzmu. Najwa\u017cniejsze jest budo\u00adwanie jednolitego frontu przeciw skrajnej prawicy \u2013 pisze Frankie Murden Jaka jest najlepsza strategia, by pokona\u0107 faszyst\u00f3w i skrajn\u0105 prawic\u0119? Dominuj\u0105cym podej\u015bciem lewicy jest tak zwany front ludowy, koncepcja wypracowana po raz pierwszy [&hellip;]\" \/>\n<meta property=\"og:url\" content=\"https:\/\/pracowniczademokracja.org\/?p=11629\" \/>\n<meta property=\"og:site_name\" content=\"Pracownicza Demokracja\" \/>\n<meta property=\"article:published_time\" content=\"2026-04-01T21:45:00+00:00\" \/>\n<meta property=\"article:modified_time\" content=\"2026-04-10T22:58:58+00:00\" \/>\n<meta property=\"og:image\" content=\"https:\/\/pracowniczademokracja.org\/wp-content\/uploads\/2026\/04\/paryz14.03.2026.dzienakcji-przeciw-faszyzmowi.0426.jpg\" \/>\n\t<meta property=\"og:image:width\" content=\"760\" \/>\n\t<meta property=\"og:image:height\" content=\"507\" \/>\n\t<meta property=\"og:image:type\" content=\"image\/jpeg\" \/>\n<meta name=\"author\" content=\".\" \/>\n<meta name=\"twitter:card\" content=\"summary_large_image\" \/>\n<meta name=\"twitter:label1\" content=\"Napisane przez\" \/>\n\t<meta name=\"twitter:data1\" content=\".\" \/>\n\t<meta name=\"twitter:label2\" content=\"Szacowany czas czytania\" \/>\n\t<meta name=\"twitter:data2\" content=\"9 minut\" \/>\n<script type=\"application\/ld+json\" class=\"yoast-schema-graph\">{\"@context\":\"https:\/\/schema.org\",\"@graph\":[{\"@type\":\"Article\",\"@id\":\"https:\/\/pracowniczademokracja.org\/?p=11629#article\",\"isPartOf\":{\"@id\":\"https:\/\/pracowniczademokracja.org\/?p=11629\"},\"author\":{\"name\":\".\",\"@id\":\"https:\/\/pracowniczademokracja.org\/#\/schema\/person\/111010f0277257eac5a64dace1cd1ad8\"},\"headline\":\"Jedno\u015b\u0107 w dzia\u0142aniu \u2013 tak mo\u017cemy powstrzyma\u0107 faszyzm\",\"datePublished\":\"2026-04-01T21:45:00+00:00\",\"dateModified\":\"2026-04-10T22:58:58+00:00\",\"mainEntityOfPage\":{\"@id\":\"https:\/\/pracowniczademokracja.org\/?p=11629\"},\"wordCount\":1649,\"image\":{\"@id\":\"https:\/\/pracowniczademokracja.org\/?p=11629#primaryimage\"},\"thumbnailUrl\":\"https:\/\/pracowniczademokracja.org\/wp-content\/uploads\/2026\/04\/paryz14.03.2026.dzienakcji-przeciw-faszyzmowi.0426.jpg\",\"keywords\":[\"Featured\"],\"articleSection\":[\"Gazeta - kwiecie\u0144 2026\"],\"inLanguage\":\"pl-PL\"},{\"@type\":\"WebPage\",\"@id\":\"https:\/\/pracowniczademokracja.org\/?p=11629\",\"url\":\"https:\/\/pracowniczademokracja.org\/?p=11629\",\"name\":\"Jedno\u015b\u0107 w dzia\u0142aniu \u2013 tak mo\u017cemy powstrzyma\u0107 faszyzm - Pracownicza Demokracja\",\"isPartOf\":{\"@id\":\"https:\/\/pracowniczademokracja.org\/#website\"},\"primaryImageOfPage\":{\"@id\":\"https:\/\/pracowniczademokracja.org\/?p=11629#primaryimage\"},\"image\":{\"@id\":\"https:\/\/pracowniczademokracja.org\/?p=11629#primaryimage\"},\"thumbnailUrl\":\"https:\/\/pracowniczademokracja.org\/wp-content\/uploads\/2026\/04\/paryz14.03.2026.dzienakcji-przeciw-faszyzmowi.0426.jpg\",\"datePublished\":\"2026-04-01T21:45:00+00:00\",\"dateModified\":\"2026-04-10T22:58:58+00:00\",\"author\":{\"@id\":\"https:\/\/pracowniczademokracja.org\/#\/schema\/person\/111010f0277257eac5a64dace1cd1ad8\"},\"breadcrumb\":{\"@id\":\"https:\/\/pracowniczademokracja.org\/?p=11629#breadcrumb\"},\"inLanguage\":\"pl-PL\",\"potentialAction\":[{\"@type\":\"ReadAction\",\"target\":[\"https:\/\/pracowniczademokracja.org\/?p=11629\"]}]},{\"@type\":\"ImageObject\",\"inLanguage\":\"pl-PL\",\"@id\":\"https:\/\/pracowniczademokracja.org\/?p=11629#primaryimage\",\"url\":\"https:\/\/pracowniczademokracja.org\/wp-content\/uploads\/2026\/04\/paryz14.03.2026.dzienakcji-przeciw-faszyzmowi.0426.jpg\",\"contentUrl\":\"https:\/\/pracowniczademokracja.org\/wp-content\/uploads\/2026\/04\/paryz14.03.2026.dzienakcji-przeciw-faszyzmowi.0426.jpg\",\"width\":760,\"height\":507},{\"@type\":\"BreadcrumbList\",\"@id\":\"https:\/\/pracowniczademokracja.org\/?p=11629#breadcrumb\",\"itemListElement\":[{\"@type\":\"ListItem\",\"position\":1,\"name\":\"Strona g\u0142\u00f3wna\",\"item\":\"https:\/\/pracowniczademokracja.org\/\"},{\"@type\":\"ListItem\",\"position\":2,\"name\":\"Jedno\u015b\u0107 w dzia\u0142aniu \u2013 tak mo\u017cemy powstrzyma\u0107 faszyzm\"}]},{\"@type\":\"WebSite\",\"@id\":\"https:\/\/pracowniczademokracja.org\/#website\",\"url\":\"https:\/\/pracowniczademokracja.org\/\",\"name\":\"Pracownicza Demokracja\",\"description\":\"\",\"potentialAction\":[{\"@type\":\"SearchAction\",\"target\":{\"@type\":\"EntryPoint\",\"urlTemplate\":\"https:\/\/pracowniczademokracja.org\/?s={search_term_string}\"},\"query-input\":{\"@type\":\"PropertyValueSpecification\",\"valueRequired\":true,\"valueName\":\"search_term_string\"}}],\"inLanguage\":\"pl-PL\"},{\"@type\":\"Person\",\"@id\":\"https:\/\/pracowniczademokracja.org\/#\/schema\/person\/111010f0277257eac5a64dace1cd1ad8\",\"name\":\".\",\"url\":\"https:\/\/pracowniczademokracja.org\/?author=1\"}]}<\/script>\n<!-- \/ Yoast SEO plugin. -->","yoast_head_json":{"title":"Jedno\u015b\u0107 w dzia\u0142aniu \u2013 tak mo\u017cemy powstrzyma\u0107 faszyzm - Pracownicza Demokracja","robots":{"index":"index","follow":"follow","max-snippet":"max-snippet:-1","max-image-preview":"max-image-preview:large","max-video-preview":"max-video-preview:-1"},"canonical":"https:\/\/pracowniczademokracja.org\/?p=11629","og_locale":"pl_PL","og_type":"article","og_title":"Jedno\u015b\u0107 w dzia\u0142aniu \u2013 tak mo\u017cemy powstrzyma\u0107 faszyzm - Pracownicza Demokracja","og_description":"Historia pokazuje, \u017ce front ludowy tworzony z politycznym centrum ko\u0144czy\u0142 si\u0119 katastrof\u0105, je\u015bli chodzi o dzia\u0142ania na rzecz powstrzymywania faszyzmu. Najwa\u017cniejsze jest budo\u00adwanie jednolitego frontu przeciw skrajnej prawicy \u2013 pisze Frankie Murden Jaka jest najlepsza strategia, by pokona\u0107 faszyst\u00f3w i skrajn\u0105 prawic\u0119? Dominuj\u0105cym podej\u015bciem lewicy jest tak zwany front ludowy, koncepcja wypracowana po raz pierwszy [&hellip;]","og_url":"https:\/\/pracowniczademokracja.org\/?p=11629","og_site_name":"Pracownicza Demokracja","article_published_time":"2026-04-01T21:45:00+00:00","article_modified_time":"2026-04-10T22:58:58+00:00","og_image":[{"width":760,"height":507,"url":"https:\/\/pracowniczademokracja.org\/wp-content\/uploads\/2026\/04\/paryz14.03.2026.dzienakcji-przeciw-faszyzmowi.0426.jpg","type":"image\/jpeg"}],"author":".","twitter_card":"summary_large_image","twitter_misc":{"Napisane przez":".","Szacowany czas czytania":"9 minut"},"schema":{"@context":"https:\/\/schema.org","@graph":[{"@type":"Article","@id":"https:\/\/pracowniczademokracja.org\/?p=11629#article","isPartOf":{"@id":"https:\/\/pracowniczademokracja.org\/?p=11629"},"author":{"name":".","@id":"https:\/\/pracowniczademokracja.org\/#\/schema\/person\/111010f0277257eac5a64dace1cd1ad8"},"headline":"Jedno\u015b\u0107 w dzia\u0142aniu \u2013 tak mo\u017cemy powstrzyma\u0107 faszyzm","datePublished":"2026-04-01T21:45:00+00:00","dateModified":"2026-04-10T22:58:58+00:00","mainEntityOfPage":{"@id":"https:\/\/pracowniczademokracja.org\/?p=11629"},"wordCount":1649,"image":{"@id":"https:\/\/pracowniczademokracja.org\/?p=11629#primaryimage"},"thumbnailUrl":"https:\/\/pracowniczademokracja.org\/wp-content\/uploads\/2026\/04\/paryz14.03.2026.dzienakcji-przeciw-faszyzmowi.0426.jpg","keywords":["Featured"],"articleSection":["Gazeta - kwiecie\u0144 2026"],"inLanguage":"pl-PL"},{"@type":"WebPage","@id":"https:\/\/pracowniczademokracja.org\/?p=11629","url":"https:\/\/pracowniczademokracja.org\/?p=11629","name":"Jedno\u015b\u0107 w dzia\u0142aniu \u2013 tak mo\u017cemy powstrzyma\u0107 faszyzm - Pracownicza Demokracja","isPartOf":{"@id":"https:\/\/pracowniczademokracja.org\/#website"},"primaryImageOfPage":{"@id":"https:\/\/pracowniczademokracja.org\/?p=11629#primaryimage"},"image":{"@id":"https:\/\/pracowniczademokracja.org\/?p=11629#primaryimage"},"thumbnailUrl":"https:\/\/pracowniczademokracja.org\/wp-content\/uploads\/2026\/04\/paryz14.03.2026.dzienakcji-przeciw-faszyzmowi.0426.jpg","datePublished":"2026-04-01T21:45:00+00:00","dateModified":"2026-04-10T22:58:58+00:00","author":{"@id":"https:\/\/pracowniczademokracja.org\/#\/schema\/person\/111010f0277257eac5a64dace1cd1ad8"},"breadcrumb":{"@id":"https:\/\/pracowniczademokracja.org\/?p=11629#breadcrumb"},"inLanguage":"pl-PL","potentialAction":[{"@type":"ReadAction","target":["https:\/\/pracowniczademokracja.org\/?p=11629"]}]},{"@type":"ImageObject","inLanguage":"pl-PL","@id":"https:\/\/pracowniczademokracja.org\/?p=11629#primaryimage","url":"https:\/\/pracowniczademokracja.org\/wp-content\/uploads\/2026\/04\/paryz14.03.2026.dzienakcji-przeciw-faszyzmowi.0426.jpg","contentUrl":"https:\/\/pracowniczademokracja.org\/wp-content\/uploads\/2026\/04\/paryz14.03.2026.dzienakcji-przeciw-faszyzmowi.0426.jpg","width":760,"height":507},{"@type":"BreadcrumbList","@id":"https:\/\/pracowniczademokracja.org\/?p=11629#breadcrumb","itemListElement":[{"@type":"ListItem","position":1,"name":"Strona g\u0142\u00f3wna","item":"https:\/\/pracowniczademokracja.org\/"},{"@type":"ListItem","position":2,"name":"Jedno\u015b\u0107 w dzia\u0142aniu \u2013 tak mo\u017cemy powstrzyma\u0107 faszyzm"}]},{"@type":"WebSite","@id":"https:\/\/pracowniczademokracja.org\/#website","url":"https:\/\/pracowniczademokracja.org\/","name":"Pracownicza Demokracja","description":"","potentialAction":[{"@type":"SearchAction","target":{"@type":"EntryPoint","urlTemplate":"https:\/\/pracowniczademokracja.org\/?s={search_term_string}"},"query-input":{"@type":"PropertyValueSpecification","valueRequired":true,"valueName":"search_term_string"}}],"inLanguage":"pl-PL"},{"@type":"Person","@id":"https:\/\/pracowniczademokracja.org\/#\/schema\/person\/111010f0277257eac5a64dace1cd1ad8","name":".","url":"https:\/\/pracowniczademokracja.org\/?author=1"}]}},"_links":{"self":[{"href":"https:\/\/pracowniczademokracja.org\/index.php?rest_route=\/wp\/v2\/posts\/11629","targetHints":{"allow":["GET"]}}],"collection":[{"href":"https:\/\/pracowniczademokracja.org\/index.php?rest_route=\/wp\/v2\/posts"}],"about":[{"href":"https:\/\/pracowniczademokracja.org\/index.php?rest_route=\/wp\/v2\/types\/post"}],"author":[{"embeddable":true,"href":"https:\/\/pracowniczademokracja.org\/index.php?rest_route=\/wp\/v2\/users\/1"}],"replies":[{"embeddable":true,"href":"https:\/\/pracowniczademokracja.org\/index.php?rest_route=%2Fwp%2Fv2%2Fcomments&post=11629"}],"version-history":[{"count":2,"href":"https:\/\/pracowniczademokracja.org\/index.php?rest_route=\/wp\/v2\/posts\/11629\/revisions"}],"predecessor-version":[{"id":11634,"href":"https:\/\/pracowniczademokracja.org\/index.php?rest_route=\/wp\/v2\/posts\/11629\/revisions\/11634"}],"wp:featuredmedia":[{"embeddable":true,"href":"https:\/\/pracowniczademokracja.org\/index.php?rest_route=\/wp\/v2\/media\/11630"}],"wp:attachment":[{"href":"https:\/\/pracowniczademokracja.org\/index.php?rest_route=%2Fwp%2Fv2%2Fmedia&parent=11629"}],"wp:term":[{"taxonomy":"category","embeddable":true,"href":"https:\/\/pracowniczademokracja.org\/index.php?rest_route=%2Fwp%2Fv2%2Fcategories&post=11629"},{"taxonomy":"post_tag","embeddable":true,"href":"https:\/\/pracowniczademokracja.org\/index.php?rest_route=%2Fwp%2Fv2%2Ftags&post=11629"}],"curies":[{"name":"wp","href":"https:\/\/api.w.org\/{rel}","templated":true}]}}