{"id":11289,"date":"2025-12-01T23:40:00","date_gmt":"2025-12-01T22:40:00","guid":{"rendered":"https:\/\/pracowniczademokracja.org\/?p=11289"},"modified":"2025-12-06T00:48:47","modified_gmt":"2025-12-05T23:48:47","slug":"antyfaszyzm-po-11-listopada-co-dalej","status":"publish","type":"post","link":"https:\/\/pracowniczademokracja.org\/?p=11289","title":{"rendered":"Antyfaszyzm po 11 listopada: co dalej?"},"content":{"rendered":"\n<div class=\"wp-block-image\"><figure class=\"aligncenter size-large is-resized\"><img loading=\"lazy\" decoding=\"async\" src=\"https:\/\/pracowniczademokracja.org\/wp-content\/uploads\/2025\/12\/kontra.20251111_153615.jpg\" alt=\"11.11.25 Warszawa. Kontra przeciwko Marszowi Pod\u0142o\u015bci.\" class=\"wp-image-11290\" width=\"475\" height=\"310\" srcset=\"https:\/\/pracowniczademokracja.org\/wp-content\/uploads\/2025\/12\/kontra.20251111_153615-300x197.jpg 300w, https:\/\/pracowniczademokracja.org\/wp-content\/uploads\/2025\/12\/kontra.20251111_153615-150x98.jpg 150w\" sizes=\"auto, (max-width: 475px) 100vw, 475px\" \/><figcaption>11.11.25 Warszawa. Kontra przeciwko Marszowi Pod\u0142o\u015bci.<\/figcaption><\/figure><\/div>\n\n\n\n<p><strong>W tym roku Marsz Niepodleg\u0142o\u015bci (dalej: Marsz Pod\u0142o\u015bci), kt\u00f3ry si\u0119 odby\u0142, jak co roku od 2010 r., by\u0142 bardzo du\u017cy. Wed\u0142ug Sto\u0142ecznego Centrum Bezpiecze\u0144stwa liczy\u0142 oko\u0142o 100 tys. os\u00f3b.<\/strong><\/p>\n\n\n\n<p>Marsz ani nie reprezentuje og\u00f3\u0142u polskiego spo\u0142ecze\u0144stwa, ani nie jest \u201emarszem polskich rodzin\u201d, lecz jest imprez\u0105 organizowan\u0105 przez si\u0142y skrajne prawicowe i faszystowskie.<\/p>\n\n\n\n<p>Wygl\u0105da na to, \u017ce wiele os\u00f3b uczestnicz\u0105cych w marszu albo tego nie wie, albo to ignoruje. Jednak chocia\u017c wi\u0119kszo\u015b\u0107 z nich nie jest faszystami, trudno wyobra\u017ca\u0107 sobie, \u017ce przynajmniej w pewnym stopniu nie podzielaj\u0105 rasistowskiej polityki antyimigracyjnej na nim wyra\u017canej.<\/p>\n\n\n\n<p>Nale\u017cy wskazywa\u0107 na skrajny i faszystowski charakter tego marszu i obala\u0107 mit, \u017ce jest on po prostu \u201eniewinnymi\u201d i normalnymi obchodami Dnia Niepodleg\u0142o\u015bci.<\/p>\n\n\n\n<p>Liczne uczestnictwo w marszu idzie w parze z wysokimi wynikami sonda\u017cowymi dw\u00f3ch g\u0142\u00f3wnych skrajnie prawicowych si\u0142: Konfederacji (Mentzen?Bosak) oraz Konfederacji Korony Polskiej Grzegorza Brauna. Wsp\u00f3lnie uzyskuj\u0105 one regularnie ponad 21 proc. \u2013 tyle, ile Mentzen i Braun zdobyli \u0142\u0105cznie w tegorocznych wyborach prezydenckich.<\/p>\n\n\n\n<p>To powa\u017cne ostrze\u017cenie dla ogromnej wi\u0119kszo\u015bci spo\u0142ecze\u0144stwa, kt\u00f3ra nie chce mie\u0107 z faszyzmem nic wsp\u00f3lnego.<\/p>\n\n\n\n<p><strong>Dlaczego m\u00f3wimy \u017ce Marsz Pod\u0142o\u015bci jest organizowany przez faszyst\u00f3w?<\/strong><\/p>\n\n\n\n<p>W zarz\u0105dzie Stowarzyszenia Marszu Niepodleg\u0142o\u015bci zasiadaj\u0105 g\u0142\u00f3wnie przedstawiciele Ruchu Narodowego (Krzysztofa Bosaka) i M\u0142odzie\u017cy Wszech- polskiej:<\/p>\n\n\n\n<p><strong>Bartosz Malewski<\/strong> \u2013 by\u0142y cz\u0142onek w\u0142adz M\u0142odzie\u017cy Wszechpolskiej, teraz w Ruchu Narodowym; prawnik z Ordo Iuris (wyst\u0119powa\u0142 m.in. w przegranej przez niego sprawie przeciw ludziom pomagaj\u0105cym uchod\u017acom przy granicy)<\/p>\n\n\n\n<p><strong>Mateusz Marzoch <\/strong>? Ruch Narodowy, by\u0142y rzecznik M\u0142odzie\u017cy Wszechpolskiej<br><strong>Marcin Osowski <\/strong>\u201d prezes M\u0142odzie\u017cy Wszechpolskiej (od 2024 roku)<br><strong>Ziemowit Przebitkowski <\/strong>? Ruch Narodowy, by\u0142y prezes M\u0142odzie\u017cy Wszechpolskiej<strong>.<\/strong><br><strong>Barbara Ziemska <\/strong>? Ruch Narodowy<\/p>\n\n\n\n<p>Opr\u00f3cz nich znajdujemy tam niejakiego <strong>Jakuba Kalusa<\/strong>, o kt\u00f3rym pisze onet.pl: \u201d&#8230;. w listopadzie 2017 r. bra\u0142 udzia\u0142 w pikiecie narodowc\u00f3w w Katowicach, podczas kt\u00f3rej powieszono na symbolicznych szubienicach zdj\u0119cia europos\u0142\u00f3w\u201d, udziela\u0142 porad prawnych organizatorom \u201eurodzin Hitlera\u201d: instruowa\u0142 ich, jak maj\u0105 si\u0119 zachowywa\u0107 podczas \u015bledztw, przygotowywa\u0142 im pisma procesowe i wezwania do medi\u00f3w\u201d.<\/p>\n\n\n\n<p>M\u0142odzie\u017c Wszechpolska deklaruje \u201ekontynuacj\u0119 dzia\u0142alno\u015bci przedwojennego Zwi\u0105zku Akademickiego M\u0142odzie\u017c Wszechpolska\u201d.<\/p>\n\n\n\n<p>A co wiemy o przedwojennej M\u0142odzie\u017cy Wszechpolskiej? Cz\u0142onkowie tej organizacji nie tylko otwarcie domagali si\u0119 ekonomicznego bojkotu \u017byd\u00f3w oraz ograniczenia ich prawa do edukacji na wy\u017cszych uczelniach poprzez <em>numerus clausus<\/em>, ale posuwali si\u0119 dalej \u2013 \u017c\u0105daj\u0105c ca\u0142kowitego wyrzucenia ich z uczelni w ramach <em>numerus nullus<\/em>. To w\u0142a\u015bnie oni doprowadzili do wprowadzenia na polskich uczelniach haniebnego \u201egetta \u0142awkowego\u201d, a w przestrzeni publicznej tworzyli brutalne boj\u00f3wki, kt\u00f3re napada\u0142y na \u017byd\u00f3w i niszczy\u0142y ich sklepy. Dzia\u0142acze M\u0142odzie\u017cy Wszechpolskiej obnosili si\u0119 ze swoim uwielbieniem dla Hitlera. Na przyk\u0142ad prezes MW Jan Ostoja Mat\u0142achowski grozi\u0142: \u201eJak Hitler post\u0119puje w Niemczech z \u017cydami [napisane pogardliwie przez niego ma\u0142\u0105 liter\u0105], tak post\u0105pi w Polsce ob\u00f3z narodowy, gdy obejmie w\u0142adz\u0119\u201d.<\/p>\n\n\n\n<p>Na Marsze Pod\u0142o\u015bci zaprasza si\u0119 faszyst\u00f3w z r\u00f3\u017cnych kraj\u00f3w \u2013 o tegorocznym marszu pisze onet.pl: \u201eW\u015br\u00f3d uczestnik\u00f3w tegorocznego Marszu Niepodleg\u0142o\u015bci zn\u00f3w pojawili si\u0119 faszy\u015bci zrzeszeni w tzw. czarnym bloku. Pochodz\u0105 oni z Polski, Wielkiej Brytanii, W\u0142och, W\u0119gier, Szwecji, Estonii, Francji<\/p>\n\n\n\n<p>i Rumunii. Przez nikogo nie niepokojeni przeszli swoj\u0105 kolumn\u0105 pod flagami z zakazanymi symbolami, nienawistnymi has\u0142ami i rasistowskimi okrzykami. Po marszu natomiast odbyli wsp\u00f3lny trening mieszanych sztuk walki\u201d.<\/p>\n\n\n\n<p><strong>Niebezpieczna normalizacja<\/strong><\/p>\n\n\n\n<p>W tym roku w marszu uczestniczyli prezydent Karol Nawrocki oraz cz\u0142onkowie i kierownictwo PiS-u z Kaczy\u0144skim na czele.<\/p>\n\n\n\n<p>Jak mo\u017cemy zwalcza\u0107 t\u0119 normalizacj\u0119 faszyzmu?<\/p>\n\n\n\n<p>Kluczowe jest mobilizowanie ludzi do protest\u00f3w przeciwko faszystom zawsze, gdy pojawiaj\u0105 si\u0119 na ulicach. Potrzebujemy szerokiego ruchu anty- faszystowskiego, kt\u00f3ry potrafi zaanga\u017cowa\u0107 r\u00f3wnie\u017c osoby zazwyczaj nieuczestnicz\u0105ce w demonstracjach. Musimy konsekwentnie zabiega\u0107 o poparcie zwi\u0105zk\u00f3w zawodowych na ka\u017cdym szczeblu \u2013 od szeregowych cz\u0142onk\u00f3w po kierownictwo. Nawet nieformalne delegacje pracownicze mog\u0142yby odegra\u0107 ogromn\u0105 rol\u0119.<\/p>\n\n\n\n<p>Warto tak\u017ce w\u0142\u0105czy\u0107 uczni\u00f3w i student\u00f3w w rozpowszechnianie informacji o nadchodz\u0105cych protestach. Antyfaszy\u015bci powinni zacz\u0105\u0107 te\u017c prowadzi\u0107 kolporta\u017c ulotek na osiedlach mieszkaniowych, szczeg\u00f3lnie w okresie poprzedzaj\u0105cym kolejny Marsz Pod\u0142o\u015bci.<\/p>\n\n\n\n<p class=\"has-text-align-right\"><strong>Ellisiv Rognlien<\/strong><\/p>\n\n\n\n<p class=\"has-cyan-bluish-gray-background-color has-background\" style=\"font-size:16.1px\"><strong>Odra\u017caj\u0105cy rasista Braun<\/strong><\/p>\n\n\n\n<p class=\"has-cyan-bluish-gray-background-color has-background\">Przera\u017ca rosn\u0105ce poparcie dla odra\u017caj\u0105cego rasisty Grzegorza Brauna. Zyskuje on rozg\u0142os, kontynuuj\u0105c swoje szokuj\u0105ce wybryki. 22 listopada g\u0142osi\u0142 antysemickie brednie w pobli\u017cu obozu zag\u0142ady Auschwitz, a pi\u0119\u0107 dni p\u00f3\u017aniej pojawi\u0142 si\u0119 na stadionie Legii Warszawa z faszyst\u0105 Januszem Walusiem, kt\u00f3ry w 1993 roku zamordowa\u0142 Chrisa Haniego, jednego z przyw\u00f3dc\u00f3w ruchu przeciw apartheidowi w RPA.<\/p>\n","protected":false},"excerpt":{"rendered":"<p>W tym roku Marsz Niepodleg\u0142o\u015bci (dalej: Marsz Pod\u0142o\u015bci), kt\u00f3ry si\u0119 odby\u0142, jak co roku od 2010 r., by\u0142 bardzo du\u017cy. Wed\u0142ug Sto\u0142ecznego Centrum Bezpiecze\u0144stwa liczy\u0142 oko\u0142o 100 tys. os\u00f3b. Marsz ani nie reprezentuje og\u00f3\u0142u polskiego spo\u0142ecze\u0144stwa, ani nie jest \u201emarszem polskich rodzin\u201d, lecz jest imprez\u0105 organizowan\u0105 przez si\u0142y skrajne prawicowe i faszystowskie. Wygl\u0105da na to, [&hellip;]<\/p>\n","protected":false},"author":1,"featured_media":11290,"comment_status":"closed","ping_status":"closed","sticky":false,"template":"","format":"standard","meta":{"footnotes":""},"categories":[345,346],"tags":[],"class_list":["post-11289","post","type-post","status-publish","format-standard","has-post-thumbnail","hentry","category-gazeta-grudzien-2025","category-gazeta-grudzien-2025-cd"],"yoast_head":"<!-- This site is optimized with the Yoast SEO plugin v26.7 - https:\/\/yoast.com\/wordpress\/plugins\/seo\/ -->\n<title>Antyfaszyzm po 11 listopada: co dalej? - Pracownicza Demokracja<\/title>\n<meta name=\"robots\" content=\"index, follow, max-snippet:-1, max-image-preview:large, max-video-preview:-1\" \/>\n<link rel=\"canonical\" href=\"https:\/\/pracowniczademokracja.org\/?p=11289\" \/>\n<meta property=\"og:locale\" content=\"pl_PL\" \/>\n<meta property=\"og:type\" content=\"article\" \/>\n<meta property=\"og:title\" content=\"Antyfaszyzm po 11 listopada: co dalej? - Pracownicza Demokracja\" \/>\n<meta property=\"og:description\" content=\"W tym roku Marsz Niepodleg\u0142o\u015bci (dalej: Marsz Pod\u0142o\u015bci), kt\u00f3ry si\u0119 odby\u0142, jak co roku od 2010 r., by\u0142 bardzo du\u017cy. Wed\u0142ug Sto\u0142ecznego Centrum Bezpiecze\u0144stwa liczy\u0142 oko\u0142o 100 tys. os\u00f3b. Marsz ani nie reprezentuje og\u00f3\u0142u polskiego spo\u0142ecze\u0144stwa, ani nie jest \u201emarszem polskich rodzin\u201d, lecz jest imprez\u0105 organizowan\u0105 przez si\u0142y skrajne prawicowe i faszystowskie. Wygl\u0105da na to, [&hellip;]\" \/>\n<meta property=\"og:url\" content=\"https:\/\/pracowniczademokracja.org\/?p=11289\" \/>\n<meta property=\"og:site_name\" content=\"Pracownicza Demokracja\" \/>\n<meta property=\"article:published_time\" content=\"2025-12-01T22:40:00+00:00\" \/>\n<meta property=\"article:modified_time\" content=\"2025-12-05T23:48:47+00:00\" \/>\n<meta property=\"og:image\" content=\"https:\/\/pracowniczademokracja.org\/wp-content\/uploads\/2025\/12\/kontra.20251111_153615.jpg\" \/>\n\t<meta property=\"og:image:width\" content=\"791\" \/>\n\t<meta property=\"og:image:height\" content=\"519\" \/>\n\t<meta property=\"og:image:type\" content=\"image\/jpeg\" \/>\n<meta name=\"author\" content=\".\" \/>\n<meta name=\"twitter:card\" content=\"summary_large_image\" \/>\n<meta name=\"twitter:label1\" content=\"Napisane przez\" \/>\n\t<meta name=\"twitter:data1\" content=\".\" \/>\n\t<meta name=\"twitter:label2\" content=\"Szacowany czas czytania\" \/>\n\t<meta name=\"twitter:data2\" content=\"4 minuty\" \/>\n<script type=\"application\/ld+json\" class=\"yoast-schema-graph\">{\"@context\":\"https:\/\/schema.org\",\"@graph\":[{\"@type\":\"Article\",\"@id\":\"https:\/\/pracowniczademokracja.org\/?p=11289#article\",\"isPartOf\":{\"@id\":\"https:\/\/pracowniczademokracja.org\/?p=11289\"},\"author\":{\"name\":\".\",\"@id\":\"https:\/\/pracowniczademokracja.org\/#\/schema\/person\/111010f0277257eac5a64dace1cd1ad8\"},\"headline\":\"Antyfaszyzm po 11 listopada: co dalej?\",\"datePublished\":\"2025-12-01T22:40:00+00:00\",\"dateModified\":\"2025-12-05T23:48:47+00:00\",\"mainEntityOfPage\":{\"@id\":\"https:\/\/pracowniczademokracja.org\/?p=11289\"},\"wordCount\":820,\"image\":{\"@id\":\"https:\/\/pracowniczademokracja.org\/?p=11289#primaryimage\"},\"thumbnailUrl\":\"https:\/\/pracowniczademokracja.org\/wp-content\/uploads\/2025\/12\/kontra.20251111_153615.jpg\",\"articleSection\":[\"Gazeta - grudzie\u0144 2025\",\"Gazeta - grudzie\u0144 2025 - cd.\"],\"inLanguage\":\"pl-PL\"},{\"@type\":\"WebPage\",\"@id\":\"https:\/\/pracowniczademokracja.org\/?p=11289\",\"url\":\"https:\/\/pracowniczademokracja.org\/?p=11289\",\"name\":\"Antyfaszyzm po 11 listopada: co dalej? - Pracownicza Demokracja\",\"isPartOf\":{\"@id\":\"https:\/\/pracowniczademokracja.org\/#website\"},\"primaryImageOfPage\":{\"@id\":\"https:\/\/pracowniczademokracja.org\/?p=11289#primaryimage\"},\"image\":{\"@id\":\"https:\/\/pracowniczademokracja.org\/?p=11289#primaryimage\"},\"thumbnailUrl\":\"https:\/\/pracowniczademokracja.org\/wp-content\/uploads\/2025\/12\/kontra.20251111_153615.jpg\",\"datePublished\":\"2025-12-01T22:40:00+00:00\",\"dateModified\":\"2025-12-05T23:48:47+00:00\",\"author\":{\"@id\":\"https:\/\/pracowniczademokracja.org\/#\/schema\/person\/111010f0277257eac5a64dace1cd1ad8\"},\"breadcrumb\":{\"@id\":\"https:\/\/pracowniczademokracja.org\/?p=11289#breadcrumb\"},\"inLanguage\":\"pl-PL\",\"potentialAction\":[{\"@type\":\"ReadAction\",\"target\":[\"https:\/\/pracowniczademokracja.org\/?p=11289\"]}]},{\"@type\":\"ImageObject\",\"inLanguage\":\"pl-PL\",\"@id\":\"https:\/\/pracowniczademokracja.org\/?p=11289#primaryimage\",\"url\":\"https:\/\/pracowniczademokracja.org\/wp-content\/uploads\/2025\/12\/kontra.20251111_153615.jpg\",\"contentUrl\":\"https:\/\/pracowniczademokracja.org\/wp-content\/uploads\/2025\/12\/kontra.20251111_153615.jpg\",\"width\":791,\"height\":519},{\"@type\":\"BreadcrumbList\",\"@id\":\"https:\/\/pracowniczademokracja.org\/?p=11289#breadcrumb\",\"itemListElement\":[{\"@type\":\"ListItem\",\"position\":1,\"name\":\"Strona g\u0142\u00f3wna\",\"item\":\"https:\/\/pracowniczademokracja.org\/\"},{\"@type\":\"ListItem\",\"position\":2,\"name\":\"Antyfaszyzm po 11 listopada: co dalej?\"}]},{\"@type\":\"WebSite\",\"@id\":\"https:\/\/pracowniczademokracja.org\/#website\",\"url\":\"https:\/\/pracowniczademokracja.org\/\",\"name\":\"Pracownicza Demokracja\",\"description\":\"\",\"potentialAction\":[{\"@type\":\"SearchAction\",\"target\":{\"@type\":\"EntryPoint\",\"urlTemplate\":\"https:\/\/pracowniczademokracja.org\/?s={search_term_string}\"},\"query-input\":{\"@type\":\"PropertyValueSpecification\",\"valueRequired\":true,\"valueName\":\"search_term_string\"}}],\"inLanguage\":\"pl-PL\"},{\"@type\":\"Person\",\"@id\":\"https:\/\/pracowniczademokracja.org\/#\/schema\/person\/111010f0277257eac5a64dace1cd1ad8\",\"name\":\".\",\"url\":\"https:\/\/pracowniczademokracja.org\/?author=1\"}]}<\/script>\n<!-- \/ Yoast SEO plugin. -->","yoast_head_json":{"title":"Antyfaszyzm po 11 listopada: co dalej? - Pracownicza Demokracja","robots":{"index":"index","follow":"follow","max-snippet":"max-snippet:-1","max-image-preview":"max-image-preview:large","max-video-preview":"max-video-preview:-1"},"canonical":"https:\/\/pracowniczademokracja.org\/?p=11289","og_locale":"pl_PL","og_type":"article","og_title":"Antyfaszyzm po 11 listopada: co dalej? - Pracownicza Demokracja","og_description":"W tym roku Marsz Niepodleg\u0142o\u015bci (dalej: Marsz Pod\u0142o\u015bci), kt\u00f3ry si\u0119 odby\u0142, jak co roku od 2010 r., by\u0142 bardzo du\u017cy. Wed\u0142ug Sto\u0142ecznego Centrum Bezpiecze\u0144stwa liczy\u0142 oko\u0142o 100 tys. os\u00f3b. Marsz ani nie reprezentuje og\u00f3\u0142u polskiego spo\u0142ecze\u0144stwa, ani nie jest \u201emarszem polskich rodzin\u201d, lecz jest imprez\u0105 organizowan\u0105 przez si\u0142y skrajne prawicowe i faszystowskie. Wygl\u0105da na to, [&hellip;]","og_url":"https:\/\/pracowniczademokracja.org\/?p=11289","og_site_name":"Pracownicza Demokracja","article_published_time":"2025-12-01T22:40:00+00:00","article_modified_time":"2025-12-05T23:48:47+00:00","og_image":[{"width":791,"height":519,"url":"https:\/\/pracowniczademokracja.org\/wp-content\/uploads\/2025\/12\/kontra.20251111_153615.jpg","type":"image\/jpeg"}],"author":".","twitter_card":"summary_large_image","twitter_misc":{"Napisane przez":".","Szacowany czas czytania":"4 minuty"},"schema":{"@context":"https:\/\/schema.org","@graph":[{"@type":"Article","@id":"https:\/\/pracowniczademokracja.org\/?p=11289#article","isPartOf":{"@id":"https:\/\/pracowniczademokracja.org\/?p=11289"},"author":{"name":".","@id":"https:\/\/pracowniczademokracja.org\/#\/schema\/person\/111010f0277257eac5a64dace1cd1ad8"},"headline":"Antyfaszyzm po 11 listopada: co dalej?","datePublished":"2025-12-01T22:40:00+00:00","dateModified":"2025-12-05T23:48:47+00:00","mainEntityOfPage":{"@id":"https:\/\/pracowniczademokracja.org\/?p=11289"},"wordCount":820,"image":{"@id":"https:\/\/pracowniczademokracja.org\/?p=11289#primaryimage"},"thumbnailUrl":"https:\/\/pracowniczademokracja.org\/wp-content\/uploads\/2025\/12\/kontra.20251111_153615.jpg","articleSection":["Gazeta - grudzie\u0144 2025","Gazeta - grudzie\u0144 2025 - cd."],"inLanguage":"pl-PL"},{"@type":"WebPage","@id":"https:\/\/pracowniczademokracja.org\/?p=11289","url":"https:\/\/pracowniczademokracja.org\/?p=11289","name":"Antyfaszyzm po 11 listopada: co dalej? - Pracownicza Demokracja","isPartOf":{"@id":"https:\/\/pracowniczademokracja.org\/#website"},"primaryImageOfPage":{"@id":"https:\/\/pracowniczademokracja.org\/?p=11289#primaryimage"},"image":{"@id":"https:\/\/pracowniczademokracja.org\/?p=11289#primaryimage"},"thumbnailUrl":"https:\/\/pracowniczademokracja.org\/wp-content\/uploads\/2025\/12\/kontra.20251111_153615.jpg","datePublished":"2025-12-01T22:40:00+00:00","dateModified":"2025-12-05T23:48:47+00:00","author":{"@id":"https:\/\/pracowniczademokracja.org\/#\/schema\/person\/111010f0277257eac5a64dace1cd1ad8"},"breadcrumb":{"@id":"https:\/\/pracowniczademokracja.org\/?p=11289#breadcrumb"},"inLanguage":"pl-PL","potentialAction":[{"@type":"ReadAction","target":["https:\/\/pracowniczademokracja.org\/?p=11289"]}]},{"@type":"ImageObject","inLanguage":"pl-PL","@id":"https:\/\/pracowniczademokracja.org\/?p=11289#primaryimage","url":"https:\/\/pracowniczademokracja.org\/wp-content\/uploads\/2025\/12\/kontra.20251111_153615.jpg","contentUrl":"https:\/\/pracowniczademokracja.org\/wp-content\/uploads\/2025\/12\/kontra.20251111_153615.jpg","width":791,"height":519},{"@type":"BreadcrumbList","@id":"https:\/\/pracowniczademokracja.org\/?p=11289#breadcrumb","itemListElement":[{"@type":"ListItem","position":1,"name":"Strona g\u0142\u00f3wna","item":"https:\/\/pracowniczademokracja.org\/"},{"@type":"ListItem","position":2,"name":"Antyfaszyzm po 11 listopada: co dalej?"}]},{"@type":"WebSite","@id":"https:\/\/pracowniczademokracja.org\/#website","url":"https:\/\/pracowniczademokracja.org\/","name":"Pracownicza Demokracja","description":"","potentialAction":[{"@type":"SearchAction","target":{"@type":"EntryPoint","urlTemplate":"https:\/\/pracowniczademokracja.org\/?s={search_term_string}"},"query-input":{"@type":"PropertyValueSpecification","valueRequired":true,"valueName":"search_term_string"}}],"inLanguage":"pl-PL"},{"@type":"Person","@id":"https:\/\/pracowniczademokracja.org\/#\/schema\/person\/111010f0277257eac5a64dace1cd1ad8","name":".","url":"https:\/\/pracowniczademokracja.org\/?author=1"}]}},"_links":{"self":[{"href":"https:\/\/pracowniczademokracja.org\/index.php?rest_route=\/wp\/v2\/posts\/11289","targetHints":{"allow":["GET"]}}],"collection":[{"href":"https:\/\/pracowniczademokracja.org\/index.php?rest_route=\/wp\/v2\/posts"}],"about":[{"href":"https:\/\/pracowniczademokracja.org\/index.php?rest_route=\/wp\/v2\/types\/post"}],"author":[{"embeddable":true,"href":"https:\/\/pracowniczademokracja.org\/index.php?rest_route=\/wp\/v2\/users\/1"}],"replies":[{"embeddable":true,"href":"https:\/\/pracowniczademokracja.org\/index.php?rest_route=%2Fwp%2Fv2%2Fcomments&post=11289"}],"version-history":[{"count":2,"href":"https:\/\/pracowniczademokracja.org\/index.php?rest_route=\/wp\/v2\/posts\/11289\/revisions"}],"predecessor-version":[{"id":11307,"href":"https:\/\/pracowniczademokracja.org\/index.php?rest_route=\/wp\/v2\/posts\/11289\/revisions\/11307"}],"wp:featuredmedia":[{"embeddable":true,"href":"https:\/\/pracowniczademokracja.org\/index.php?rest_route=\/wp\/v2\/media\/11290"}],"wp:attachment":[{"href":"https:\/\/pracowniczademokracja.org\/index.php?rest_route=%2Fwp%2Fv2%2Fmedia&parent=11289"}],"wp:term":[{"taxonomy":"category","embeddable":true,"href":"https:\/\/pracowniczademokracja.org\/index.php?rest_route=%2Fwp%2Fv2%2Fcategories&post=11289"},{"taxonomy":"post_tag","embeddable":true,"href":"https:\/\/pracowniczademokracja.org\/index.php?rest_route=%2Fwp%2Fv2%2Ftags&post=11289"}],"curies":[{"name":"wp","href":"https:\/\/api.w.org\/{rel}","templated":true}]}}