{"id":11229,"date":"2025-11-01T23:59:00","date_gmt":"2025-11-01T22:59:00","guid":{"rendered":"https:\/\/pracowniczademokracja.org\/?p=11229"},"modified":"2025-11-10T23:47:33","modified_gmt":"2025-11-10T22:47:33","slug":"faszysci-precz-z-naszych-ulic-2","status":"publish","type":"post","link":"https:\/\/pracowniczademokracja.org\/?p=11229","title":{"rendered":"Faszy\u015bci precz z naszych ulic!"},"content":{"rendered":"\n<div class=\"wp-block-image\"><figure class=\"aligncenter size-large is-resized\"><img loading=\"lazy\" decoding=\"async\" src=\"https:\/\/pracowniczademokracja.org\/wp-content\/uploads\/2025\/11\/kontra.marsz_.podlosci.20241111_150606-1024x504.jpg\" alt=\"11.11.24. Zesz\u0142oroczna kontra.\" class=\"wp-image-11230\" width=\"475\" height=\"234\" srcset=\"https:\/\/pracowniczademokracja.org\/wp-content\/uploads\/2025\/11\/kontra.marsz_.podlosci.20241111_150606-1024x504.jpg 1024w, https:\/\/pracowniczademokracja.org\/wp-content\/uploads\/2025\/11\/kontra.marsz_.podlosci.20241111_150606-300x148.jpg 300w, https:\/\/pracowniczademokracja.org\/wp-content\/uploads\/2025\/11\/kontra.marsz_.podlosci.20241111_150606-150x74.jpg 150w, https:\/\/pracowniczademokracja.org\/wp-content\/uploads\/2025\/11\/kontra.marsz_.podlosci.20241111_150606-768x378.jpg 768w, https:\/\/pracowniczademokracja.org\/wp-content\/uploads\/2025\/11\/kontra.marsz_.podlosci.20241111_150606.jpg 1413w\" sizes=\"auto, (max-width: 475px) 100vw, 475px\" \/><figcaption>11.11.24. Zesz\u0142oroczna kontra.<\/figcaption><\/figure><\/div>\n\n\n\n<p style=\"font-size:16.1px\"><strong>Przyjd\u017a na kontr\u0119 przeciwko Marszowi Pod\u0142o\u015bci!<\/strong><\/p>\n\n\n\n<p><strong>Wtorek, 11 listopada 2025<\/strong><br><strong>godz. 14.00<\/strong> <br><strong>Plac Unii Lubelskiej<\/strong> <br><strong>Warszawa<\/strong><\/p>\n\n\n\n<p><strong>11 listopada ulicami Warszawy zn\u00f3w przejdzie tzw. Marsz Niepodleg\u0142o\u015bci \u2013 wydarzenie, kt\u00f3re od lat jest przykrywk\u0105 dla ruch\u00f3w skrajnie prawicowych. W praktyce marsz ten organizowany jest przez M\u0142odzie\u017c Wszechpolsk\u0105, czyli m\u0142odzie\u017c\u00f3wk\u0119 Ruchu Narodowego \u2013 partii o charakterze faszystowskim.<\/strong><\/p>\n\n\n\n<p>Liderem RN jest Krzysztof Bosak, kt\u00f3ry w koalicji z ekip\u0105 S\u0142awomira Mentzena stoi na czele skrajnie prawicowej Konfederacji. Od lat udaj\u0105 oni \u201ekonserwatyst\u00f3w\u201d w celu normalizowania swojej brunatnej polityki. W tych d\u0105\u017ceniach pomagaj\u0105 im niestety media. W tegorocznych wyborach prezydenckich Mentzen uzyska\u0142 oko\u0142o 15-procentowe poparcie, zdobywaj\u0105c prawie 3 miliony g\u0142os\u00f3w.<\/p>\n\n\n\n<p>W bloku, zwanym \u201eKolumn\u0105 Nacjonalistyczn\u0105\u201d, id\u0105 tak\u017ce inne organizacje faszystowskie, w tym Ob\u00f3z Narodowo-Radykalny (ONR) \u2013 grupa odwo\u0142uj\u0105ca si\u0119 wprost do przedwojennej organizacji o tej samej nazwie. Obecno\u015b\u0107 ONR-u i podobnych ugrupowa\u0144 to nie przypadek, lecz istota tego marszu.<\/p>\n\n\n\n<p>Na marszu rok w rok pojawiaj\u0105 si\u0119 rasistowskie transparenty. W 2024 r. widoczny by\u0142 m.in. baner z napisem: \u201eBia\u0142e kraje dla bia\u0142ych ludzi\u201d \u2013 has\u0142o jednoznacznie promuj\u0105ce ideologi\u0119 bia\u0142ej supremacji.<\/p>\n\n\n\n<p>By\u0142y wicepremier Mariusz B\u0142aszczak zapowiedzia\u0142, \u017ce Jaros\u0142aw Kaczy\u0144ski we\u017amie udzia\u0142 w Marszu Niepodleg\u0142o\u015bci 2025, a cz\u0142onkowie PiS r\u00f3wnie\u017c \u201eb\u0119d\u0105 maszerowa\u0107, bo to marsz patriot\u00f3w\u201d. To kolejny krok w normalizowaniu faszyzmu w g\u0142\u00f3wnym nurcie politycznym (<em>patrz s. 2)<\/em>.<\/p>\n\n\n\n<p>Dlatego tak wa\u017cne jest, aby sprzeciwi\u0107 si\u0119 Marszowi Pod\u0142o\u015bci. 11 listopada spotkajmy si\u0119 na kontrze. M\u00f3wimy:<\/p>\n\n\n\n<p><strong>Faszy\u015bci precz z naszych ulic!<\/strong><br><strong>Nie ma zgody na rasizm!<\/strong><br><strong>Migranci s\u0105 mile widziani!<\/strong><\/p>\n\n\n\n<p><em>Wydarzenie na Facebooku: www.facebook.com\/events\/630675966791788<\/em><\/p>\n","protected":false},"excerpt":{"rendered":"<p>Przyjd\u017a na kontr\u0119 przeciwko Marszowi Pod\u0142o\u015bci! Wtorek, 11 listopada 2025godz. 14.00 Plac Unii Lubelskiej Warszawa 11 listopada ulicami Warszawy zn\u00f3w przejdzie tzw. Marsz Niepodleg\u0142o\u015bci \u2013 wydarzenie, kt\u00f3re od lat jest przykrywk\u0105 dla ruch\u00f3w skrajnie prawicowych. W praktyce marsz ten organizowany jest przez M\u0142odzie\u017c Wszechpolsk\u0105, czyli m\u0142odzie\u017c\u00f3wk\u0119 Ruchu Narodowego \u2013 partii o charakterze faszystowskim. Liderem RN [&hellip;]<\/p>\n","protected":false},"author":1,"featured_media":11230,"comment_status":"closed","ping_status":"closed","sticky":false,"template":"","format":"standard","meta":{"footnotes":""},"categories":[342],"tags":[97],"class_list":["post-11229","post","type-post","status-publish","format-standard","has-post-thumbnail","hentry","category-gazeta-listopad-2025","tag-featured"],"yoast_head":"<!-- This site is optimized with the Yoast SEO plugin v26.7 - https:\/\/yoast.com\/wordpress\/plugins\/seo\/ -->\n<title>Faszy\u015bci precz z naszych ulic! - Pracownicza Demokracja<\/title>\n<meta name=\"robots\" content=\"index, follow, max-snippet:-1, max-image-preview:large, max-video-preview:-1\" \/>\n<link rel=\"canonical\" href=\"https:\/\/pracowniczademokracja.org\/?p=11229\" \/>\n<meta property=\"og:locale\" content=\"pl_PL\" \/>\n<meta property=\"og:type\" content=\"article\" \/>\n<meta property=\"og:title\" content=\"Faszy\u015bci precz z naszych ulic! - Pracownicza Demokracja\" \/>\n<meta property=\"og:description\" content=\"Przyjd\u017a na kontr\u0119 przeciwko Marszowi Pod\u0142o\u015bci! Wtorek, 11 listopada 2025godz. 14.00 Plac Unii Lubelskiej Warszawa 11 listopada ulicami Warszawy zn\u00f3w przejdzie tzw. Marsz Niepodleg\u0142o\u015bci \u2013 wydarzenie, kt\u00f3re od lat jest przykrywk\u0105 dla ruch\u00f3w skrajnie prawicowych. W praktyce marsz ten organizowany jest przez M\u0142odzie\u017c Wszechpolsk\u0105, czyli m\u0142odzie\u017c\u00f3wk\u0119 Ruchu Narodowego \u2013 partii o charakterze faszystowskim. Liderem RN [&hellip;]\" \/>\n<meta property=\"og:url\" content=\"https:\/\/pracowniczademokracja.org\/?p=11229\" \/>\n<meta property=\"og:site_name\" content=\"Pracownicza Demokracja\" \/>\n<meta property=\"article:published_time\" content=\"2025-11-01T22:59:00+00:00\" \/>\n<meta property=\"article:modified_time\" content=\"2025-11-10T22:47:33+00:00\" \/>\n<meta property=\"og:image\" content=\"https:\/\/pracowniczademokracja.org\/wp-content\/uploads\/2025\/11\/kontra.marsz_.podlosci.20241111_150606.jpg\" \/>\n\t<meta property=\"og:image:width\" content=\"1413\" \/>\n\t<meta property=\"og:image:height\" content=\"695\" \/>\n\t<meta property=\"og:image:type\" content=\"image\/jpeg\" \/>\n<meta name=\"author\" content=\".\" \/>\n<meta name=\"twitter:card\" content=\"summary_large_image\" \/>\n<meta name=\"twitter:label1\" content=\"Napisane przez\" \/>\n\t<meta name=\"twitter:data1\" content=\".\" \/>\n\t<meta name=\"twitter:label2\" content=\"Szacowany czas czytania\" \/>\n\t<meta name=\"twitter:data2\" content=\"1 minuta\" \/>\n<script type=\"application\/ld+json\" class=\"yoast-schema-graph\">{\"@context\":\"https:\/\/schema.org\",\"@graph\":[{\"@type\":\"Article\",\"@id\":\"https:\/\/pracowniczademokracja.org\/?p=11229#article\",\"isPartOf\":{\"@id\":\"https:\/\/pracowniczademokracja.org\/?p=11229\"},\"author\":{\"name\":\".\",\"@id\":\"https:\/\/pracowniczademokracja.org\/#\/schema\/person\/111010f0277257eac5a64dace1cd1ad8\"},\"headline\":\"Faszy\u015bci precz z naszych ulic!\",\"datePublished\":\"2025-11-01T22:59:00+00:00\",\"dateModified\":\"2025-11-10T22:47:33+00:00\",\"mainEntityOfPage\":{\"@id\":\"https:\/\/pracowniczademokracja.org\/?p=11229\"},\"wordCount\":288,\"image\":{\"@id\":\"https:\/\/pracowniczademokracja.org\/?p=11229#primaryimage\"},\"thumbnailUrl\":\"https:\/\/pracowniczademokracja.org\/wp-content\/uploads\/2025\/11\/kontra.marsz_.podlosci.20241111_150606.jpg\",\"keywords\":[\"Featured\"],\"articleSection\":[\"Gazeta - listopad 2025\"],\"inLanguage\":\"pl-PL\"},{\"@type\":\"WebPage\",\"@id\":\"https:\/\/pracowniczademokracja.org\/?p=11229\",\"url\":\"https:\/\/pracowniczademokracja.org\/?p=11229\",\"name\":\"Faszy\u015bci precz z naszych ulic! - Pracownicza Demokracja\",\"isPartOf\":{\"@id\":\"https:\/\/pracowniczademokracja.org\/#website\"},\"primaryImageOfPage\":{\"@id\":\"https:\/\/pracowniczademokracja.org\/?p=11229#primaryimage\"},\"image\":{\"@id\":\"https:\/\/pracowniczademokracja.org\/?p=11229#primaryimage\"},\"thumbnailUrl\":\"https:\/\/pracowniczademokracja.org\/wp-content\/uploads\/2025\/11\/kontra.marsz_.podlosci.20241111_150606.jpg\",\"datePublished\":\"2025-11-01T22:59:00+00:00\",\"dateModified\":\"2025-11-10T22:47:33+00:00\",\"author\":{\"@id\":\"https:\/\/pracowniczademokracja.org\/#\/schema\/person\/111010f0277257eac5a64dace1cd1ad8\"},\"breadcrumb\":{\"@id\":\"https:\/\/pracowniczademokracja.org\/?p=11229#breadcrumb\"},\"inLanguage\":\"pl-PL\",\"potentialAction\":[{\"@type\":\"ReadAction\",\"target\":[\"https:\/\/pracowniczademokracja.org\/?p=11229\"]}]},{\"@type\":\"ImageObject\",\"inLanguage\":\"pl-PL\",\"@id\":\"https:\/\/pracowniczademokracja.org\/?p=11229#primaryimage\",\"url\":\"https:\/\/pracowniczademokracja.org\/wp-content\/uploads\/2025\/11\/kontra.marsz_.podlosci.20241111_150606.jpg\",\"contentUrl\":\"https:\/\/pracowniczademokracja.org\/wp-content\/uploads\/2025\/11\/kontra.marsz_.podlosci.20241111_150606.jpg\",\"width\":1413,\"height\":695},{\"@type\":\"BreadcrumbList\",\"@id\":\"https:\/\/pracowniczademokracja.org\/?p=11229#breadcrumb\",\"itemListElement\":[{\"@type\":\"ListItem\",\"position\":1,\"name\":\"Strona g\u0142\u00f3wna\",\"item\":\"https:\/\/pracowniczademokracja.org\/\"},{\"@type\":\"ListItem\",\"position\":2,\"name\":\"Faszy\u015bci precz z naszych ulic!\"}]},{\"@type\":\"WebSite\",\"@id\":\"https:\/\/pracowniczademokracja.org\/#website\",\"url\":\"https:\/\/pracowniczademokracja.org\/\",\"name\":\"Pracownicza Demokracja\",\"description\":\"\",\"potentialAction\":[{\"@type\":\"SearchAction\",\"target\":{\"@type\":\"EntryPoint\",\"urlTemplate\":\"https:\/\/pracowniczademokracja.org\/?s={search_term_string}\"},\"query-input\":{\"@type\":\"PropertyValueSpecification\",\"valueRequired\":true,\"valueName\":\"search_term_string\"}}],\"inLanguage\":\"pl-PL\"},{\"@type\":\"Person\",\"@id\":\"https:\/\/pracowniczademokracja.org\/#\/schema\/person\/111010f0277257eac5a64dace1cd1ad8\",\"name\":\".\",\"url\":\"https:\/\/pracowniczademokracja.org\/?author=1\"}]}<\/script>\n<!-- \/ Yoast SEO plugin. -->","yoast_head_json":{"title":"Faszy\u015bci precz z naszych ulic! - Pracownicza Demokracja","robots":{"index":"index","follow":"follow","max-snippet":"max-snippet:-1","max-image-preview":"max-image-preview:large","max-video-preview":"max-video-preview:-1"},"canonical":"https:\/\/pracowniczademokracja.org\/?p=11229","og_locale":"pl_PL","og_type":"article","og_title":"Faszy\u015bci precz z naszych ulic! - Pracownicza Demokracja","og_description":"Przyjd\u017a na kontr\u0119 przeciwko Marszowi Pod\u0142o\u015bci! Wtorek, 11 listopada 2025godz. 14.00 Plac Unii Lubelskiej Warszawa 11 listopada ulicami Warszawy zn\u00f3w przejdzie tzw. Marsz Niepodleg\u0142o\u015bci \u2013 wydarzenie, kt\u00f3re od lat jest przykrywk\u0105 dla ruch\u00f3w skrajnie prawicowych. W praktyce marsz ten organizowany jest przez M\u0142odzie\u017c Wszechpolsk\u0105, czyli m\u0142odzie\u017c\u00f3wk\u0119 Ruchu Narodowego \u2013 partii o charakterze faszystowskim. Liderem RN [&hellip;]","og_url":"https:\/\/pracowniczademokracja.org\/?p=11229","og_site_name":"Pracownicza Demokracja","article_published_time":"2025-11-01T22:59:00+00:00","article_modified_time":"2025-11-10T22:47:33+00:00","og_image":[{"width":1413,"height":695,"url":"https:\/\/pracowniczademokracja.org\/wp-content\/uploads\/2025\/11\/kontra.marsz_.podlosci.20241111_150606.jpg","type":"image\/jpeg"}],"author":".","twitter_card":"summary_large_image","twitter_misc":{"Napisane przez":".","Szacowany czas czytania":"1 minuta"},"schema":{"@context":"https:\/\/schema.org","@graph":[{"@type":"Article","@id":"https:\/\/pracowniczademokracja.org\/?p=11229#article","isPartOf":{"@id":"https:\/\/pracowniczademokracja.org\/?p=11229"},"author":{"name":".","@id":"https:\/\/pracowniczademokracja.org\/#\/schema\/person\/111010f0277257eac5a64dace1cd1ad8"},"headline":"Faszy\u015bci precz z naszych ulic!","datePublished":"2025-11-01T22:59:00+00:00","dateModified":"2025-11-10T22:47:33+00:00","mainEntityOfPage":{"@id":"https:\/\/pracowniczademokracja.org\/?p=11229"},"wordCount":288,"image":{"@id":"https:\/\/pracowniczademokracja.org\/?p=11229#primaryimage"},"thumbnailUrl":"https:\/\/pracowniczademokracja.org\/wp-content\/uploads\/2025\/11\/kontra.marsz_.podlosci.20241111_150606.jpg","keywords":["Featured"],"articleSection":["Gazeta - listopad 2025"],"inLanguage":"pl-PL"},{"@type":"WebPage","@id":"https:\/\/pracowniczademokracja.org\/?p=11229","url":"https:\/\/pracowniczademokracja.org\/?p=11229","name":"Faszy\u015bci precz z naszych ulic! - Pracownicza Demokracja","isPartOf":{"@id":"https:\/\/pracowniczademokracja.org\/#website"},"primaryImageOfPage":{"@id":"https:\/\/pracowniczademokracja.org\/?p=11229#primaryimage"},"image":{"@id":"https:\/\/pracowniczademokracja.org\/?p=11229#primaryimage"},"thumbnailUrl":"https:\/\/pracowniczademokracja.org\/wp-content\/uploads\/2025\/11\/kontra.marsz_.podlosci.20241111_150606.jpg","datePublished":"2025-11-01T22:59:00+00:00","dateModified":"2025-11-10T22:47:33+00:00","author":{"@id":"https:\/\/pracowniczademokracja.org\/#\/schema\/person\/111010f0277257eac5a64dace1cd1ad8"},"breadcrumb":{"@id":"https:\/\/pracowniczademokracja.org\/?p=11229#breadcrumb"},"inLanguage":"pl-PL","potentialAction":[{"@type":"ReadAction","target":["https:\/\/pracowniczademokracja.org\/?p=11229"]}]},{"@type":"ImageObject","inLanguage":"pl-PL","@id":"https:\/\/pracowniczademokracja.org\/?p=11229#primaryimage","url":"https:\/\/pracowniczademokracja.org\/wp-content\/uploads\/2025\/11\/kontra.marsz_.podlosci.20241111_150606.jpg","contentUrl":"https:\/\/pracowniczademokracja.org\/wp-content\/uploads\/2025\/11\/kontra.marsz_.podlosci.20241111_150606.jpg","width":1413,"height":695},{"@type":"BreadcrumbList","@id":"https:\/\/pracowniczademokracja.org\/?p=11229#breadcrumb","itemListElement":[{"@type":"ListItem","position":1,"name":"Strona g\u0142\u00f3wna","item":"https:\/\/pracowniczademokracja.org\/"},{"@type":"ListItem","position":2,"name":"Faszy\u015bci precz z naszych ulic!"}]},{"@type":"WebSite","@id":"https:\/\/pracowniczademokracja.org\/#website","url":"https:\/\/pracowniczademokracja.org\/","name":"Pracownicza Demokracja","description":"","potentialAction":[{"@type":"SearchAction","target":{"@type":"EntryPoint","urlTemplate":"https:\/\/pracowniczademokracja.org\/?s={search_term_string}"},"query-input":{"@type":"PropertyValueSpecification","valueRequired":true,"valueName":"search_term_string"}}],"inLanguage":"pl-PL"},{"@type":"Person","@id":"https:\/\/pracowniczademokracja.org\/#\/schema\/person\/111010f0277257eac5a64dace1cd1ad8","name":".","url":"https:\/\/pracowniczademokracja.org\/?author=1"}]}},"_links":{"self":[{"href":"https:\/\/pracowniczademokracja.org\/index.php?rest_route=\/wp\/v2\/posts\/11229","targetHints":{"allow":["GET"]}}],"collection":[{"href":"https:\/\/pracowniczademokracja.org\/index.php?rest_route=\/wp\/v2\/posts"}],"about":[{"href":"https:\/\/pracowniczademokracja.org\/index.php?rest_route=\/wp\/v2\/types\/post"}],"author":[{"embeddable":true,"href":"https:\/\/pracowniczademokracja.org\/index.php?rest_route=\/wp\/v2\/users\/1"}],"replies":[{"embeddable":true,"href":"https:\/\/pracowniczademokracja.org\/index.php?rest_route=%2Fwp%2Fv2%2Fcomments&post=11229"}],"version-history":[{"count":1,"href":"https:\/\/pracowniczademokracja.org\/index.php?rest_route=\/wp\/v2\/posts\/11229\/revisions"}],"predecessor-version":[{"id":11231,"href":"https:\/\/pracowniczademokracja.org\/index.php?rest_route=\/wp\/v2\/posts\/11229\/revisions\/11231"}],"wp:featuredmedia":[{"embeddable":true,"href":"https:\/\/pracowniczademokracja.org\/index.php?rest_route=\/wp\/v2\/media\/11230"}],"wp:attachment":[{"href":"https:\/\/pracowniczademokracja.org\/index.php?rest_route=%2Fwp%2Fv2%2Fmedia&parent=11229"}],"wp:term":[{"taxonomy":"category","embeddable":true,"href":"https:\/\/pracowniczademokracja.org\/index.php?rest_route=%2Fwp%2Fv2%2Fcategories&post=11229"},{"taxonomy":"post_tag","embeddable":true,"href":"https:\/\/pracowniczademokracja.org\/index.php?rest_route=%2Fwp%2Fv2%2Ftags&post=11229"}],"curies":[{"name":"wp","href":"https:\/\/api.w.org\/{rel}","templated":true}]}}